{"id":43578,"date":"2022-08-11T22:27:35","date_gmt":"2022-08-11T22:27:35","guid":{"rendered":"http:\/\/elterritorialweb.com.ar\/web\/?p=43578"},"modified":"2022-08-11T23:17:19","modified_gmt":"2022-08-11T23:17:19","slug":"fernandez-quiero-vivir-en-una-argentina-integrada-donde-todos-tengamos-los-mismos-derechos","status":"publish","type":"post","link":"http:\/\/elterritorialweb.com.ar\/web\/fernandez-quiero-vivir-en-una-argentina-integrada-donde-todos-tengamos-los-mismos-derechos\/","title":{"rendered":"FERN\u00c1NDEZ: \u00abQUIERO VIVIR EN UNA ARGENTINA INTEGRADA DONDE TODOS TENGAMOS LOS MISMOS DERECHOS\u00bb"},"content":{"rendered":"\n<p>\u00abCon orgullo digo que ya hemos entregado alrededor de 55.000 viviendas y alrededor de 60.000 cr\u00e9ditos para la gente que quiere construir su propia casa, y en este momento hay alrededor de 120.000 obras de viviendas construy\u00e9ndose a los largo y ancho del pa\u00eds\u201d, afirm\u00f3 el mandatario, al tiempo que asegur\u00f3 que \u201ccontar con un techo propio es un derecho, y el Estado tiene que ayudar a acceder a ese derecho\u201d.<\/p>\n\n\n\n<p>En este sentido agreg\u00f3: \u201cNo quiero vivir en un pa\u00eds que tiene un centro rico, y dos periferias al norte y al sur. Quiero vivir en una Argentina integrada donde todos tengamos los mismos derechos y a donde todos podamos acceder a una vivienda, a la educaci\u00f3n, a la salud, sin tener que tomarnos un colectivo y viajar\u201d.<\/p>\n\n\n\n<figure class=\"wp-block-image size-large\"><a href=\"https:\/\/i0.wp.com\/elterritorialweb.com.ar\/web\/wp-content\/uploads\/2022\/08\/chaco3.jpg\"><img data-recalc-dims=\"1\" decoding=\"async\" width=\"640\" height=\"426\" data-src=\"https:\/\/i0.wp.com\/elterritorialweb.com.ar\/web\/wp-content\/uploads\/2022\/08\/chaco3.jpg?resize=640%2C426\" alt=\"\" class=\"wp-image-43582 lazyload\" data-srcset=\"https:\/\/i0.wp.com\/elterritorialweb.com.ar\/web\/wp-content\/uploads\/2022\/08\/chaco3.jpg?resize=1024%2C682 1024w, https:\/\/i0.wp.com\/elterritorialweb.com.ar\/web\/wp-content\/uploads\/2022\/08\/chaco3.jpg?resize=300%2C200 300w, https:\/\/i0.wp.com\/elterritorialweb.com.ar\/web\/wp-content\/uploads\/2022\/08\/chaco3.jpg?resize=768%2C512 768w, https:\/\/i0.wp.com\/elterritorialweb.com.ar\/web\/wp-content\/uploads\/2022\/08\/chaco3.jpg?resize=1536%2C1024 1536w, https:\/\/i0.wp.com\/elterritorialweb.com.ar\/web\/wp-content\/uploads\/2022\/08\/chaco3.jpg?w=1940 1940w, https:\/\/i0.wp.com\/elterritorialweb.com.ar\/web\/wp-content\/uploads\/2022\/08\/chaco3.jpg?w=1280 1280w\" data-sizes=\"(max-width: 640px) 100vw, 640px\" src=\"data:image\/svg+xml;base64,PHN2ZyB3aWR0aD0iMSIgaGVpZ2h0PSIxIiB4bWxucz0iaHR0cDovL3d3dy53My5vcmcvMjAwMC9zdmciPjwvc3ZnPg==\" style=\"--smush-placeholder-width: 640px; --smush-placeholder-aspect-ratio: 640\/426;\" \/><\/a><\/figure>\n\n\n\n<p>\u201cLos convoco a construir un ma\u00f1ana, a estar seguros de que la justicia social se puede lograr, y a estar convencidos que puede haber un Estado presente que los ayude\u201d, subray\u00f3 el mandatario quien estuvo acompa\u00f1ado tambi\u00e9n por el intendente local, Adalberto Delfino Papp.<\/p>\n\n\n\n<p>Por su parte el gobernador Capitanich asegur\u00f3 que \u201cno todos los gobiernos tienen la misma mirada: para algunos gobiernos centralistas, el norte no existe, y hay otros gobiernos, como el de N\u00e9stor Kirchner, el de Cristina Fern\u00e1ndez de Kirchner y el de Alberto Fern\u00e1ndez, que reivindican al Norte Grande con obras\u201d.<\/p>\n\n\n\n<p>Por su parte, el ministro de Desarrollo Territorial y H\u00e1bitat, Jorge Ferraresi, reafirm\u00f3 \u00abel compromiso con la provincia\u201d de Chaco para alcanzar las 10.000 viviendas y asegur\u00f3: \u201cNosotros en la historia siempre tuvimos un mandato que es que tenemos que tener una casa para dejar a nuestros hijos, pero venimos a proponer dejarles un pa\u00eds que les permita a ellos que este sue\u00f1o que cumplen hoy se convierta en un derecho\u201d.<\/p>\n\n\n\n<figure class=\"wp-block-image size-large\"><a href=\"https:\/\/i0.wp.com\/elterritorialweb.com.ar\/web\/wp-content\/uploads\/2022\/08\/chaco6.jpg\"><img data-recalc-dims=\"1\" decoding=\"async\" width=\"640\" height=\"426\" data-src=\"https:\/\/i0.wp.com\/elterritorialweb.com.ar\/web\/wp-content\/uploads\/2022\/08\/chaco6.jpg?resize=640%2C426\" alt=\"\" class=\"wp-image-43581 lazyload\" data-srcset=\"https:\/\/i0.wp.com\/elterritorialweb.com.ar\/web\/wp-content\/uploads\/2022\/08\/chaco6.jpg?resize=1024%2C682 1024w, https:\/\/i0.wp.com\/elterritorialweb.com.ar\/web\/wp-content\/uploads\/2022\/08\/chaco6.jpg?resize=300%2C200 300w, https:\/\/i0.wp.com\/elterritorialweb.com.ar\/web\/wp-content\/uploads\/2022\/08\/chaco6.jpg?resize=768%2C512 768w, https:\/\/i0.wp.com\/elterritorialweb.com.ar\/web\/wp-content\/uploads\/2022\/08\/chaco6.jpg?resize=1536%2C1024 1536w, https:\/\/i0.wp.com\/elterritorialweb.com.ar\/web\/wp-content\/uploads\/2022\/08\/chaco6.jpg?w=1940 1940w, https:\/\/i0.wp.com\/elterritorialweb.com.ar\/web\/wp-content\/uploads\/2022\/08\/chaco6.jpg?w=1280 1280w\" data-sizes=\"(max-width: 640px) 100vw, 640px\" src=\"data:image\/svg+xml;base64,PHN2ZyB3aWR0aD0iMSIgaGVpZ2h0PSIxIiB4bWxucz0iaHR0cDovL3d3dy53My5vcmcvMjAwMC9zdmciPjwvc3ZnPg==\" style=\"--smush-placeholder-width: 640px; --smush-placeholder-aspect-ratio: 640\/426;\" \/><\/a><\/figure>\n\n\n\n<p>Durante el acto, Ferraresi y Capitanich firmaron el Convenio de financiamiento para la construcci\u00f3n de 47 viviendas en las localidades de Margarita Bel\u00e9n y Chorotis en el marco del Programa Casa Propia &#8211; Construir Futuro, por un monto de m\u00e1s de 296 millones de pesos.<\/p>\n\n\n\n<p>En agosto, el Gobierno habr\u00e1 entregado 100 viviendas en Villa \u00c1ngela y 67 en Resistencia, que se suman a las 1.321 soluciones habitacionales que ya hab\u00edan sido otorgadas en Chaco, y a las 5.895 que se encuentran en ejecuci\u00f3n, con una inversi\u00f3n de 45.251 millones de pesos.<\/p>\n\n\n\n<p>Al tomar la palabra, el intendente Adalberto Delfino Papp agradeci\u00f3 al presidente y su gabinete por su presencia en Villa \u00c1ngela y precis\u00f3: \u201cEntregamos hoy 100 viviendas con todos los servicios y mantenemos el compromiso de seguir hasta el final de la gesti\u00f3n haciendo m\u00e1s obras para la Argentina\u201d.<\/p>\n\n\n\n<figure class=\"wp-block-image size-large\"><a href=\"https:\/\/i0.wp.com\/elterritorialweb.com.ar\/web\/wp-content\/uploads\/2022\/08\/chaco7.jpg\"><img data-recalc-dims=\"1\" decoding=\"async\" width=\"640\" height=\"426\" data-src=\"https:\/\/i0.wp.com\/elterritorialweb.com.ar\/web\/wp-content\/uploads\/2022\/08\/chaco7.jpg?resize=640%2C426\" alt=\"\" class=\"wp-image-43580 lazyload\" data-srcset=\"https:\/\/i0.wp.com\/elterritorialweb.com.ar\/web\/wp-content\/uploads\/2022\/08\/chaco7.jpg?resize=1024%2C682 1024w, https:\/\/i0.wp.com\/elterritorialweb.com.ar\/web\/wp-content\/uploads\/2022\/08\/chaco7.jpg?resize=300%2C200 300w, https:\/\/i0.wp.com\/elterritorialweb.com.ar\/web\/wp-content\/uploads\/2022\/08\/chaco7.jpg?resize=768%2C512 768w, https:\/\/i0.wp.com\/elterritorialweb.com.ar\/web\/wp-content\/uploads\/2022\/08\/chaco7.jpg?resize=1536%2C1024 1536w, https:\/\/i0.wp.com\/elterritorialweb.com.ar\/web\/wp-content\/uploads\/2022\/08\/chaco7.jpg?w=1940 1940w, https:\/\/i0.wp.com\/elterritorialweb.com.ar\/web\/wp-content\/uploads\/2022\/08\/chaco7.jpg?w=1280 1280w\" data-sizes=\"(max-width: 640px) 100vw, 640px\" src=\"data:image\/svg+xml;base64,PHN2ZyB3aWR0aD0iMSIgaGVpZ2h0PSIxIiB4bWxucz0iaHR0cDovL3d3dy53My5vcmcvMjAwMC9zdmciPjwvc3ZnPg==\" style=\"--smush-placeholder-width: 640px; --smush-placeholder-aspect-ratio: 640\/426;\" \/><\/a><\/figure>\n\n\n\n<p>Luego el mandatario se traslad\u00f3 hacia la cooperativa Tambo Chaque\u00f1o, que est\u00e1 conformada por 15 trabajadores de distintas zonas de la provincia que son beneficiarios del programa Potenciar Trabajo.<\/p>\n\n\n\n<p>Lo acompa\u00f1aron la secretaria de la Cooperativa, Viviana Mindolacio; el vicepresidente del Instituto Agricultura Familiar y Econom\u00eda Popular, Osvaldo Chiaramonte; el ingeniero en alimentos del INTA, Daniel Chiesa, y Luciano Di Tella que es el due\u00f1o de Yatasto, la firma que colabor\u00f3 en la capacitaci\u00f3n de los trabajadores y trabajadoras.<\/p>\n\n\n\n<p>La planta donde funciona Tambo Chaque\u00f1o, que produce queso, ricota y dulce de leche, es del gobierno provincial y fue otorgada en comodato a la cooperativa. Con el objetivo de superar las cadenas de intermediaci\u00f3n entre la producci\u00f3n y el consumidor, trabajan para el mercado de proximidad de Villa \u00c1ngela y buscan llegar a los pueblos del sudoeste chaque\u00f1o.<\/p>\n\n\n\n<figure class=\"wp-block-image size-large\"><a href=\"https:\/\/i0.wp.com\/elterritorialweb.com.ar\/web\/wp-content\/uploads\/2022\/08\/chaco8.jpg\"><img data-recalc-dims=\"1\" decoding=\"async\" width=\"640\" height=\"426\" data-src=\"https:\/\/i0.wp.com\/elterritorialweb.com.ar\/web\/wp-content\/uploads\/2022\/08\/chaco8.jpg?resize=640%2C426\" alt=\"\" class=\"wp-image-43579 lazyload\" data-srcset=\"https:\/\/i0.wp.com\/elterritorialweb.com.ar\/web\/wp-content\/uploads\/2022\/08\/chaco8.jpg?resize=1024%2C682 1024w, https:\/\/i0.wp.com\/elterritorialweb.com.ar\/web\/wp-content\/uploads\/2022\/08\/chaco8.jpg?resize=300%2C200 300w, https:\/\/i0.wp.com\/elterritorialweb.com.ar\/web\/wp-content\/uploads\/2022\/08\/chaco8.jpg?resize=768%2C512 768w, https:\/\/i0.wp.com\/elterritorialweb.com.ar\/web\/wp-content\/uploads\/2022\/08\/chaco8.jpg?resize=1536%2C1024 1536w, https:\/\/i0.wp.com\/elterritorialweb.com.ar\/web\/wp-content\/uploads\/2022\/08\/chaco8.jpg?w=1940 1940w, https:\/\/i0.wp.com\/elterritorialweb.com.ar\/web\/wp-content\/uploads\/2022\/08\/chaco8.jpg?w=1280 1280w\" data-sizes=\"(max-width: 640px) 100vw, 640px\" src=\"data:image\/svg+xml;base64,PHN2ZyB3aWR0aD0iMSIgaGVpZ2h0PSIxIiB4bWxucz0iaHR0cDovL3d3dy53My5vcmcvMjAwMC9zdmciPjwvc3ZnPg==\" style=\"--smush-placeholder-width: 640px; --smush-placeholder-aspect-ratio: 640\/426;\" \/><\/a><\/figure>\n\n\n\n<p>Previamente, en el camino hacia la cooperativa, el Presidente pudo supervisar el resultado de las obras del corredor vial en la Avenida Deolindo F. Bittel que se realizaron en el marco del plan Argentina Hace I y que demandaron una inversi\u00f3n de 8,6 millones de pesos.<\/p>\n","protected":false},"excerpt":{"rendered":"<p>El presidente Alberto Fern\u00e1ndez entreg\u00f3 100 viviendas y visit\u00f3 una cooperativa l\u00e1ctea en la localidad de Villa \u00c1ngela, junto al gobernador de Chaco, Jorge Capitanich, y los ministros de Desarrollo Territorial y H\u00e1bitat, Jorge Ferraresi; de Desarrollo Social, Juan Zabaleta, y de Obras P\u00fablicas, Gabriel Katopodis.<\/p>\n","protected":false},"author":2,"featured_media":43585,"comment_status":"open","ping_status":"open","sticky":false,"template":"","format":"standard","meta":{"om_disable_all_campaigns":false,"_monsterinsights_skip_tracking":false,"_monsterinsights_sitenote_active":false,"_monsterinsights_sitenote_note":"","_monsterinsights_sitenote_category":0,"_uf_show_specific_survey":0,"_uf_disable_surveys":false,"jetpack_post_was_ever_published":false,"_jetpack_newsletter_access":"","_jetpack_dont_email_post_to_subs":false,"_jetpack_newsletter_tier_id":0,"_jetpack_memberships_contains_paywalled_content":false,"_jetpack_memberships_contains_paid_content":false,"footnotes":"","jetpack_publicize_message":"","jetpack_publicize_feature_enabled":true,"jetpack_social_post_already_shared":false,"jetpack_social_options":{"image_generator_settings":{"template":"highway","default_image_id":0,"font":"","enabled":false},"version":2}},"categories":[4,18],"tags":[],"class_list":["post-43578","post","type-post","status-publish","format-standard","has-post-thumbnail","hentry","category-destacadas","category-politica"],"aioseo_notices":[],"views":6,"jetpack_publicize_connections":[],"jetpack_featured_media_url":"https:\/\/i0.wp.com\/elterritorialweb.com.ar\/web\/wp-content\/uploads\/2022\/08\/chaco5.jpg?fit=1940%2C1293","jetpack_sharing_enabled":true,"_links":{"self":[{"href":"http:\/\/elterritorialweb.com.ar\/web\/wp-json\/wp\/v2\/posts\/43578","targetHints":{"allow":["GET"]}}],"collection":[{"href":"http:\/\/elterritorialweb.com.ar\/web\/wp-json\/wp\/v2\/posts"}],"about":[{"href":"http:\/\/elterritorialweb.com.ar\/web\/wp-json\/wp\/v2\/types\/post"}],"author":[{"embeddable":true,"href":"http:\/\/elterritorialweb.com.ar\/web\/wp-json\/wp\/v2\/users\/2"}],"replies":[{"embeddable":true,"href":"http:\/\/elterritorialweb.com.ar\/web\/wp-json\/wp\/v2\/comments?post=43578"}],"version-history":[{"count":1,"href":"http:\/\/elterritorialweb.com.ar\/web\/wp-json\/wp\/v2\/posts\/43578\/revisions"}],"predecessor-version":[{"id":43586,"href":"http:\/\/elterritorialweb.com.ar\/web\/wp-json\/wp\/v2\/posts\/43578\/revisions\/43586"}],"wp:featuredmedia":[{"embeddable":true,"href":"http:\/\/elterritorialweb.com.ar\/web\/wp-json\/wp\/v2\/media\/43585"}],"wp:attachment":[{"href":"http:\/\/elterritorialweb.com.ar\/web\/wp-json\/wp\/v2\/media?parent=43578"}],"wp:term":[{"taxonomy":"category","embeddable":true,"href":"http:\/\/elterritorialweb.com.ar\/web\/wp-json\/wp\/v2\/categories?post=43578"},{"taxonomy":"post_tag","embeddable":true,"href":"http:\/\/elterritorialweb.com.ar\/web\/wp-json\/wp\/v2\/tags?post=43578"}],"curies":[{"name":"wp","href":"https:\/\/api.w.org\/{rel}","templated":true}]}}