{"id":43587,"date":"2022-08-11T22:40:16","date_gmt":"2022-08-11T22:40:16","guid":{"rendered":"http:\/\/elterritorialweb.com.ar\/web\/?p=43587"},"modified":"2022-08-11T22:40:17","modified_gmt":"2022-08-11T22:40:17","slug":"fifa-confirmo-que-el-20-de-noviembre-sera-el-partido-inaugural-del-mundial","status":"publish","type":"post","link":"http:\/\/elterritorialweb.com.ar\/web\/fifa-confirmo-que-el-20-de-noviembre-sera-el-partido-inaugural-del-mundial\/","title":{"rendered":"FIFA CONFIRM\u00d3 QUE EL 20 DE NOVIEMBRE SER\u00c1 EL PARTIDO INAUGURAL DEL MUNDIAL"},"content":{"rendered":"\n<p>El partido de apertura oficial de la Copa del mundo de f\u00fatbol de 2022 entre Qatar, pa\u00eds anfitri\u00f3n, y Ecuador, se adelantar\u00e1 un d\u00eda, por lo que tendr\u00e1 lugar el 20 de noviembre, as\u00ed public\u00f3 AFP en su despacho.<\/p>\n\n\n\n<p>La FIFA y la organizaci\u00f3n qatar\u00ed aceptaron el cambio y as\u00ed se modificar\u00e1 el partido de inauguraci\u00f3n oficial, inicialmente previsto para el 21 de noviembre despu\u00e9s del Senegal-Holanda, ya que no habr\u00eda sido el primer encuentro del d\u00eda.<\/p>\n\n\n\n<p>La decisi\u00f3n,\u00a0refrendada por el comit\u00e9 del Consejo de la FIFA antes de la cuenta atr\u00e1s de 100 d\u00edas previos al inicio del Mundial,\u00a0permitir\u00e1 retomar la tradici\u00f3n por la que el primer partido es disputado por el pa\u00eds anfitri\u00f3n.<\/p>\n\n\n\n<p>Senegal y Holanda deb\u00edan jugar el primer partido oficial en la tarde del 21 de noviembre, seguido por el partido de apertura oficial entre Qatar y Ecuador.<\/p>\n\n\n\n<p>Para los aficionados que tengan billetes para el partido del 21 de noviembre, \u00abtoda perturbaci\u00f3n ser\u00e1 gestionada de manera que el impacto sea m\u00ednimo\u00bb, declar\u00f3 a la AFP otra fuente cercana al torneo.<\/p>\n\n\n\n<p>Debido a este cambio, el Senegal-Holanda se desplazar\u00eda de las 13h00 locales (10h00 GMT) a las 19h00 locales (16h00 GMT). \u00abEs un horario mejor para los dos equipos en cuanto a la difusi\u00f3n por televisi\u00f3n y para otros sectores\u00bb, explicaron<\/p>\n","protected":false},"excerpt":{"rendered":"<p>El encuentro entre el seleccionado local y Ecuador, dirigido por Gustavo Alfaro, se adelant\u00f3 un d\u00eda, cuando originalmente se hab\u00eda dispuesto que se dispute el 21 de noviembre. La idea es que el pa\u00eds organizador abra la fiesta del f\u00fatbol.<\/p>\n","protected":false},"author":2,"featured_media":43588,"comment_status":"open","ping_status":"open","sticky":false,"template":"","format":"standard","meta":{"om_disable_all_campaigns":false,"_monsterinsights_skip_tracking":false,"_monsterinsights_sitenote_active":false,"_monsterinsights_sitenote_note":"","_monsterinsights_sitenote_category":0,"_uf_show_specific_survey":0,"_uf_disable_surveys":false,"jetpack_post_was_ever_published":false,"_jetpack_newsletter_access":"","_jetpack_dont_email_post_to_subs":false,"_jetpack_newsletter_tier_id":0,"_jetpack_memberships_contains_paywalled_content":false,"_jetpack_memberships_contains_paid_content":false,"footnotes":"","jetpack_publicize_message":"","jetpack_publicize_feature_enabled":true,"jetpack_social_post_already_shared":false,"jetpack_social_options":{"image_generator_settings":{"template":"highway","default_image_id":0,"font":"","enabled":false},"version":2}},"categories":[6],"tags":[],"class_list":["post-43587","post","type-post","status-publish","format-standard","has-post-thumbnail","hentry","category-deportes"],"aioseo_notices":[],"views":8,"jetpack_publicize_connections":[],"jetpack_featured_media_url":"https:\/\/i0.wp.com\/elterritorialweb.com.ar\/web\/wp-content\/uploads\/2022\/08\/FIFA-MUNDIAL.jpg?fit=1000%2C560","jetpack_sharing_enabled":true,"_links":{"self":[{"href":"http:\/\/elterritorialweb.com.ar\/web\/wp-json\/wp\/v2\/posts\/43587","targetHints":{"allow":["GET"]}}],"collection":[{"href":"http:\/\/elterritorialweb.com.ar\/web\/wp-json\/wp\/v2\/posts"}],"about":[{"href":"http:\/\/elterritorialweb.com.ar\/web\/wp-json\/wp\/v2\/types\/post"}],"author":[{"embeddable":true,"href":"http:\/\/elterritorialweb.com.ar\/web\/wp-json\/wp\/v2\/users\/2"}],"replies":[{"embeddable":true,"href":"http:\/\/elterritorialweb.com.ar\/web\/wp-json\/wp\/v2\/comments?post=43587"}],"version-history":[{"count":1,"href":"http:\/\/elterritorialweb.com.ar\/web\/wp-json\/wp\/v2\/posts\/43587\/revisions"}],"predecessor-version":[{"id":43589,"href":"http:\/\/elterritorialweb.com.ar\/web\/wp-json\/wp\/v2\/posts\/43587\/revisions\/43589"}],"wp:featuredmedia":[{"embeddable":true,"href":"http:\/\/elterritorialweb.com.ar\/web\/wp-json\/wp\/v2\/media\/43588"}],"wp:attachment":[{"href":"http:\/\/elterritorialweb.com.ar\/web\/wp-json\/wp\/v2\/media?parent=43587"}],"wp:term":[{"taxonomy":"category","embeddable":true,"href":"http:\/\/elterritorialweb.com.ar\/web\/wp-json\/wp\/v2\/categories?post=43587"},{"taxonomy":"post_tag","embeddable":true,"href":"http:\/\/elterritorialweb.com.ar\/web\/wp-json\/wp\/v2\/tags?post=43587"}],"curies":[{"name":"wp","href":"https:\/\/api.w.org\/{rel}","templated":true}]}}