{"id":43590,"date":"2022-08-11T22:55:33","date_gmt":"2022-08-11T22:55:33","guid":{"rendered":"http:\/\/elterritorialweb.com.ar\/web\/?p=43590"},"modified":"2022-08-11T23:17:34","modified_gmt":"2022-08-11T23:17:34","slug":"el-indice-de-precios-al-consumidor-aumento-74-en-julio","status":"publish","type":"post","link":"http:\/\/elterritorialweb.com.ar\/web\/el-indice-de-precios-al-consumidor-aumento-74-en-julio\/","title":{"rendered":"EL INDICE DE PRECIOS AL CONSUMIDOR CRECI\u00d3 UN 7,4% EN JULIO"},"content":{"rendered":"\n<p>El \u00cdndice de precios al consumidor (IPC) aument\u00f3 7,4% mensual, y acumul\u00f3 en los primeros siete meses del a\u00f1o una suba del 46,2%, inform\u00f3 este jueves el Instituto Nacional de Estad\u00edstica y Censos (Indec).<\/p>\n\n\n\n<p>En la comparaci\u00f3n interanual, la inflaci\u00f3n minorista registr\u00f3 un incremento de 71%, agreg\u00f3 el organismo.<\/p>\n\n\n\n<p>La suba del 7,4% super\u00f3 a la del 6,7% que se hab\u00eda registrado en marzo, y se coinvirti\u00f3 en el registro mensual m\u00e1s alto en lo que va del a\u00f1o.<\/p>\n\n\n\n<p><strong>El rubro que present\u00f3 la mayor suba del mes fue Recreaci\u00f3n y cultura, con el 13,2%, explicada en parte por los aumentos de los servicios asociados al turismo durante el receso invernal.<\/strong><\/p>\n\n\n\n<p>Le siguieron las subas en Equipamiento y mantenimiento del hogar, con el 10,3% y en Restaurantes y hoteles, 9,8%, esta \u00faltima tambi\u00e9n comprendida en el marco del receso de invierno.<\/p>\n\n\n\n<p>Adem\u00e1s, durante julio se destacaron los incrementos de cigarrillos, en la divisi\u00f3n Bebidas alcoh\u00f3licas y tabaco con el 6,4%; de los servicios de agua y electricidad en algunas regiones del pa\u00eds, que impactaron en Vivienda, agua, electricidad, gas y otros combustibles, 4,6%; de la cuota de la medicina prepaga en la divisi\u00f3n Salud 6,8%.<\/p>\n\n\n\n<figure class=\"wp-block-embed is-type-rich is-provider-twitter wp-block-embed-twitter\"><div class=\"wp-block-embed__wrapper\">\n<blockquote class=\"twitter-tweet\" data-width=\"550\" data-dnt=\"true\"><p lang=\"es\" dir=\"ltr\"><a href=\"https:\/\/twitter.com\/hashtag\/DatoINDEC?src=hash&amp;ref_src=twsrc%5Etfw\">#DatoINDEC<\/a><br>Los precios al consumidor (<a href=\"https:\/\/twitter.com\/hashtag\/IPC?src=hash&amp;ref_src=twsrc%5Etfw\">#IPC<\/a>) subieron 7,4% en julio de 2022 respecto de junio y 71% interanual. Acumularon un alza de 46,2% en los primeros siete meses del a\u00f1o <a href=\"https:\/\/t.co\/Ac2pra6n4K\">https:\/\/t.co\/Ac2pra6n4K<\/a> <a href=\"https:\/\/t.co\/L5tIsx0LDW\">pic.twitter.com\/L5tIsx0LDW<\/a><\/p>&mdash; INDEC Argentina (@INDECArgentina) <a href=\"https:\/\/twitter.com\/INDECArgentina\/status\/1557804109033574401?ref_src=twsrc%5Etfw\">August 11, 2022<\/a><\/blockquote><script async src=\"https:\/\/platform.twitter.com\/widgets.js\" charset=\"utf-8\"><\/script>\n<\/div><\/figure>\n\n\n\n<p>En tanto, los servicios de telefon\u00eda y de conexi\u00f3n a internet, en Comunicaci\u00f3n subieron 5,5%; y de los servicios educativos de todos los niveles, en Educaci\u00f3n, 6,1%<\/p>\n\n\n\n<p>La suba de Alimentos y bebidas no alcoh\u00f3licas del 6% \u201dfue la de mayor incidencia en todas las regiones\u201d, destac\u00f3 el Indec.<\/p>\n\n\n\n<p>A nivel de las categor\u00edas,&nbsp;<strong>lider\u00f3 el alza mensual Estacionales con el 11,3%, explicada principalmente por el comportamiento de Frutas y Verduras, tub\u00e9rculos y legumbres y las mencionadas relacionadas con los servicios de turismo, seguida por IPC N\u00facleo, con un incremento del 7,3%, y los Regulados con el 4,9%.<\/strong><\/p>\n\n\n\n<p>En lo que va del a\u00f1o, la inflaci\u00f3n minorista alcanz\u00f3 al 46,2%, con alzas del 48,3% en Alimentos y Bebidas, del 56,5% en Prendas de Vestir y Calzado; 53,7% para Restaurantes y Hoteles; 48,2% en Educaci\u00f3n; 46,9% en Salud, entre otros.<\/p>\n\n\n\n<p>Esta suba del 46,2% est\u00e1 compuesta por un alza del 62,3% en los productos y servicios estacionales, del 45,4% en la Inflaci\u00f3n N\u00facleo y del 39,3% en los Regulados.<\/p>\n\n\n\n<p>Una hora antes de que el Indec diera a conocer la informaci\u00f3n, el presidente\u00a0Alberto Fern\u00e1ndez afirm\u00f3 que el Gobierno nacional dej\u00f3 \u00abtodas las paritarias abiertas para que los salarios le ganen a la inflaci\u00f3n\u00bb\u00a0y remarc\u00f3 que se est\u00e1n haciendo todos los \u00abesfuerzos para aportar a resolver el problema inflacionario\u00bb,<\/p>\n\n\n\n<p>\u00abConozco el problema, no me desentiendo.&nbsp;<strong>Argentina est\u00e1 creciendo y debemos resolver ese problema como sociedad para que el crecimiento sea equitativo<\/strong>\u00ab, dijo Fern\u00e1ndez en un acto en la localidad de Villa Angela en Chaco, donde entreg\u00f3 viviendas y recorri\u00f3 obras de pavimentaci\u00f3n y una cooperativa lechera.<\/p>\n\n\n\n<p>\u00abTenemos muchos problemas que resolver, Veo lo que pasa con los precios y me preocupa. Por eso hemos dejado todas las paritarias abiertas para que los salarios le ganen a la inflaci\u00f3n y por eso ayer anunciamos un aumento y un bono para los jubilados, par que le ganen a la inflaci\u00f3n sus ingresos\u00bb, plante\u00f3 el mandatario en su discurso.<\/p>\n","protected":false},"excerpt":{"rendered":"<p>El Instituto Nacional de Estad\u00edsticas y Censos inform\u00f3 que el indicador registr\u00f3 un aumento del 1,9% respecto de junio, y 71% interanual. Acumularon un alza de 46,2% en el primer semestre.<\/p>\n","protected":false},"author":2,"featured_media":43591,"comment_status":"open","ping_status":"open","sticky":false,"template":"","format":"standard","meta":{"om_disable_all_campaigns":false,"_monsterinsights_skip_tracking":false,"_monsterinsights_sitenote_active":false,"_monsterinsights_sitenote_note":"","_monsterinsights_sitenote_category":0,"_uf_show_specific_survey":0,"_uf_disable_surveys":false,"jetpack_post_was_ever_published":false,"_jetpack_newsletter_access":"","_jetpack_dont_email_post_to_subs":false,"_jetpack_newsletter_tier_id":0,"_jetpack_memberships_contains_paywalled_content":false,"_jetpack_memberships_contains_paid_content":false,"footnotes":"","jetpack_publicize_message":"","jetpack_publicize_feature_enabled":true,"jetpack_social_post_already_shared":false,"jetpack_social_options":{"image_generator_settings":{"template":"highway","default_image_id":0,"font":"","enabled":false},"version":2}},"categories":[4,2],"tags":[],"class_list":["post-43590","post","type-post","status-publish","format-standard","has-post-thumbnail","hentry","category-destacadas","category-economia"],"aioseo_notices":[],"views":8,"jetpack_publicize_connections":[],"jetpack_featured_media_url":"https:\/\/i0.wp.com\/elterritorialweb.com.ar\/web\/wp-content\/uploads\/2022\/08\/INFLACION.jpg?fit=600%2C399","jetpack_sharing_enabled":true,"_links":{"self":[{"href":"http:\/\/elterritorialweb.com.ar\/web\/wp-json\/wp\/v2\/posts\/43590","targetHints":{"allow":["GET"]}}],"collection":[{"href":"http:\/\/elterritorialweb.com.ar\/web\/wp-json\/wp\/v2\/posts"}],"about":[{"href":"http:\/\/elterritorialweb.com.ar\/web\/wp-json\/wp\/v2\/types\/post"}],"author":[{"embeddable":true,"href":"http:\/\/elterritorialweb.com.ar\/web\/wp-json\/wp\/v2\/users\/2"}],"replies":[{"embeddable":true,"href":"http:\/\/elterritorialweb.com.ar\/web\/wp-json\/wp\/v2\/comments?post=43590"}],"version-history":[{"count":2,"href":"http:\/\/elterritorialweb.com.ar\/web\/wp-json\/wp\/v2\/posts\/43590\/revisions"}],"predecessor-version":[{"id":43593,"href":"http:\/\/elterritorialweb.com.ar\/web\/wp-json\/wp\/v2\/posts\/43590\/revisions\/43593"}],"wp:featuredmedia":[{"embeddable":true,"href":"http:\/\/elterritorialweb.com.ar\/web\/wp-json\/wp\/v2\/media\/43591"}],"wp:attachment":[{"href":"http:\/\/elterritorialweb.com.ar\/web\/wp-json\/wp\/v2\/media?parent=43590"}],"wp:term":[{"taxonomy":"category","embeddable":true,"href":"http:\/\/elterritorialweb.com.ar\/web\/wp-json\/wp\/v2\/categories?post=43590"},{"taxonomy":"post_tag","embeddable":true,"href":"http:\/\/elterritorialweb.com.ar\/web\/wp-json\/wp\/v2\/tags?post=43590"}],"curies":[{"name":"wp","href":"https:\/\/api.w.org\/{rel}","templated":true}]}}