{"id":43606,"date":"2022-08-11T23:52:23","date_gmt":"2022-08-11T23:52:23","guid":{"rendered":"http:\/\/elterritorialweb.com.ar\/web\/?p=43606"},"modified":"2022-08-11T23:52:23","modified_gmt":"2022-08-11T23:52:23","slug":"conmocion-por-la-muerte-de-cinco-bebes-en-el-hospital-materno-neonatal-de-cordoba","status":"publish","type":"post","link":"http:\/\/elterritorialweb.com.ar\/web\/conmocion-por-la-muerte-de-cinco-bebes-en-el-hospital-materno-neonatal-de-cordoba\/","title":{"rendered":"CONMOCI\u00d3N POR LA MUERTE DE CINCO BEBES EN EL HOSPITAL MATERNO NEONATAL DE C\u00d3RDOBA"},"content":{"rendered":"\n<p><strong>La muerte de al menos cinco beb\u00e9s en el Hospital Materno Neonatal de C\u00f3rdoba\u00a0<\/strong>durante el mes de junio puso en alerta a la provincia. Si bien la versi\u00f3n inicial hablaba de diez, fuentes oficiales confirmaron que se trat\u00f3 de la mitad.<\/p>\n\n\n\n<p>El Ministerio de Salud provincial inici\u00f3 una investigaci\u00f3n administrativa interna ante la inusual cifra de muertes, por la cual orden\u00f3 suspender a por lo menos 40 empleados.<strong>\u00a0Las miradas est\u00e1n puestas en uno de los trabajadores en particular<\/strong>, sospechado de tener alguna responsabilidad en las muertes.<\/p>\n\n\n\n<p>La causa est\u00e1 a cargo del fiscal Ra\u00fal Garz\u00f3n, quien asegur\u00f3 que se trata de un hecho \u00abque reviste enorme gravedad\u00bb. Sin embargo, no hay imputados a pesar de las acusaciones y presentaciones de las familias.&nbsp;<strong>Los beb\u00e9s, seg\u00fan constataron, gozaban de buena salud y murieron por causas que son materia de investigaci\u00f3n.<\/strong><\/p>\n\n\n\n<p>Los allanamientos en el centro de salud permitieron secuestrar pruebas que ser\u00e1n analizadas, al igual que las autopsias de los beb\u00e9s fallecidos, para determinar&nbsp;<strong>si se trat\u00f3 de mala praxis o de un hecho intencional.<\/strong><\/p>\n\n\n\n<p>Desde la Provincia se encargaron de aclarar que hubo otros beb\u00e9s afectados, pero que sobrevivieron.<\/p>\n","protected":false},"excerpt":{"rendered":"<p>La Justicia investiga si se trat\u00f3 de un hecho intencional y ya apart\u00f3 de sus funciones a 40 empleados del centro Materno Neonatal. Sospechan de uno de los trabajadores.<\/p>\n","protected":false},"author":2,"featured_media":43607,"comment_status":"open","ping_status":"open","sticky":false,"template":"","format":"standard","meta":{"om_disable_all_campaigns":false,"_monsterinsights_skip_tracking":false,"_monsterinsights_sitenote_active":false,"_monsterinsights_sitenote_note":"","_monsterinsights_sitenote_category":0,"_uf_show_specific_survey":0,"_uf_disable_surveys":false,"jetpack_post_was_ever_published":false,"_jetpack_newsletter_access":"","_jetpack_dont_email_post_to_subs":false,"_jetpack_newsletter_tier_id":0,"_jetpack_memberships_contains_paywalled_content":false,"_jetpack_memberships_contains_paid_content":false,"footnotes":"","jetpack_publicize_message":"","jetpack_publicize_feature_enabled":true,"jetpack_social_post_already_shared":false,"jetpack_social_options":{"image_generator_settings":{"template":"highway","default_image_id":0,"font":"","enabled":false},"version":2}},"categories":[7],"tags":[],"class_list":["post-43606","post","type-post","status-publish","format-standard","has-post-thumbnail","hentry","category-nacionales"],"aioseo_notices":[],"views":12,"jetpack_publicize_connections":[],"jetpack_featured_media_url":"https:\/\/i0.wp.com\/elterritorialweb.com.ar\/web\/wp-content\/uploads\/2022\/08\/HOSPITAL-MATERNO-CORDOBA.jpg?fit=640%2C427","jetpack_sharing_enabled":true,"_links":{"self":[{"href":"http:\/\/elterritorialweb.com.ar\/web\/wp-json\/wp\/v2\/posts\/43606","targetHints":{"allow":["GET"]}}],"collection":[{"href":"http:\/\/elterritorialweb.com.ar\/web\/wp-json\/wp\/v2\/posts"}],"about":[{"href":"http:\/\/elterritorialweb.com.ar\/web\/wp-json\/wp\/v2\/types\/post"}],"author":[{"embeddable":true,"href":"http:\/\/elterritorialweb.com.ar\/web\/wp-json\/wp\/v2\/users\/2"}],"replies":[{"embeddable":true,"href":"http:\/\/elterritorialweb.com.ar\/web\/wp-json\/wp\/v2\/comments?post=43606"}],"version-history":[{"count":1,"href":"http:\/\/elterritorialweb.com.ar\/web\/wp-json\/wp\/v2\/posts\/43606\/revisions"}],"predecessor-version":[{"id":43608,"href":"http:\/\/elterritorialweb.com.ar\/web\/wp-json\/wp\/v2\/posts\/43606\/revisions\/43608"}],"wp:featuredmedia":[{"embeddable":true,"href":"http:\/\/elterritorialweb.com.ar\/web\/wp-json\/wp\/v2\/media\/43607"}],"wp:attachment":[{"href":"http:\/\/elterritorialweb.com.ar\/web\/wp-json\/wp\/v2\/media?parent=43606"}],"wp:term":[{"taxonomy":"category","embeddable":true,"href":"http:\/\/elterritorialweb.com.ar\/web\/wp-json\/wp\/v2\/categories?post=43606"},{"taxonomy":"post_tag","embeddable":true,"href":"http:\/\/elterritorialweb.com.ar\/web\/wp-json\/wp\/v2\/tags?post=43606"}],"curies":[{"name":"wp","href":"https:\/\/api.w.org\/{rel}","templated":true}]}}