{"id":43637,"date":"2022-08-13T13:53:47","date_gmt":"2022-08-13T13:53:47","guid":{"rendered":"http:\/\/elterritorialweb.com.ar\/web\/?p=43637"},"modified":"2022-08-13T15:10:47","modified_gmt":"2022-08-13T15:10:47","slug":"extienden-el-programa-cortes-cuidados-hasta-el-7-de-septiembre","status":"publish","type":"post","link":"http:\/\/elterritorialweb.com.ar\/web\/extienden-el-programa-cortes-cuidados-hasta-el-7-de-septiembre\/","title":{"rendered":"EXTIENDEN EL PROGRAMA \u00abCORTES CUIDADOS\u00bb HASTA EL 7 DE SEPTIEMBRE"},"content":{"rendered":"\n<p>La Secretar\u00eda de Comercio y las empresas frigor\u00edficas y supermercados acordaron este viernes extender&nbsp;<strong>hasta el 7 de septiembre&nbsp;<\/strong>los precios del programa \u00abCortes Cuidados\u00bb, que contempla en este per\u00edodo&nbsp;<strong>aumentos promedio del 1% para las siete variedades m\u00e1s representativos del consumo<\/strong>&nbsp;y que permiten ofrecer valores acordados por debajo de los del mercado.<\/p>\n\n\n\n<p>\u00abBuscamos recuperar el orden en los precios de la mesa de los argentinos. Gracias al compromiso y al trabajo conjunto del Gobierno nacional, la industria y las cadenas de supermercados alcanzamos este acuerdo que busca recuperar el orden en los precios\u00bb, resalt\u00f3 el secretario del \u00e1rea, Mat\u00edas Tombolini.<\/p>\n\n\n\n<figure class=\"wp-block-embed is-type-rich is-provider-twitter wp-block-embed-twitter\"><div class=\"wp-block-embed__wrapper\">\n<div class=\"embed-twitter\"><blockquote class=\"twitter-tweet\" data-width=\"550\" data-dnt=\"true\"><p lang=\"es\" dir=\"ltr\">Pod\u00e9s encontrar los 7 <a href=\"https:\/\/twitter.com\/hashtag\/CortesCuidados?src=hash&amp;ref_src=twsrc%5Etfw\">#CortesCuidados<\/a> de lunes a viernes en m\u00e1s de 1000 bocas de expendio de todo el pa\u00eds. \ud83c\udde6\ud83c\uddf7<br> <br>M\u00e1s informaci\u00f3n \ud83d\udc47<a href=\"https:\/\/t.co\/nVch2jQwIo\">https:\/\/t.co\/nVch2jQwIo<\/a> <a href=\"https:\/\/t.co\/UETNFXPeGw\">pic.twitter.com\/UETNFXPeGw<\/a><\/p>&mdash; Matias Tombolini (@matiastombolini) <a href=\"https:\/\/twitter.com\/matiastombolini\/status\/1558210774912335872?ref_src=twsrc%5Etfw\">August 12, 2022<\/a><\/blockquote><script async src=\"https:\/\/platform.twitter.com\/widgets.js\" charset=\"utf-8\"><\/script><\/div>\n<\/div><\/figure>\n\n\n\n<p>El acuerdo estar\u00e1 vigente hasta el 7 de septiembre y las partes se comprometieron \u00aba seguir trabajando para mantenerlo por un mes m\u00e1s\u00bb, agreg\u00f3 el funcionario mediante un comunicado dado a conocer tras la reuni\u00f3n.<\/p>\n\n\n\n<p><strong>\u00abTambi\u00e9n buscamos incrementar los vol\u00famenes ofrecidos y as\u00ed mejorar el abastecimiento en comercios adheridos\u00bb<\/strong>, a\u00f1adi\u00f3.<\/p>\n\n\n\n<p>As\u00ed, el Gobierno nacional garantiza la oferta para los consumidores de todo el pa\u00eds de lunes a viernes en m\u00e1s de 1.000 bocas de expendio que incluyen las grandes cadenas de supermercados Coto, Jumbo, Plaza Vea, Disco, Carrefour, Walmart, Changomas, La An\u00f3nima y D\u00eda%, las cadenas mayoristas Vital y Makro, y carnicer\u00edas adheridas a la Uni\u00f3n de la Industria C\u00e1rnica Argentina (UNICA) y al consorcio de exportadores ABC.<\/p>\n\n\n\n<p>En esta etapa de Cortes Cuidados el precio por kilo de los cortes es: tira de asado, $736; vac\u00edo, $965; matambre, $938; falda, $483; tapa de asado, $736; nalga, $1.009; y paleta, $817; mientras que para la Patagonia (cortes son hueso) se suma un diferencial de 6%.<\/p>\n\n\n\n<p>Estuvieron presentes en la reuni\u00f3n en el Sal\u00f3n Federal de la Secretar\u00eda de Comercio el presidente del Consorcio de Frigor\u00edficos Exportadores ABC, Mario Ravettino; el presidente de la Uni\u00f3n de la Industria C\u00e1rnica Argentina, Gustavo Valsangiacomo; el director Ejecutivo de la Asociaci\u00f3n de Supermercados Unidos (ASU), Juan Vasco Mart\u00ednez; y el gerente comercial de la empresa Vital, Tom\u00e1s Annoni.<\/p>\n\n\n\n<figure class=\"wp-block-image size-full is-resized\"><a href=\"https:\/\/i0.wp.com\/elterritorialweb.com.ar\/web\/wp-content\/uploads\/2022\/08\/tombolini-carne.jpg\"><img data-recalc-dims=\"1\" decoding=\"async\" data-src=\"https:\/\/i0.wp.com\/elterritorialweb.com.ar\/web\/wp-content\/uploads\/2022\/08\/tombolini-carne.jpg?resize=640%2C427\" alt=\"\" class=\"wp-image-43638 lazyload\" width=\"640\" height=\"427\" data-srcset=\"https:\/\/i0.wp.com\/elterritorialweb.com.ar\/web\/wp-content\/uploads\/2022\/08\/tombolini-carne.jpg?w=680 680w, https:\/\/i0.wp.com\/elterritorialweb.com.ar\/web\/wp-content\/uploads\/2022\/08\/tombolini-carne.jpg?resize=300%2C200 300w\" data-sizes=\"(max-width: 640px) 100vw, 640px\" src=\"data:image\/svg+xml;base64,PHN2ZyB3aWR0aD0iMSIgaGVpZ2h0PSIxIiB4bWxucz0iaHR0cDovL3d3dy53My5vcmcvMjAwMC9zdmciPjwvc3ZnPg==\" style=\"--smush-placeholder-width: 640px; --smush-placeholder-aspect-ratio: 640\/427;\" \/><\/a><\/figure>\n\n\n\n<p>Adem\u00e1s, de forma virtual participaron el presidente de la Federaci\u00f3n Argentina de Supermercados y Autoservicios (FASA), V\u00edctor Hugo Palpacelli; el presidente de la C\u00e1mara de Supermercados (CAS), Ricardo Zorz\u00f3n; el vicepresidente de la Federaci\u00f3n de Industrias Frigor\u00edficas Regionales Argentinas (FIFRA), Daniel Urc\u00eda; el gerente de Relaciones Institucionales de MAKRO, Mart\u00edn Iriarte; y el director comercial de esa entidad, Juan Manuel Zappacosta.<\/p>\n","protected":false},"excerpt":{"rendered":"<p>\u00abBuscamos recuperar el orden en los precios de la mesa de los argentinos. Gracias al compromiso y al trabajo conjunto del Gobierno nacional, la industria y los supermercados alcanzamos este acuerdo\u00bb, resalt\u00f3 el secretario de Comercio, Mat\u00edas Tombolini.<\/p>\n","protected":false},"author":2,"featured_media":43639,"comment_status":"open","ping_status":"open","sticky":false,"template":"","format":"standard","meta":{"om_disable_all_campaigns":false,"_monsterinsights_skip_tracking":false,"_monsterinsights_sitenote_active":false,"_monsterinsights_sitenote_note":"","_monsterinsights_sitenote_category":0,"_uf_show_specific_survey":0,"_uf_disable_surveys":false,"jetpack_post_was_ever_published":false,"_jetpack_newsletter_access":"","_jetpack_dont_email_post_to_subs":false,"_jetpack_newsletter_tier_id":0,"_jetpack_memberships_contains_paywalled_content":false,"_jetpack_memberships_contains_paid_content":false,"footnotes":"","jetpack_publicize_message":"","jetpack_publicize_feature_enabled":true,"jetpack_social_post_already_shared":false,"jetpack_social_options":{"image_generator_settings":{"template":"highway","default_image_id":0,"font":"","enabled":false},"version":2}},"categories":[4,2],"tags":[],"class_list":["post-43637","post","type-post","status-publish","format-standard","has-post-thumbnail","hentry","category-destacadas","category-economia"],"aioseo_notices":[],"views":8,"jetpack_publicize_connections":[],"jetpack_featured_media_url":"https:\/\/i0.wp.com\/elterritorialweb.com.ar\/web\/wp-content\/uploads\/2022\/08\/CORTES-CUIDADOS.jpg?fit=680%2C383","jetpack_sharing_enabled":true,"_links":{"self":[{"href":"http:\/\/elterritorialweb.com.ar\/web\/wp-json\/wp\/v2\/posts\/43637","targetHints":{"allow":["GET"]}}],"collection":[{"href":"http:\/\/elterritorialweb.com.ar\/web\/wp-json\/wp\/v2\/posts"}],"about":[{"href":"http:\/\/elterritorialweb.com.ar\/web\/wp-json\/wp\/v2\/types\/post"}],"author":[{"embeddable":true,"href":"http:\/\/elterritorialweb.com.ar\/web\/wp-json\/wp\/v2\/users\/2"}],"replies":[{"embeddable":true,"href":"http:\/\/elterritorialweb.com.ar\/web\/wp-json\/wp\/v2\/comments?post=43637"}],"version-history":[{"count":1,"href":"http:\/\/elterritorialweb.com.ar\/web\/wp-json\/wp\/v2\/posts\/43637\/revisions"}],"predecessor-version":[{"id":43640,"href":"http:\/\/elterritorialweb.com.ar\/web\/wp-json\/wp\/v2\/posts\/43637\/revisions\/43640"}],"wp:featuredmedia":[{"embeddable":true,"href":"http:\/\/elterritorialweb.com.ar\/web\/wp-json\/wp\/v2\/media\/43639"}],"wp:attachment":[{"href":"http:\/\/elterritorialweb.com.ar\/web\/wp-json\/wp\/v2\/media?parent=43637"}],"wp:term":[{"taxonomy":"category","embeddable":true,"href":"http:\/\/elterritorialweb.com.ar\/web\/wp-json\/wp\/v2\/categories?post=43637"},{"taxonomy":"post_tag","embeddable":true,"href":"http:\/\/elterritorialweb.com.ar\/web\/wp-json\/wp\/v2\/tags?post=43637"}],"curies":[{"name":"wp","href":"https:\/\/api.w.org\/{rel}","templated":true}]}}