{"id":43641,"date":"2022-08-13T14:17:06","date_gmt":"2022-08-13T14:17:06","guid":{"rendered":"http:\/\/elterritorialweb.com.ar\/web\/?p=43641"},"modified":"2022-08-13T15:10:38","modified_gmt":"2022-08-13T15:10:38","slug":"massa-recibio-al-embajador-de-china-para-repasar-la-agenda-economica-y-financiera-bilateral","status":"publish","type":"post","link":"http:\/\/elterritorialweb.com.ar\/web\/massa-recibio-al-embajador-de-china-para-repasar-la-agenda-economica-y-financiera-bilateral\/","title":{"rendered":"MASSA RECIBI\u00d3 AL EMBAJADOR DE CHINA PARA REPASAR LA AGENDA ECON\u00d3MICA Y FINANCIERA BILATERAL"},"content":{"rendered":"\n<p>El ministro de Econom\u00eda,\u00a0<strong>Sergio Massa<\/strong>, recibi\u00f3 en el Palacio de Hacienda al embajador de la Rep\u00fablica Popular de China,\u00a0<strong>Zhou Xiaoli<\/strong>, para repasar la agenda econ\u00f3mica y financiera bilateral y dinamizar acuerdos entre ambos pa\u00edses.<\/p>\n\n\n\n<p>Massa y Xiaoli se comprometieron a continuar trabajando para profundizar la vinculaci\u00f3n financiera a trav\u00e9s de diversos mecanismos como la\u00a0<strong>ampliaci\u00f3n del swap de divisas\u00a0<\/strong>y alentar la llegada de m\u00e1s inversiones en sectores estrat\u00e9gicos como\u00a0<strong>banca, miner\u00eda, hidrocarburos, energ\u00edas renovables, servicios, infraestructura y comunicaciones<\/strong>, as\u00ed como tambi\u00e9n agilizar la\u00a0<strong>apertura de mercados<\/strong>\u00a0para que m\u00e1s productos de las econom\u00edas regionales argentinas sean comercializados en China.<\/p>\n\n\n\n<figure class=\"wp-block-embed is-type-video is-provider-youtube wp-block-embed-youtube wp-embed-aspect-16-9 wp-has-aspect-ratio\"><div class=\"wp-block-embed__wrapper\">\n<iframe title=\"Sergio MASSA se reuni\u00f3 con el EMBAJADOR CHINO\" width=\"640\" height=\"360\" data-src=\"https:\/\/www.youtube.com\/embed\/ICiM77fM0QQ?feature=oembed\" frameborder=\"0\" allow=\"accelerometer; autoplay; clipboard-write; encrypted-media; gyroscope; picture-in-picture; web-share\" referrerpolicy=\"strict-origin-when-cross-origin\" allowfullscreen src=\"data:image\/svg+xml;base64,PHN2ZyB3aWR0aD0iMSIgaGVpZ2h0PSIxIiB4bWxucz0iaHR0cDovL3d3dy53My5vcmcvMjAwMC9zdmciPjwvc3ZnPg==\" class=\"lazyload\" data-load-mode=\"1\"><\/iframe>\n<\/div><\/figure>\n\n\n\n<p>En relaci\u00f3n a este \u00faltimo punto, si bien coincidieron en el notable incremento del comercio en los \u00faltimos 50 a\u00f1os (en el \u00faltimo trienio, el intercambio bilateral promedi\u00f3 los u$s15.000 millones),&nbsp;<strong>Massa hizo hincapi\u00e9 en la necesidad de encontrar un equilibrio en la balanza comercial<\/strong>&nbsp;(actualmente favorable para China) como punto pendiente y central de la agenda bilateral.<\/p>\n\n\n\n<p>En este sentido, puso en valor la disponibilidad estrat\u00e9gica en nuestro pa\u00eds de&nbsp;<strong>energ\u00eda, prote\u00ednas, minerales cr\u00edticos y recursos humanos<\/strong>&nbsp;como activos clave para aumentar las ventas de valor agregado argentino hacia China.<\/p>\n\n\n\n<h3 class=\"wp-block-heading\">China est\u00e1 interesada en productos argentinos de calidad<\/h3>\n\n\n\n<p>El embajador, por su parte, hizo saber que la creciente clase media china, que asciende a m\u00e1s de 500 millones de personas, est\u00e1 muy interesada en importar productos argentinos de calidad, al tiempo que mostr\u00f3 su inter\u00e9s en incrementar la cooperaci\u00f3n productiva con el fin de aumentar el stock de bienes nacionales disponibles para abastecer al mercado asi\u00e1tico.<\/p>\n\n\n\n<p>Durante el encuentro, Massa y Xiaoli coincidieron tambi\u00e9n en la voluntad de ambas naciones de articular estrategias que promuevan el desarrollo econ\u00f3mico a partir de proyectos concretos. En este sentido,&nbsp;<strong>destacaron la importancia de instrumentos bilaterales vigentes como el Acuerdo Marco de Cooperaci\u00f3n Econ\u00f3mica e Inversi\u00f3n,<\/strong>&nbsp;el Acuerdo Complementario de Cooperaci\u00f3n en Infraestructura, el Plan de Acci\u00f3n Conjunta 2019-23, as\u00ed como tambi\u00e9n las oportunidades de cooperaci\u00f3n que se abren en el marco de la Iniciativa de la Franja y la Ruta.<\/p>\n\n\n\n<p>Al respecto, adem\u00e1s de repasar el estado y el avance de las obras en ejecuci\u00f3n, dialogaron sobre la conformaci\u00f3n de un grupo de trabajo permanente con el fin de avanzar en la definici\u00f3n de proyectos prioritarios de infraestructura de inter\u00e9s mutuo, junto a otras alternativas de cooperaci\u00f3n econ\u00f3mica y comercial.<\/p>\n\n\n\n<h3 class=\"wp-block-heading\">Encuentro con la embajadora de Chile<\/h3>\n\n\n\n<p>Massa tambi\u00e9n recibi\u00f3 este viernes a la embajadora de Chile, B\u00e1rbara Figueroa. El encuentro tuvo lugar en el Ministerio de Econom\u00eda y estuvo enfocado en seguir trabajando para \u00abpotenciar la integraci\u00f3n econ\u00f3mica, energ\u00e9tica y minera para garantizar un mejor futuro para ambos pa\u00edses\u00bb.<\/p>\n\n\n\n<figure class=\"wp-block-image size-full\"><a href=\"https:\/\/i0.wp.com\/elterritorialweb.com.ar\/web\/wp-content\/uploads\/2022\/08\/image-15.png\"><img data-recalc-dims=\"1\" decoding=\"async\" width=\"640\" height=\"688\" data-src=\"https:\/\/i0.wp.com\/elterritorialweb.com.ar\/web\/wp-content\/uploads\/2022\/08\/image-15.png?resize=640%2C688\" alt=\"\" class=\"wp-image-43642 lazyload\" data-srcset=\"https:\/\/i0.wp.com\/elterritorialweb.com.ar\/web\/wp-content\/uploads\/2022\/08\/image-15.png?w=790 790w, https:\/\/i0.wp.com\/elterritorialweb.com.ar\/web\/wp-content\/uploads\/2022\/08\/image-15.png?resize=279%2C300 279w, https:\/\/i0.wp.com\/elterritorialweb.com.ar\/web\/wp-content\/uploads\/2022\/08\/image-15.png?resize=768%2C825 768w\" data-sizes=\"(max-width: 640px) 100vw, 640px\" src=\"data:image\/svg+xml;base64,PHN2ZyB3aWR0aD0iMSIgaGVpZ2h0PSIxIiB4bWxucz0iaHR0cDovL3d3dy53My5vcmcvMjAwMC9zdmciPjwvc3ZnPg==\" style=\"--smush-placeholder-width: 640px; --smush-placeholder-aspect-ratio: 640\/688;\" \/><\/a><\/figure>\n","protected":false},"excerpt":{"rendered":"<p>El ministro de Econom\u00eda recibi\u00f3 a Zhou Xiaoli en el Palacio de Hacienda. Hablaron de inversiones y miner\u00eda. El funcionario argentino remarc\u00f3 la necesidad de encontrar un equilibrio en la balanza comercial, actualmente favorable al pa\u00eds asi\u00e1tico.<\/p>\n","protected":false},"author":2,"featured_media":43643,"comment_status":"open","ping_status":"open","sticky":false,"template":"","format":"standard","meta":{"om_disable_all_campaigns":false,"_monsterinsights_skip_tracking":false,"_monsterinsights_sitenote_active":false,"_monsterinsights_sitenote_note":"","_monsterinsights_sitenote_category":0,"_uf_show_specific_survey":0,"_uf_disable_surveys":false,"jetpack_post_was_ever_published":false,"_jetpack_newsletter_access":"","_jetpack_dont_email_post_to_subs":false,"_jetpack_newsletter_tier_id":0,"_jetpack_memberships_contains_paywalled_content":false,"_jetpack_memberships_contains_paid_content":false,"footnotes":"","jetpack_publicize_message":"","jetpack_publicize_feature_enabled":true,"jetpack_social_post_already_shared":false,"jetpack_social_options":{"image_generator_settings":{"template":"highway","default_image_id":0,"font":"","enabled":false},"version":2}},"categories":[4,2],"tags":[],"class_list":["post-43641","post","type-post","status-publish","format-standard","has-post-thumbnail","hentry","category-destacadas","category-economia"],"aioseo_notices":[],"views":10,"jetpack_publicize_connections":[],"jetpack_featured_media_url":"https:\/\/i0.wp.com\/elterritorialweb.com.ar\/web\/wp-content\/uploads\/2022\/08\/MASSA-CHINA.jpg?fit=1010%2C567","jetpack_sharing_enabled":true,"_links":{"self":[{"href":"http:\/\/elterritorialweb.com.ar\/web\/wp-json\/wp\/v2\/posts\/43641","targetHints":{"allow":["GET"]}}],"collection":[{"href":"http:\/\/elterritorialweb.com.ar\/web\/wp-json\/wp\/v2\/posts"}],"about":[{"href":"http:\/\/elterritorialweb.com.ar\/web\/wp-json\/wp\/v2\/types\/post"}],"author":[{"embeddable":true,"href":"http:\/\/elterritorialweb.com.ar\/web\/wp-json\/wp\/v2\/users\/2"}],"replies":[{"embeddable":true,"href":"http:\/\/elterritorialweb.com.ar\/web\/wp-json\/wp\/v2\/comments?post=43641"}],"version-history":[{"count":1,"href":"http:\/\/elterritorialweb.com.ar\/web\/wp-json\/wp\/v2\/posts\/43641\/revisions"}],"predecessor-version":[{"id":43644,"href":"http:\/\/elterritorialweb.com.ar\/web\/wp-json\/wp\/v2\/posts\/43641\/revisions\/43644"}],"wp:featuredmedia":[{"embeddable":true,"href":"http:\/\/elterritorialweb.com.ar\/web\/wp-json\/wp\/v2\/media\/43643"}],"wp:attachment":[{"href":"http:\/\/elterritorialweb.com.ar\/web\/wp-json\/wp\/v2\/media?parent=43641"}],"wp:term":[{"taxonomy":"category","embeddable":true,"href":"http:\/\/elterritorialweb.com.ar\/web\/wp-json\/wp\/v2\/categories?post=43641"},{"taxonomy":"post_tag","embeddable":true,"href":"http:\/\/elterritorialweb.com.ar\/web\/wp-json\/wp\/v2\/tags?post=43641"}],"curies":[{"name":"wp","href":"https:\/\/api.w.org\/{rel}","templated":true}]}}