{"id":43646,"date":"2022-08-13T15:17:25","date_gmt":"2022-08-13T15:17:25","guid":{"rendered":"http:\/\/elterritorialweb.com.ar\/web\/?p=43646"},"modified":"2022-08-13T18:27:32","modified_gmt":"2022-08-13T18:27:32","slug":"preocupa-la-salud-de-ulises-bueno","status":"publish","type":"post","link":"http:\/\/elterritorialweb.com.ar\/web\/preocupa-la-salud-de-ulises-bueno\/","title":{"rendered":"PREOCUPA LA SALUD DE ULISES BUENO"},"content":{"rendered":"\n<p>El reconocido cantante cordob\u00e9s<strong>&nbsp;Ulises Bueno cont\u00f3 que debe someterse a una delicada cirug\u00eda en la que puede poner en peligro su carrera profesional.<\/strong>&nbsp;Le descubrieron n\u00f3dulos en la garganta y deber\u00e1 quit\u00e1rselos. \u201cMe cuesta mucho cantar\u201d, confes\u00f3.<\/p>\n\n\n\n<p>El cordob\u00e9s asegur\u00f3 que le descubrieron n\u00f3dulos en la garganta que se los deben sacar,&nbsp;<strong>a pesar de que la cirug\u00eda tenga otro tipo de riesgos como el tocar las cuerdas vocales, pero es necesario para poder pensar en una carrera con m\u00e1s duraci\u00f3n.<\/strong><\/p>\n\n\n\n<p>\u201cLos m\u00e9dicos me recomendaron operarme para poder seguir trabajando y esperemos que los resultados den positivo para volver a recuperar la garganta.&nbsp;<strong>Me cuesta mucho cantar, forzar la garganta porque sufro mucho dolor&nbsp;<\/strong>y trato de poner la mejor onda a mi show, y se me est\u00e1 haciendo complicado\u201d, revel\u00f3.<\/p>\n\n\n\n<h3 class=\"wp-block-heading\">Ulises Bueno se separ\u00f3 de Roc\u00edo Pardo<\/h3>\n\n\n\n<p>Por otro lado, las malas noticias en la vida de Bueno contin\u00faan porque en los \u00faltimos meses&nbsp;<strong>se separ\u00f3 de su pareja Roc\u00edo Pardo<\/strong>&nbsp;con la cual no tiene previsto volver a pesar de sus dichos. Tambi\u00e9n en el \u00faltimo lapso<strong>&nbsp;fue v\u00edctima de un millonario robo<\/strong>&nbsp;donde se llevaron pertenencias de su hermano Rodrigo, premios, dinero y camisetas de Lionel Messi, entre otras cosas.<\/p>\n\n\n\n<p>El hecho hab\u00eda ocurrido en Almenara Network en Granja de los Funes, en C\u00f3rdoba en lo que ser\u00eda su productora. A pesar del mal momento general, el cantante se mantiene positivo con la situaci\u00f3n de salud que debe afrontar.<\/p>\n","protected":false},"excerpt":{"rendered":"<p>El m\u00fasico se tendr\u00e1 que someter a cirug\u00eda que pondr\u00e1 en peligro su futuro como cantante. \u00abPienso en positivo\u00bb, expres\u00f3.<\/p>\n","protected":false},"author":2,"featured_media":43647,"comment_status":"open","ping_status":"open","sticky":false,"template":"","format":"standard","meta":{"om_disable_all_campaigns":false,"_monsterinsights_skip_tracking":false,"_monsterinsights_sitenote_active":false,"_monsterinsights_sitenote_note":"","_monsterinsights_sitenote_category":0,"_uf_show_specific_survey":0,"_uf_disable_surveys":false,"jetpack_post_was_ever_published":false,"_jetpack_newsletter_access":"","_jetpack_dont_email_post_to_subs":false,"_jetpack_newsletter_tier_id":0,"_jetpack_memberships_contains_paywalled_content":false,"_jetpack_memberships_contains_paid_content":false,"footnotes":"","jetpack_publicize_message":"","jetpack_publicize_feature_enabled":true,"jetpack_social_post_already_shared":false,"jetpack_social_options":{"image_generator_settings":{"template":"highway","default_image_id":0,"font":"","enabled":false},"version":2}},"categories":[20],"tags":[],"class_list":["post-43646","post","type-post","status-publish","format-standard","has-post-thumbnail","hentry","category-especysociales"],"aioseo_notices":[],"views":8,"jetpack_publicize_connections":[],"jetpack_featured_media_url":"https:\/\/i0.wp.com\/elterritorialweb.com.ar\/web\/wp-content\/uploads\/2022\/08\/ULISES-BUENO.jpg?fit=930%2C531","jetpack_sharing_enabled":true,"_links":{"self":[{"href":"http:\/\/elterritorialweb.com.ar\/web\/wp-json\/wp\/v2\/posts\/43646","targetHints":{"allow":["GET"]}}],"collection":[{"href":"http:\/\/elterritorialweb.com.ar\/web\/wp-json\/wp\/v2\/posts"}],"about":[{"href":"http:\/\/elterritorialweb.com.ar\/web\/wp-json\/wp\/v2\/types\/post"}],"author":[{"embeddable":true,"href":"http:\/\/elterritorialweb.com.ar\/web\/wp-json\/wp\/v2\/users\/2"}],"replies":[{"embeddable":true,"href":"http:\/\/elterritorialweb.com.ar\/web\/wp-json\/wp\/v2\/comments?post=43646"}],"version-history":[{"count":2,"href":"http:\/\/elterritorialweb.com.ar\/web\/wp-json\/wp\/v2\/posts\/43646\/revisions"}],"predecessor-version":[{"id":43650,"href":"http:\/\/elterritorialweb.com.ar\/web\/wp-json\/wp\/v2\/posts\/43646\/revisions\/43650"}],"wp:featuredmedia":[{"embeddable":true,"href":"http:\/\/elterritorialweb.com.ar\/web\/wp-json\/wp\/v2\/media\/43647"}],"wp:attachment":[{"href":"http:\/\/elterritorialweb.com.ar\/web\/wp-json\/wp\/v2\/media?parent=43646"}],"wp:term":[{"taxonomy":"category","embeddable":true,"href":"http:\/\/elterritorialweb.com.ar\/web\/wp-json\/wp\/v2\/categories?post=43646"},{"taxonomy":"post_tag","embeddable":true,"href":"http:\/\/elterritorialweb.com.ar\/web\/wp-json\/wp\/v2\/tags?post=43646"}],"curies":[{"name":"wp","href":"https:\/\/api.w.org\/{rel}","templated":true}]}}