{"id":43651,"date":"2022-08-13T18:37:03","date_gmt":"2022-08-13T18:37:03","guid":{"rendered":"http:\/\/elterritorialweb.com.ar\/web\/?p=43651"},"modified":"2022-08-13T18:38:53","modified_gmt":"2022-08-13T18:38:53","slug":"lemmens-confirmo-que-el-previaje-3-se-llevara-a-cabo-entre-octubre-y-noviembre","status":"publish","type":"post","link":"http:\/\/elterritorialweb.com.ar\/web\/lemmens-confirmo-que-el-previaje-3-se-llevara-a-cabo-entre-octubre-y-noviembre\/","title":{"rendered":"LAMMENS CONFIRM\u00d3 QUE EL PREVIAJE 3 SE LLEVAR\u00c1 A CABO ENTRE OCTUBRE Y NOVIEMBRE"},"content":{"rendered":"\n<p>El ministro de Turismo y Deportes de la Naci\u00f3n, Mat\u00edas\u00a0<strong>Lammens, <\/strong>confirm\u00f3 en\u00a0C5N\u00a0que\u00a0<strong>Previaje 3 se llevar\u00e1 a cabo entre los meses de octubre y noviembre<\/strong>. De esta forma, se vuelve a apostar por el crecimiento del sector tur\u00edstico.<\/p>\n\n\n\n<p>\u201cEste tercer Previaje terminamos anunci\u00e1ndolo para octubre y noviembre, aunque faltan ultimar detalles menores\u201d, explic\u00f3 el ministro.<\/p>\n\n\n\n<p>En la misma l\u00ednea, el funcionario remarc\u00f3 que esta iniciativa intentar\u00e1&nbsp;<strong>potenciar la temporada baja<\/strong>&nbsp;de turismo en busca de \u201cfortalecer este sector que es estrat\u00e9gico para el crecimiento de la Argentina y que lidera el crecimiento de la actividad econ\u00f3mica\u201d.<\/p>\n\n\n\n<figure class=\"wp-block-embed is-type-video is-provider-youtube wp-block-embed-youtube wp-embed-aspect-16-9 wp-has-aspect-ratio\"><div class=\"wp-block-embed__wrapper\">\n<iframe title=\"Lammens confirm\u00f3 el lanzamiento para Previaje 3 en octubre y noviembre\" width=\"640\" height=\"360\" data-src=\"https:\/\/www.youtube.com\/embed\/W5Wt9kLK2pE?feature=oembed\" frameborder=\"0\" allow=\"accelerometer; autoplay; clipboard-write; encrypted-media; gyroscope; picture-in-picture; web-share\" referrerpolicy=\"strict-origin-when-cross-origin\" allowfullscreen src=\"data:image\/svg+xml;base64,PHN2ZyB3aWR0aD0iMSIgaGVpZ2h0PSIxIiB4bWxucz0iaHR0cDovL3d3dy53My5vcmcvMjAwMC9zdmciPjwvc3ZnPg==\" class=\"lazyload\" data-load-mode=\"1\"><\/iframe>\n<\/div><\/figure>\n\n\n\n<p>Adem\u00e1s, seg\u00fan los pron\u00f3sticos, se vienen temporadas muy auspiciosas para el turismo nacional, con\u00a0<strong>\u201cun aluvi\u00f3n de turistas extranjeros\u201d.<\/strong><\/p>\n\n\n\n<p>Por otro lado, aclar\u00f3 que el motivo del atraso del anuncio tiene que ver con tiempo: \u201cEstamos terminando de definir cuestiones presupuestarias. Al no haber tenido la posibilidad de tener presupuesto a principio de a\u00f1o por lo que sucedi\u00f3 a principio de a\u00f1o, estamos terminando de definir\u201d.<\/p>\n\n\n\n<p>Por \u00faltimo, asegur\u00f3 que el turismo est\u00e1 en el tercer puesto de las industrias que han recuperado el empleo luego de la pandemia de Covid-19. \u201cEstamos creciendo mes a mes en t\u00e9rminos muy nominales. La consolidaci\u00f3n de destinos emergentes no hab\u00eda surgido en ning\u00fan otro gobierno\u201d, cont\u00f3.<\/p>\n\n\n\n<p><strong>El Previaje 3 es un programa de preventa tur\u00edstica que reintegra el 50% del valor del viaje<\/strong>, para viajar y disfrutar de todos los destinos de Argentina.<\/p>\n","protected":false},"excerpt":{"rendered":"<p>El ministro de Turismo y Deportes indic\u00f3 que solo restan ultimar detalles. La iniciativa tiene como objetivo estimular el sector tur\u00edstico durante la temporada baja.<\/p>\n","protected":false},"author":2,"featured_media":28297,"comment_status":"open","ping_status":"open","sticky":false,"template":"","format":"standard","meta":{"om_disable_all_campaigns":false,"_monsterinsights_skip_tracking":false,"_monsterinsights_sitenote_active":false,"_monsterinsights_sitenote_note":"","_monsterinsights_sitenote_category":0,"_uf_show_specific_survey":0,"_uf_disable_surveys":false,"jetpack_post_was_ever_published":false,"_jetpack_newsletter_access":"","_jetpack_dont_email_post_to_subs":false,"_jetpack_newsletter_tier_id":0,"_jetpack_memberships_contains_paywalled_content":false,"_jetpack_memberships_contains_paid_content":false,"footnotes":"","jetpack_publicize_message":"","jetpack_publicize_feature_enabled":true,"jetpack_social_post_already_shared":false,"jetpack_social_options":{"image_generator_settings":{"template":"highway","default_image_id":0,"font":"","enabled":false},"version":2}},"categories":[29],"tags":[],"class_list":["post-43651","post","type-post","status-publish","format-standard","has-post-thumbnail","hentry","category-turismo"],"aioseo_notices":[],"views":16,"jetpack_publicize_connections":[],"jetpack_featured_media_url":"https:\/\/i0.wp.com\/elterritorialweb.com.ar\/web\/wp-content\/uploads\/2021\/09\/MATIAS-LAMMENS.jpg?fit=680%2C383","jetpack_sharing_enabled":true,"_links":{"self":[{"href":"http:\/\/elterritorialweb.com.ar\/web\/wp-json\/wp\/v2\/posts\/43651","targetHints":{"allow":["GET"]}}],"collection":[{"href":"http:\/\/elterritorialweb.com.ar\/web\/wp-json\/wp\/v2\/posts"}],"about":[{"href":"http:\/\/elterritorialweb.com.ar\/web\/wp-json\/wp\/v2\/types\/post"}],"author":[{"embeddable":true,"href":"http:\/\/elterritorialweb.com.ar\/web\/wp-json\/wp\/v2\/users\/2"}],"replies":[{"embeddable":true,"href":"http:\/\/elterritorialweb.com.ar\/web\/wp-json\/wp\/v2\/comments?post=43651"}],"version-history":[{"count":2,"href":"http:\/\/elterritorialweb.com.ar\/web\/wp-json\/wp\/v2\/posts\/43651\/revisions"}],"predecessor-version":[{"id":43654,"href":"http:\/\/elterritorialweb.com.ar\/web\/wp-json\/wp\/v2\/posts\/43651\/revisions\/43654"}],"wp:featuredmedia":[{"embeddable":true,"href":"http:\/\/elterritorialweb.com.ar\/web\/wp-json\/wp\/v2\/media\/28297"}],"wp:attachment":[{"href":"http:\/\/elterritorialweb.com.ar\/web\/wp-json\/wp\/v2\/media?parent=43651"}],"wp:term":[{"taxonomy":"category","embeddable":true,"href":"http:\/\/elterritorialweb.com.ar\/web\/wp-json\/wp\/v2\/categories?post=43651"},{"taxonomy":"post_tag","embeddable":true,"href":"http:\/\/elterritorialweb.com.ar\/web\/wp-json\/wp\/v2\/tags?post=43651"}],"curies":[{"name":"wp","href":"https:\/\/api.w.org\/{rel}","templated":true}]}}