{"id":43655,"date":"2022-08-13T22:13:46","date_gmt":"2022-08-13T22:13:46","guid":{"rendered":"http:\/\/elterritorialweb.com.ar\/web\/?p=43655"},"modified":"2022-08-13T22:13:46","modified_gmt":"2022-08-13T22:13:46","slug":"fuentes-recibio-una-distincion-en-el-congreso-de-la-nacion","status":"publish","type":"post","link":"http:\/\/elterritorialweb.com.ar\/web\/fuentes-recibio-una-distincion-en-el-congreso-de-la-nacion\/","title":{"rendered":"FUENTES RECIBI\u00d3 UNA DISTINCI\u00d3N EN EL CONGRESO DE LA NACI\u00d3N"},"content":{"rendered":"\n<p>El acto de entrega se desarroll\u00f3 en el sal\u00f3n de los Pasos Perdidos de la Honorable C\u00e1mara de Diputados de la Naci\u00f3n de la Rep\u00fablica Argentina, y estuvo encabezada por el presidente de la Federaci\u00f3n Argentina de Municipios, Fernando Espinoza, acompa\u00f1ado por el titular del Ente Nacional de Obras H\u00eddricas de Saneamiento (ENOHSA), Enrique Cresto.<\/p>\n\n\n\n<p>La distinci\u00f3n se confiere a aquellos representantes de los gobiernos locales, legisladores, empresarios y profesionales como reconocimiento al aporte a la integraci\u00f3n de la Argentina en el mundo como \u201cL\u00edder para el Desarrollo\u201d.<\/p>\n\n\n\n<p>Este reconocimiento forma parte del Programa de Apoyo a las Iniciativas de los Gobiernos Locales, y es entregada en forma conjunta por la Federaci\u00f3n Argentina de Municipios (FAM), la Federaci\u00f3n Latinoamericana de Ciudades, Municipios y Asociaciones de Gobiernos Locales (Flacma),y el Senado de la Naci\u00f3n.<\/p>\n\n\n\n<p>Las distinciones llevan como nombre, Dr. Enrique Tom\u00e1s Cresto, (abuelo del presidente de ENOHSA), en honor al ex gobernador de la provincia de Entre R\u00edos entre los a\u00f1os 1973-1976, y que fuera pionero de la integraci\u00f3n regional.<\/p>\n","protected":false},"excerpt":{"rendered":"<p>La intendente de la Capital, Ing. Norma Fuentes, fue reconocida con la distinci\u00f3n \u201cLideres para el Desarrollo Integral para Latinoam\u00e9rica, Gobernador Enrique Tom\u00e1s Cresto\u201d, por su trayectoria y el enfoque innovador de sus acciones como aportes al bienestar de la comunidad.<\/p>\n","protected":false},"author":2,"featured_media":43656,"comment_status":"open","ping_status":"open","sticky":false,"template":"","format":"standard","meta":{"om_disable_all_campaigns":false,"_monsterinsights_skip_tracking":false,"_monsterinsights_sitenote_active":false,"_monsterinsights_sitenote_note":"","_monsterinsights_sitenote_category":0,"_uf_show_specific_survey":0,"_uf_disable_surveys":false,"jetpack_post_was_ever_published":false,"_jetpack_newsletter_access":"","_jetpack_dont_email_post_to_subs":false,"_jetpack_newsletter_tier_id":0,"_jetpack_memberships_contains_paywalled_content":false,"_jetpack_memberships_contains_paid_content":false,"footnotes":"","jetpack_publicize_message":"","jetpack_publicize_feature_enabled":true,"jetpack_social_post_already_shared":false,"jetpack_social_options":{"image_generator_settings":{"template":"highway","default_image_id":0,"font":"","enabled":false},"version":2}},"categories":[21],"tags":[],"class_list":["post-43655","post","type-post","status-publish","format-standard","has-post-thumbnail","hentry","category-locales"],"aioseo_notices":[],"views":6,"jetpack_publicize_connections":[],"jetpack_featured_media_url":"https:\/\/i0.wp.com\/elterritorialweb.com.ar\/web\/wp-content\/uploads\/2022\/08\/Intendente-Congreso.jpeg?fit=1600%2C1068","jetpack_sharing_enabled":true,"_links":{"self":[{"href":"http:\/\/elterritorialweb.com.ar\/web\/wp-json\/wp\/v2\/posts\/43655","targetHints":{"allow":["GET"]}}],"collection":[{"href":"http:\/\/elterritorialweb.com.ar\/web\/wp-json\/wp\/v2\/posts"}],"about":[{"href":"http:\/\/elterritorialweb.com.ar\/web\/wp-json\/wp\/v2\/types\/post"}],"author":[{"embeddable":true,"href":"http:\/\/elterritorialweb.com.ar\/web\/wp-json\/wp\/v2\/users\/2"}],"replies":[{"embeddable":true,"href":"http:\/\/elterritorialweb.com.ar\/web\/wp-json\/wp\/v2\/comments?post=43655"}],"version-history":[{"count":1,"href":"http:\/\/elterritorialweb.com.ar\/web\/wp-json\/wp\/v2\/posts\/43655\/revisions"}],"predecessor-version":[{"id":43657,"href":"http:\/\/elterritorialweb.com.ar\/web\/wp-json\/wp\/v2\/posts\/43655\/revisions\/43657"}],"wp:featuredmedia":[{"embeddable":true,"href":"http:\/\/elterritorialweb.com.ar\/web\/wp-json\/wp\/v2\/media\/43656"}],"wp:attachment":[{"href":"http:\/\/elterritorialweb.com.ar\/web\/wp-json\/wp\/v2\/media?parent=43655"}],"wp:term":[{"taxonomy":"category","embeddable":true,"href":"http:\/\/elterritorialweb.com.ar\/web\/wp-json\/wp\/v2\/categories?post=43655"},{"taxonomy":"post_tag","embeddable":true,"href":"http:\/\/elterritorialweb.com.ar\/web\/wp-json\/wp\/v2\/tags?post=43655"}],"curies":[{"name":"wp","href":"https:\/\/api.w.org\/{rel}","templated":true}]}}