{"id":43658,"date":"2022-08-13T22:21:16","date_gmt":"2022-08-13T22:21:16","guid":{"rendered":"http:\/\/elterritorialweb.com.ar\/web\/?p=43658"},"modified":"2022-08-13T22:21:16","modified_gmt":"2022-08-13T22:21:16","slug":"la-municipalidad-comunico-que-la-recoleccion-de-residuos-sera-normal-el-feriado-del-lunes","status":"publish","type":"post","link":"http:\/\/elterritorialweb.com.ar\/web\/la-municipalidad-comunico-que-la-recoleccion-de-residuos-sera-normal-el-feriado-del-lunes\/","title":{"rendered":"LA MUNICIPALIDAD COMUNIC\u00d3 QUE LA RECOLECCI\u00d3N DE RESIDUOS SER\u00c1 NORMAL EL FERIADO DEL LUNES"},"content":{"rendered":"\n<p>Por ello, los empleados de la Direcci\u00f3n de Servicios Urbanos cumplir\u00e1n con el recorrido por los barrios de acuerdo al cronograma establecido, que prev\u00e9 el retiro de los desechos domiciliarios los d\u00edas lunes, mi\u00e9rcoles y viernes en los horarios, tanto para los turnos ma\u00f1ana, partir de las 7 de la ma\u00f1ana, y por la tarde, desde las 16.<\/p>\n","protected":false},"excerpt":{"rendered":"<p>La Municipalidad de la Capital comunic\u00f3 que el lunes 15 de agosto feriado adelantado por la conmemoraci\u00f3n del Paso a la Inmortalidad del General Jos\u00e9 de San Mart\u00edn, el servicio de recolecci\u00f3n de residuos domiciliario en toda la ciudad funcionar\u00e1 de manera habitual.<\/p>\n","protected":false},"author":2,"featured_media":43659,"comment_status":"open","ping_status":"open","sticky":false,"template":"","format":"standard","meta":{"om_disable_all_campaigns":false,"_monsterinsights_skip_tracking":false,"_monsterinsights_sitenote_active":false,"_monsterinsights_sitenote_note":"","_monsterinsights_sitenote_category":0,"_uf_show_specific_survey":0,"_uf_disable_surveys":false,"jetpack_post_was_ever_published":false,"_jetpack_newsletter_access":"","_jetpack_dont_email_post_to_subs":false,"_jetpack_newsletter_tier_id":0,"_jetpack_memberships_contains_paywalled_content":false,"_jetpack_memberships_contains_paid_content":false,"footnotes":"","jetpack_publicize_message":"","jetpack_publicize_feature_enabled":true,"jetpack_social_post_already_shared":false,"jetpack_social_options":{"image_generator_settings":{"template":"highway","default_image_id":0,"font":"","enabled":false},"version":2}},"categories":[21],"tags":[],"class_list":["post-43658","post","type-post","status-publish","format-standard","has-post-thumbnail","hentry","category-locales"],"aioseo_notices":[],"views":6,"jetpack_publicize_connections":[],"jetpack_featured_media_url":"https:\/\/i0.wp.com\/elterritorialweb.com.ar\/web\/wp-content\/uploads\/2022\/08\/recoleccion-dias-feriados.jpg?fit=1200%2C1210","jetpack_sharing_enabled":true,"_links":{"self":[{"href":"http:\/\/elterritorialweb.com.ar\/web\/wp-json\/wp\/v2\/posts\/43658","targetHints":{"allow":["GET"]}}],"collection":[{"href":"http:\/\/elterritorialweb.com.ar\/web\/wp-json\/wp\/v2\/posts"}],"about":[{"href":"http:\/\/elterritorialweb.com.ar\/web\/wp-json\/wp\/v2\/types\/post"}],"author":[{"embeddable":true,"href":"http:\/\/elterritorialweb.com.ar\/web\/wp-json\/wp\/v2\/users\/2"}],"replies":[{"embeddable":true,"href":"http:\/\/elterritorialweb.com.ar\/web\/wp-json\/wp\/v2\/comments?post=43658"}],"version-history":[{"count":1,"href":"http:\/\/elterritorialweb.com.ar\/web\/wp-json\/wp\/v2\/posts\/43658\/revisions"}],"predecessor-version":[{"id":43660,"href":"http:\/\/elterritorialweb.com.ar\/web\/wp-json\/wp\/v2\/posts\/43658\/revisions\/43660"}],"wp:featuredmedia":[{"embeddable":true,"href":"http:\/\/elterritorialweb.com.ar\/web\/wp-json\/wp\/v2\/media\/43659"}],"wp:attachment":[{"href":"http:\/\/elterritorialweb.com.ar\/web\/wp-json\/wp\/v2\/media?parent=43658"}],"wp:term":[{"taxonomy":"category","embeddable":true,"href":"http:\/\/elterritorialweb.com.ar\/web\/wp-json\/wp\/v2\/categories?post=43658"},{"taxonomy":"post_tag","embeddable":true,"href":"http:\/\/elterritorialweb.com.ar\/web\/wp-json\/wp\/v2\/tags?post=43658"}],"curies":[{"name":"wp","href":"https:\/\/api.w.org\/{rel}","templated":true}]}}