{"id":43661,"date":"2022-08-13T22:41:34","date_gmt":"2022-08-13T22:41:34","guid":{"rendered":"http:\/\/elterritorialweb.com.ar\/web\/?p=43661"},"modified":"2022-08-13T22:41:34","modified_gmt":"2022-08-13T22:41:34","slug":"alerta-banda-y-turismo-participan-activamente-en-la-fiesta-de-la-abuela-carabajal","status":"publish","type":"post","link":"http:\/\/elterritorialweb.com.ar\/web\/alerta-banda-y-turismo-participan-activamente-en-la-fiesta-de-la-abuela-carabajal\/","title":{"rendered":"ALERTA BANDA Y TURISMO PARTICIPAN ACTIVAMENTE EN LA \u00abFIESTA DE LA ABUELA CARABAJAL\u00bb"},"content":{"rendered":"\n<p>Tal como fue anunciado, la Municipalidad de la ciudad de La Banda acompa\u00f1a una de las festividades tradicionales del barrio Los Lagos organizada por la reconocida familia Carabajal que este a\u00f1o tendr\u00e1 lugar entre el viernes 12 y el domingo 14 atrayendo a una gran cantidad de turistas que buscan participar de las costumbres y tradiciones santiague\u00f1as.<\/p>\n\n\n\n<figure class=\"wp-block-image size-large\"><a href=\"https:\/\/i0.wp.com\/elterritorialweb.com.ar\/web\/wp-content\/uploads\/2022\/08\/WhatsApp-Image-2022-08-13-at-8.26.12-PM.jpeg\"><img data-recalc-dims=\"1\" decoding=\"async\" width=\"640\" height=\"360\" data-src=\"https:\/\/i0.wp.com\/elterritorialweb.com.ar\/web\/wp-content\/uploads\/2022\/08\/WhatsApp-Image-2022-08-13-at-8.26.12-PM.jpeg?resize=640%2C360\" alt=\"\" class=\"wp-image-43665 lazyload\" data-srcset=\"https:\/\/i0.wp.com\/elterritorialweb.com.ar\/web\/wp-content\/uploads\/2022\/08\/WhatsApp-Image-2022-08-13-at-8.26.12-PM.jpeg?resize=1024%2C576 1024w, https:\/\/i0.wp.com\/elterritorialweb.com.ar\/web\/wp-content\/uploads\/2022\/08\/WhatsApp-Image-2022-08-13-at-8.26.12-PM.jpeg?resize=300%2C169 300w, https:\/\/i0.wp.com\/elterritorialweb.com.ar\/web\/wp-content\/uploads\/2022\/08\/WhatsApp-Image-2022-08-13-at-8.26.12-PM.jpeg?resize=768%2C432 768w, https:\/\/i0.wp.com\/elterritorialweb.com.ar\/web\/wp-content\/uploads\/2022\/08\/WhatsApp-Image-2022-08-13-at-8.26.12-PM.jpeg?w=1280 1280w\" data-sizes=\"(max-width: 640px) 100vw, 640px\" src=\"data:image\/svg+xml;base64,PHN2ZyB3aWR0aD0iMSIgaGVpZ2h0PSIxIiB4bWxucz0iaHR0cDovL3d3dy53My5vcmcvMjAwMC9zdmciPjwvc3ZnPg==\" style=\"--smush-placeholder-width: 640px; --smush-placeholder-aspect-ratio: 640\/360;\" \/><\/a><\/figure>\n\n\n\n<p>Por tal motivo, el Sistema de Seguridad Municipal \u201cAlerta Banda\u201d instal\u00f3 un sistema\u00a0 de circuito cerrado que consta de 11 c\u00e1maras fijas y un domo PTZ de alta calidad con una distribuci\u00f3n estrat\u00e9gica, con el fin de vigilar y prevenir los hechos delictivos durante el desarrollo del evento. Adem\u00e1s el sistema de monitoreo trabaja complementariamente con el personal de guardia urbana y de salud que se desplazan por toda el \u00e1rea.<\/p>\n\n\n\n<figure class=\"wp-block-image size-large\"><a href=\"https:\/\/i0.wp.com\/elterritorialweb.com.ar\/web\/wp-content\/uploads\/2022\/08\/WhatsApp-Image-2022-08-13-at-8.26.30-PM.jpeg\"><img data-recalc-dims=\"1\" decoding=\"async\" width=\"640\" height=\"360\" data-src=\"https:\/\/i0.wp.com\/elterritorialweb.com.ar\/web\/wp-content\/uploads\/2022\/08\/WhatsApp-Image-2022-08-13-at-8.26.30-PM.jpeg?resize=640%2C360\" alt=\"\" class=\"wp-image-43664 lazyload\" data-srcset=\"https:\/\/i0.wp.com\/elterritorialweb.com.ar\/web\/wp-content\/uploads\/2022\/08\/WhatsApp-Image-2022-08-13-at-8.26.30-PM.jpeg?resize=1024%2C576 1024w, https:\/\/i0.wp.com\/elterritorialweb.com.ar\/web\/wp-content\/uploads\/2022\/08\/WhatsApp-Image-2022-08-13-at-8.26.30-PM.jpeg?resize=300%2C169 300w, https:\/\/i0.wp.com\/elterritorialweb.com.ar\/web\/wp-content\/uploads\/2022\/08\/WhatsApp-Image-2022-08-13-at-8.26.30-PM.jpeg?resize=768%2C432 768w, https:\/\/i0.wp.com\/elterritorialweb.com.ar\/web\/wp-content\/uploads\/2022\/08\/WhatsApp-Image-2022-08-13-at-8.26.30-PM.jpeg?w=1280 1280w\" data-sizes=\"(max-width: 640px) 100vw, 640px\" src=\"data:image\/svg+xml;base64,PHN2ZyB3aWR0aD0iMSIgaGVpZ2h0PSIxIiB4bWxucz0iaHR0cDovL3d3dy53My5vcmcvMjAwMC9zdmciPjwvc3ZnPg==\" style=\"--smush-placeholder-width: 640px; --smush-placeholder-aspect-ratio: 640\/360;\" \/><\/a><\/figure>\n\n\n\n<p>Asimismo, la Direcci\u00f3n de Turismo participa con la presentaci\u00f3n de una feria ubicada en el denominado \u00abPredio de los silos\u00bb en donde artesanos y emprendedores ofrecen una amplia variedad de productos regionales.<br>Adem\u00e1s, de la presentaci\u00f3n de m\u00fasica en vivo con una gran cantidad de exponentes de la m\u00fasica folclorica de la ciudad.<\/p>\n","protected":false},"excerpt":{"rendered":"<p>La Municipalidad de La Banda a trav\u00e9s de la Direcci\u00f3n de Turismo y Alerta Banda participa activamente en la \u00abFiesta de La abuela Carabajal\u00bb que se desarrollar\u00e1 durante este fin de semana en el barrio Los Lagos.<\/p>\n","protected":false},"author":2,"featured_media":43666,"comment_status":"open","ping_status":"open","sticky":false,"template":"","format":"standard","meta":{"om_disable_all_campaigns":false,"_monsterinsights_skip_tracking":false,"_monsterinsights_sitenote_active":false,"_monsterinsights_sitenote_note":"","_monsterinsights_sitenote_category":0,"_uf_show_specific_survey":0,"_uf_disable_surveys":false,"jetpack_post_was_ever_published":false,"_jetpack_newsletter_access":"","_jetpack_dont_email_post_to_subs":false,"_jetpack_newsletter_tier_id":0,"_jetpack_memberships_contains_paywalled_content":false,"_jetpack_memberships_contains_paid_content":false,"footnotes":"","jetpack_publicize_message":"","jetpack_publicize_feature_enabled":true,"jetpack_social_post_already_shared":false,"jetpack_social_options":{"image_generator_settings":{"template":"highway","default_image_id":0,"font":"","enabled":false},"version":2}},"categories":[21],"tags":[],"class_list":["post-43661","post","type-post","status-publish","format-standard","has-post-thumbnail","hentry","category-locales"],"aioseo_notices":[],"views":9,"jetpack_publicize_connections":[],"jetpack_featured_media_url":"https:\/\/i0.wp.com\/elterritorialweb.com.ar\/web\/wp-content\/uploads\/2022\/08\/WhatsApp-Image-2022-08-13-at-8.25.59-PM.jpeg?fit=682%2C393","jetpack_sharing_enabled":true,"_links":{"self":[{"href":"http:\/\/elterritorialweb.com.ar\/web\/wp-json\/wp\/v2\/posts\/43661","targetHints":{"allow":["GET"]}}],"collection":[{"href":"http:\/\/elterritorialweb.com.ar\/web\/wp-json\/wp\/v2\/posts"}],"about":[{"href":"http:\/\/elterritorialweb.com.ar\/web\/wp-json\/wp\/v2\/types\/post"}],"author":[{"embeddable":true,"href":"http:\/\/elterritorialweb.com.ar\/web\/wp-json\/wp\/v2\/users\/2"}],"replies":[{"embeddable":true,"href":"http:\/\/elterritorialweb.com.ar\/web\/wp-json\/wp\/v2\/comments?post=43661"}],"version-history":[{"count":1,"href":"http:\/\/elterritorialweb.com.ar\/web\/wp-json\/wp\/v2\/posts\/43661\/revisions"}],"predecessor-version":[{"id":43667,"href":"http:\/\/elterritorialweb.com.ar\/web\/wp-json\/wp\/v2\/posts\/43661\/revisions\/43667"}],"wp:featuredmedia":[{"embeddable":true,"href":"http:\/\/elterritorialweb.com.ar\/web\/wp-json\/wp\/v2\/media\/43666"}],"wp:attachment":[{"href":"http:\/\/elterritorialweb.com.ar\/web\/wp-json\/wp\/v2\/media?parent=43661"}],"wp:term":[{"taxonomy":"category","embeddable":true,"href":"http:\/\/elterritorialweb.com.ar\/web\/wp-json\/wp\/v2\/categories?post=43661"},{"taxonomy":"post_tag","embeddable":true,"href":"http:\/\/elterritorialweb.com.ar\/web\/wp-json\/wp\/v2\/tags?post=43661"}],"curies":[{"name":"wp","href":"https:\/\/api.w.org\/{rel}","templated":true}]}}