{"id":43732,"date":"2022-08-16T01:00:35","date_gmt":"2022-08-16T01:00:35","guid":{"rendered":"http:\/\/elterritorialweb.com.ar\/web\/?p=43732"},"modified":"2022-08-16T01:00:57","modified_gmt":"2022-08-16T01:00:57","slug":"mas-de-800-mil-turistas-se-movilizaron-este-fin-de-semana-largo","status":"publish","type":"post","link":"http:\/\/elterritorialweb.com.ar\/web\/mas-de-800-mil-turistas-se-movilizaron-este-fin-de-semana-largo\/","title":{"rendered":"M\u00c1S DE 800 MIL TURISTAS SE MOVILIZARON ESTE FIN DE SEMANA LARGO"},"content":{"rendered":"\n<p><strong>M\u00e1s de 800 mil turistas -un 17% m\u00e1s que en 2019- y de 1.5 millones de excursionistas se movilizaron durante el fin de semana largo de agosto, con un impacto econ\u00f3mico de $20 mil millones<\/strong>, seg\u00fan informaron desde la Confederaci\u00f3n Argentina de la Mediana Empresa (CAME).<\/p>\n\n\n\n<p>Gracias a la recuperaci\u00f3n del turismo receptivo liderada por visitantes de Uruguay y Brasil, la Ciudad de Buenos Aires, San Carlos de Bariloche, San Mart\u00edn de los Andes, Salta y los destinos de la provincia de Entre R\u00edos tuvieron un gran movimiento tur\u00edstico.<\/p>\n\n\n\n<figure class=\"wp-block-image size-large\"><a href=\"https:\/\/i0.wp.com\/elterritorialweb.com.ar\/web\/wp-content\/uploads\/2022\/08\/TERMAS-FIN-DE-LARGO.jpg\"><img data-recalc-dims=\"1\" decoding=\"async\" width=\"640\" height=\"360\" data-src=\"https:\/\/i0.wp.com\/elterritorialweb.com.ar\/web\/wp-content\/uploads\/2022\/08\/TERMAS-FIN-DE-LARGO.jpg?resize=640%2C360\" alt=\"\" class=\"wp-image-43734 lazyload\" data-srcset=\"https:\/\/i0.wp.com\/elterritorialweb.com.ar\/web\/wp-content\/uploads\/2022\/08\/TERMAS-FIN-DE-LARGO.jpg?resize=1024%2C576 1024w, https:\/\/i0.wp.com\/elterritorialweb.com.ar\/web\/wp-content\/uploads\/2022\/08\/TERMAS-FIN-DE-LARGO.jpg?resize=300%2C169 300w, https:\/\/i0.wp.com\/elterritorialweb.com.ar\/web\/wp-content\/uploads\/2022\/08\/TERMAS-FIN-DE-LARGO.jpg?resize=768%2C432 768w, https:\/\/i0.wp.com\/elterritorialweb.com.ar\/web\/wp-content\/uploads\/2022\/08\/TERMAS-FIN-DE-LARGO.jpg?resize=1536%2C864 1536w, https:\/\/i0.wp.com\/elterritorialweb.com.ar\/web\/wp-content\/uploads\/2022\/08\/TERMAS-FIN-DE-LARGO.jpg?w=2048 2048w, https:\/\/i0.wp.com\/elterritorialweb.com.ar\/web\/wp-content\/uploads\/2022\/08\/TERMAS-FIN-DE-LARGO.jpg?w=1280 1280w, https:\/\/i0.wp.com\/elterritorialweb.com.ar\/web\/wp-content\/uploads\/2022\/08\/TERMAS-FIN-DE-LARGO.jpg?w=1920 1920w\" data-sizes=\"(max-width: 640px) 100vw, 640px\" src=\"data:image\/svg+xml;base64,PHN2ZyB3aWR0aD0iMSIgaGVpZ2h0PSIxIiB4bWxucz0iaHR0cDovL3d3dy53My5vcmcvMjAwMC9zdmciPjwvc3ZnPg==\" style=\"--smush-placeholder-width: 640px; --smush-placeholder-aspect-ratio: 640\/360;\" \/><\/a><\/figure>\n\n\n\n<p>Por su parte, localidades como Cadillal (Tucum\u00e1n), San Ignacio (Misiones), Bah\u00eda Blanca (Buenos Aires), Malarg\u00fce (Mendoza), el Gran San Juan, Villa Mercedes (San Luis), Rosario (Santa Fe) y las capitales de Santiago del Estero y La Rioja tuvieron\u00a0<strong>ocupaci\u00f3n plena<\/strong>.<\/p>\n\n\n\n<p><strong>\u201cEstamos cerrando otro fin de semana largo con n\u00fameros que superan por mucho a los de la prepandemia, tanto en destinos consolidados como emergentes. Lo venimos diciendo desde el verano: lo que est\u00e1 pasando en el turismo ya no es recuperaci\u00f3n, es crecimiento\u201d<\/strong>, asegur\u00f3 el ministro de Turismo y Deportes de la Naci\u00f3n, Mat\u00edas Lammens.<\/p>\n\n\n\n<p>En el mismo sentido, el presidente de la C\u00e1mara Argentina de Turismo, Gustavo Hani, asegur\u00f3:&nbsp;<strong>\u00abLos n\u00fameros de este fin de semana largo ya nos permiten hablar, en varios destinos, de una tendencia con movimiento tur\u00edstico por encima de las cifras que manej\u00e1bamos en 2019\u201d<\/strong>.<\/p>\n\n\n\n<figure class=\"wp-block-image size-large\"><a href=\"https:\/\/i0.wp.com\/elterritorialweb.com.ar\/web\/wp-content\/uploads\/2022\/08\/SANTIAGO-FINDE-LARGO.jpg\"><img data-recalc-dims=\"1\" decoding=\"async\" width=\"640\" height=\"428\" data-src=\"https:\/\/i0.wp.com\/elterritorialweb.com.ar\/web\/wp-content\/uploads\/2022\/08\/SANTIAGO-FINDE-LARGO.jpg?resize=640%2C428\" alt=\"\" class=\"wp-image-43735 lazyload\" data-srcset=\"https:\/\/i0.wp.com\/elterritorialweb.com.ar\/web\/wp-content\/uploads\/2022\/08\/SANTIAGO-FINDE-LARGO.jpg?resize=1024%2C684 1024w, https:\/\/i0.wp.com\/elterritorialweb.com.ar\/web\/wp-content\/uploads\/2022\/08\/SANTIAGO-FINDE-LARGO.jpg?resize=300%2C200 300w, https:\/\/i0.wp.com\/elterritorialweb.com.ar\/web\/wp-content\/uploads\/2022\/08\/SANTIAGO-FINDE-LARGO.jpg?resize=768%2C513 768w, https:\/\/i0.wp.com\/elterritorialweb.com.ar\/web\/wp-content\/uploads\/2022\/08\/SANTIAGO-FINDE-LARGO.jpg?resize=1536%2C1027 1536w, https:\/\/i0.wp.com\/elterritorialweb.com.ar\/web\/wp-content\/uploads\/2022\/08\/SANTIAGO-FINDE-LARGO.jpg?w=1616 1616w, https:\/\/i0.wp.com\/elterritorialweb.com.ar\/web\/wp-content\/uploads\/2022\/08\/SANTIAGO-FINDE-LARGO.jpg?w=1280 1280w\" data-sizes=\"(max-width: 640px) 100vw, 640px\" src=\"data:image\/svg+xml;base64,PHN2ZyB3aWR0aD0iMSIgaGVpZ2h0PSIxIiB4bWxucz0iaHR0cDovL3d3dy53My5vcmcvMjAwMC9zdmciPjwvc3ZnPg==\" style=\"--smush-placeholder-width: 640px; --smush-placeholder-aspect-ratio: 640\/428;\" \/><\/a><\/figure>\n\n\n\n<h3 class=\"wp-block-heading\">Las cifras de ocupaci\u00f3n tur\u00edstica en todo el pa\u00eds<\/h3>\n\n\n\n<ul class=\"wp-block-list\"><li>Salta 85%.<\/li><li>San Miguel de Tucum\u00e1n: 94%.<\/li><li>Santiago del Estero: 100%.<\/li><li>La Rioja: 100%.<\/li><li>Corrientes: 85%.<\/li><li>Santa Fe: 90%.<\/li><li>Mar del Plata: 70%.<\/li><li>Ciudad de Buenos Aires: 70%.<\/li><li>Mendoza: 91%.<\/li><li>Gran San Juan: 99%.<\/li><li>San Carlos de Bariloche: 85%.<\/li><li>Puerto Madryn: 87%.<\/li><li>Ushuaia: 85%.<\/li><\/ul>\n","protected":false},"excerpt":{"rendered":"<p>La cifra es un 17% superior a la de 2019, en la etapa prepandemia. El impacto econ\u00f3mico se calcula en unos $20 mil millones.<\/p>\n","protected":false},"author":2,"featured_media":43733,"comment_status":"open","ping_status":"open","sticky":false,"template":"","format":"standard","meta":{"om_disable_all_campaigns":false,"_monsterinsights_skip_tracking":false,"_monsterinsights_sitenote_active":false,"_monsterinsights_sitenote_note":"","_monsterinsights_sitenote_category":0,"_uf_show_specific_survey":0,"_uf_disable_surveys":false,"jetpack_post_was_ever_published":false,"_jetpack_newsletter_access":"","_jetpack_dont_email_post_to_subs":false,"_jetpack_newsletter_tier_id":0,"_jetpack_memberships_contains_paywalled_content":false,"_jetpack_memberships_contains_paid_content":false,"footnotes":"","jetpack_publicize_message":"","jetpack_publicize_feature_enabled":true,"jetpack_social_post_already_shared":false,"jetpack_social_options":{"image_generator_settings":{"template":"highway","default_image_id":0,"font":"","enabled":false},"version":2}},"categories":[4,2],"tags":[],"class_list":["post-43732","post","type-post","status-publish","format-standard","has-post-thumbnail","hentry","category-destacadas","category-economia"],"aioseo_notices":[],"views":15,"jetpack_publicize_connections":[],"jetpack_featured_media_url":"https:\/\/i0.wp.com\/elterritorialweb.com.ar\/web\/wp-content\/uploads\/2022\/08\/TURISTAS-FIN-DE-LARGO.jpg?fit=1200%2C799","jetpack_sharing_enabled":true,"_links":{"self":[{"href":"http:\/\/elterritorialweb.com.ar\/web\/wp-json\/wp\/v2\/posts\/43732","targetHints":{"allow":["GET"]}}],"collection":[{"href":"http:\/\/elterritorialweb.com.ar\/web\/wp-json\/wp\/v2\/posts"}],"about":[{"href":"http:\/\/elterritorialweb.com.ar\/web\/wp-json\/wp\/v2\/types\/post"}],"author":[{"embeddable":true,"href":"http:\/\/elterritorialweb.com.ar\/web\/wp-json\/wp\/v2\/users\/2"}],"replies":[{"embeddable":true,"href":"http:\/\/elterritorialweb.com.ar\/web\/wp-json\/wp\/v2\/comments?post=43732"}],"version-history":[{"count":1,"href":"http:\/\/elterritorialweb.com.ar\/web\/wp-json\/wp\/v2\/posts\/43732\/revisions"}],"predecessor-version":[{"id":43736,"href":"http:\/\/elterritorialweb.com.ar\/web\/wp-json\/wp\/v2\/posts\/43732\/revisions\/43736"}],"wp:featuredmedia":[{"embeddable":true,"href":"http:\/\/elterritorialweb.com.ar\/web\/wp-json\/wp\/v2\/media\/43733"}],"wp:attachment":[{"href":"http:\/\/elterritorialweb.com.ar\/web\/wp-json\/wp\/v2\/media?parent=43732"}],"wp:term":[{"taxonomy":"category","embeddable":true,"href":"http:\/\/elterritorialweb.com.ar\/web\/wp-json\/wp\/v2\/categories?post=43732"},{"taxonomy":"post_tag","embeddable":true,"href":"http:\/\/elterritorialweb.com.ar\/web\/wp-json\/wp\/v2\/tags?post=43732"}],"curies":[{"name":"wp","href":"https:\/\/api.w.org\/{rel}","templated":true}]}}