{"id":43744,"date":"2022-08-16T01:28:23","date_gmt":"2022-08-16T01:28:23","guid":{"rendered":"http:\/\/elterritorialweb.com.ar\/web\/?p=43744"},"modified":"2022-08-16T01:34:06","modified_gmt":"2022-08-16T01:34:06","slug":"se-registraron-31-198-casos-positivos-en-la-ultima-semana-en-argentina","status":"publish","type":"post","link":"http:\/\/elterritorialweb.com.ar\/web\/se-registraron-31-198-casos-positivos-en-la-ultima-semana-en-argentina\/","title":{"rendered":"SE REGISTRARON 31.198 CASOS POSITIVOS DE CORONAVIRUS EN LA ULTIMA SEMANA EN ARGENTINA"},"content":{"rendered":"\n<p>El Ministerio de Salud inform\u00f3 que\u00a0<strong>los casos de Covid-19 en Argentina bajaron por segunda semana consecutiva<\/strong>, ya que se registraron 31.198 casos, un 26,12% menos que hace siete d\u00edas,\u00a0cuando se contabilizaron 42.227.<\/p>\n\n\n\n<p>La cartera sanitaria que conduce la ministra Carla Vizzotti detall\u00f3 que\u00a0<strong>la provincia de Buenos Aires tuvo 8.843 positivos.<\/strong>\u00a0Luego, las jurisdicciones con m\u00e1s casos fueron: C\u00f3rdoba (5.650), Ciudad de Buenos Aires (4.500), Chaco (1.336), Jujuy (1.234), Tucum\u00e1n (1.158), Salta (1.029), Santa Fe (898), Formosa (893) y San Juan (795).<\/p>\n\n\n\n<p>Por otra parte,&nbsp;<strong>se produjeron 126 muertes, de las cuales 18 ocurrieron en la provincia de Buenos Aires<\/strong>; 10 en Salta; 9 en Corrientes; 8 en Chaco; 7 en la Ciudad de Buenos Aires; 5 en C\u00f3rdoba; 2 en Catamarca, Entre R\u00edos, La Rioja, R\u00edo Negro y Santiago del Estero; 1 en Chubut, Formosa, Jujuy, Mendoza, Misiones, Neuqu\u00e9n, San Juan, San Luis y Tierra del Fuego.<\/p>\n\n\n\n<p>El Ministerio comunic\u00f3 que&nbsp;<strong>hay 459 personas internadas por coronavirus en unidades de terapia intensiva.&nbsp;<\/strong>A su vez, aclar\u00f3 que la ocupaci\u00f3n de camas UTI de adultos, a nivel nacional, es del 43,3% para todas las patolog\u00edas en los sectores p\u00fablico y privado.<\/p>\n","protected":false},"excerpt":{"rendered":"<p>La cartera sanitaria comunic\u00f3 que hubo 31.198 contagios en los \u00faltimos siete d\u00edas y que fallecieron 126 personas.<\/p>\n","protected":false},"author":2,"featured_media":31826,"comment_status":"open","ping_status":"open","sticky":false,"template":"","format":"standard","meta":{"om_disable_all_campaigns":false,"_monsterinsights_skip_tracking":false,"_monsterinsights_sitenote_active":false,"_monsterinsights_sitenote_note":"","_monsterinsights_sitenote_category":0,"_uf_show_specific_survey":0,"_uf_disable_surveys":false,"jetpack_post_was_ever_published":false,"_jetpack_newsletter_access":"","_jetpack_dont_email_post_to_subs":false,"_jetpack_newsletter_tier_id":0,"_jetpack_memberships_contains_paywalled_content":false,"_jetpack_memberships_contains_paid_content":false,"footnotes":"","jetpack_publicize_message":"","jetpack_publicize_feature_enabled":true,"jetpack_social_post_already_shared":false,"jetpack_social_options":{"image_generator_settings":{"template":"highway","default_image_id":0,"font":"","enabled":false},"version":2}},"categories":[4,3],"tags":[],"class_list":["post-43744","post","type-post","status-publish","format-standard","has-post-thumbnail","hentry","category-destacadas","category-salud"],"aioseo_notices":[],"views":10,"jetpack_publicize_connections":[],"jetpack_featured_media_url":"https:\/\/i0.wp.com\/elterritorialweb.com.ar\/web\/wp-content\/uploads\/2021\/12\/NUEVOS-CASOS-23-DE-DICIEMBRE.jpg?fit=767%2C431","jetpack_sharing_enabled":true,"_links":{"self":[{"href":"http:\/\/elterritorialweb.com.ar\/web\/wp-json\/wp\/v2\/posts\/43744","targetHints":{"allow":["GET"]}}],"collection":[{"href":"http:\/\/elterritorialweb.com.ar\/web\/wp-json\/wp\/v2\/posts"}],"about":[{"href":"http:\/\/elterritorialweb.com.ar\/web\/wp-json\/wp\/v2\/types\/post"}],"author":[{"embeddable":true,"href":"http:\/\/elterritorialweb.com.ar\/web\/wp-json\/wp\/v2\/users\/2"}],"replies":[{"embeddable":true,"href":"http:\/\/elterritorialweb.com.ar\/web\/wp-json\/wp\/v2\/comments?post=43744"}],"version-history":[{"count":2,"href":"http:\/\/elterritorialweb.com.ar\/web\/wp-json\/wp\/v2\/posts\/43744\/revisions"}],"predecessor-version":[{"id":43747,"href":"http:\/\/elterritorialweb.com.ar\/web\/wp-json\/wp\/v2\/posts\/43744\/revisions\/43747"}],"wp:featuredmedia":[{"embeddable":true,"href":"http:\/\/elterritorialweb.com.ar\/web\/wp-json\/wp\/v2\/media\/31826"}],"wp:attachment":[{"href":"http:\/\/elterritorialweb.com.ar\/web\/wp-json\/wp\/v2\/media?parent=43744"}],"wp:term":[{"taxonomy":"category","embeddable":true,"href":"http:\/\/elterritorialweb.com.ar\/web\/wp-json\/wp\/v2\/categories?post=43744"},{"taxonomy":"post_tag","embeddable":true,"href":"http:\/\/elterritorialweb.com.ar\/web\/wp-json\/wp\/v2\/tags?post=43744"}],"curies":[{"name":"wp","href":"https:\/\/api.w.org\/{rel}","templated":true}]}}