{"id":43748,"date":"2022-08-16T01:56:33","date_gmt":"2022-08-16T01:56:33","guid":{"rendered":"http:\/\/elterritorialweb.com.ar\/web\/?p=43748"},"modified":"2022-08-16T01:56:55","modified_gmt":"2022-08-16T01:56:55","slug":"la-municipalidad-trbaja-en-la-ampliacion-del-alumbrado-del-barrio-general-paz","status":"publish","type":"post","link":"http:\/\/elterritorialweb.com.ar\/web\/la-municipalidad-trbaja-en-la-ampliacion-del-alumbrado-del-barrio-general-paz\/","title":{"rendered":"LA MUNICIPALIDAD TRABAJA EN LA AMPLIACI\u00d3N DEL ALUMBRADO DEL BARRIO GENERAL PAZ"},"content":{"rendered":"\n<p>En esta oportunidad, se procedi\u00f3 al tendido de 2000 metros de cable pre-ensamblado, la colocaci\u00f3n de 40 nuevos puntos luz y la instalaci\u00f3n de un nuevo comando, que facilitar\u00e1 las tareas de mantenimiento de la red.<\/p>\n\n\n\n<p>\u201cEl sector beneficiado es el comprendido por las calles Monte Caseros, Facundo Quiroga, Diaguitas y Calle P\u00fablica, donde, por el permanente crecimiento del ejido urbano a trav\u00e9s de la creaci\u00f3n de nuevos complejos habitacionales, se hace necesario ampliar este servicio fundamental para optimizar la calidad de vida de los ciudadanos\u201d, explic\u00f3 el director de Electricidad, Ing. Marcelo Aguilar.<\/p>\n\n\n\n<p>Indic\u00f3 que en esta obra se utilizar\u00e1n artefactos recuperados y transformados al sistema LED, mientras que el cableado es estructurado con Linea A\u00e9rea Pre Ensablada (LAPE).<\/p>\n","protected":false},"excerpt":{"rendered":"<p>La Direcci\u00f3n de Electricidad de la Municipalidad de la Capital realiz\u00f3 una importante obra de ampliaci\u00f3n del alumbrado p\u00fablico en el barrio General Paz, en el marco del Plan Urbano Ambiental que busca brindar m\u00e1s y mejores servicios a los vecinos.<\/p>\n","protected":false},"author":2,"featured_media":43749,"comment_status":"open","ping_status":"open","sticky":false,"template":"","format":"standard","meta":{"om_disable_all_campaigns":false,"_monsterinsights_skip_tracking":false,"_monsterinsights_sitenote_active":false,"_monsterinsights_sitenote_note":"","_monsterinsights_sitenote_category":0,"_uf_show_specific_survey":0,"_uf_disable_surveys":false,"jetpack_post_was_ever_published":false,"_jetpack_newsletter_access":"","_jetpack_dont_email_post_to_subs":false,"_jetpack_newsletter_tier_id":0,"_jetpack_memberships_contains_paywalled_content":false,"_jetpack_memberships_contains_paid_content":false,"footnotes":"","jetpack_publicize_message":"","jetpack_publicize_feature_enabled":true,"jetpack_social_post_already_shared":false,"jetpack_social_options":{"image_generator_settings":{"template":"highway","default_image_id":0,"font":"","enabled":false},"version":2}},"categories":[21],"tags":[],"class_list":["post-43748","post","type-post","status-publish","format-standard","has-post-thumbnail","hentry","category-locales"],"aioseo_notices":[],"views":20,"jetpack_publicize_connections":[],"jetpack_featured_media_url":"https:\/\/i0.wp.com\/elterritorialweb.com.ar\/web\/wp-content\/uploads\/2022\/08\/general-paz-alumbrado.jpeg?fit=1124%2C750","jetpack_sharing_enabled":true,"_links":{"self":[{"href":"http:\/\/elterritorialweb.com.ar\/web\/wp-json\/wp\/v2\/posts\/43748","targetHints":{"allow":["GET"]}}],"collection":[{"href":"http:\/\/elterritorialweb.com.ar\/web\/wp-json\/wp\/v2\/posts"}],"about":[{"href":"http:\/\/elterritorialweb.com.ar\/web\/wp-json\/wp\/v2\/types\/post"}],"author":[{"embeddable":true,"href":"http:\/\/elterritorialweb.com.ar\/web\/wp-json\/wp\/v2\/users\/2"}],"replies":[{"embeddable":true,"href":"http:\/\/elterritorialweb.com.ar\/web\/wp-json\/wp\/v2\/comments?post=43748"}],"version-history":[{"count":2,"href":"http:\/\/elterritorialweb.com.ar\/web\/wp-json\/wp\/v2\/posts\/43748\/revisions"}],"predecessor-version":[{"id":43751,"href":"http:\/\/elterritorialweb.com.ar\/web\/wp-json\/wp\/v2\/posts\/43748\/revisions\/43751"}],"wp:featuredmedia":[{"embeddable":true,"href":"http:\/\/elterritorialweb.com.ar\/web\/wp-json\/wp\/v2\/media\/43749"}],"wp:attachment":[{"href":"http:\/\/elterritorialweb.com.ar\/web\/wp-json\/wp\/v2\/media?parent=43748"}],"wp:term":[{"taxonomy":"category","embeddable":true,"href":"http:\/\/elterritorialweb.com.ar\/web\/wp-json\/wp\/v2\/categories?post=43748"},{"taxonomy":"post_tag","embeddable":true,"href":"http:\/\/elterritorialweb.com.ar\/web\/wp-json\/wp\/v2\/tags?post=43748"}],"curies":[{"name":"wp","href":"https:\/\/api.w.org\/{rel}","templated":true}]}}