{"id":43752,"date":"2022-08-16T18:44:27","date_gmt":"2022-08-16T18:44:27","guid":{"rendered":"http:\/\/elterritorialweb.com.ar\/web\/?p=43752"},"modified":"2022-08-16T19:17:34","modified_gmt":"2022-08-16T19:17:34","slug":"ofrecimiento-de-cargos-y-horas-catedra-titulares-y-suplentes-del-primer-grado-del-escalafon-4","status":"publish","type":"post","link":"http:\/\/elterritorialweb.com.ar\/web\/ofrecimiento-de-cargos-y-horas-catedra-titulares-y-suplentes-del-primer-grado-del-escalafon-4\/","title":{"rendered":"OFRECIMIENTO DE CARGOS Y HORAS C\u00c1TEDRA TITULARES Y SUPLENTES DEL PRIMER GRADO DEL ESCALAF\u00d3N"},"content":{"rendered":"\n<p>El Consejo General de Educaci\u00f3n comunica a los docentes de los Niveles Inicial, Primario y Modalidades, Secundario y Superior,&nbsp; que a partir&nbsp; de las 00 hs. del d\u00eda Mi\u00e9rcoles 17&nbsp; y hasta las 23:59 hs. del d\u00eda Jueves 18 de Agosto de 2022, se realizar\u00e1 el OFRECIMIENTO de Cargos y Horas C\u00e1tedra Titulares y Suplentes del primer grado del escalaf\u00f3n de los establecimientos educativos de los&nbsp; Niveles Inicial, Primario y Modalidades, Secundario y Superior en el sistema \u201cConsejo Virtual\u201d, ingresando en el Portal Oficial del CGE www.cgesantiago.gob.ar &#8211; Secci\u00f3n \u201cConsejo virtual\u201d. Los ofrecimientos se realizar\u00e1n conforme al LOM 2022 y las pautas establecidas en la Resoluci\u00f3n N\u00b0 162\/2022, en forma progresiva respetando las medidas sanitarias establecidas para frenar el avance del COVID-19.<\/p>\n\n\n\n<p><strong>Nivel Inicial<\/strong><\/p>\n\n\n\n<p>1.&nbsp;&nbsp;&nbsp;&nbsp;&nbsp;&nbsp;&nbsp; Jard\u00edn de Infantes N\u00b0 83 El Bosque Encantado &#8211; Regi\u00f3n 1- Sgo. del Estero,&nbsp; Dpto. Capital<\/p>\n\n\n\n<p>2.&nbsp;&nbsp;&nbsp;&nbsp;&nbsp;&nbsp;&nbsp; Jard\u00edn de Infantes N\u00b072&nbsp; Bambi &#8211; Regi\u00f3n 1- Sgo del Estero, Dpto. Capital<\/p>\n\n\n\n<p>3.&nbsp;&nbsp;&nbsp;&nbsp;&nbsp;&nbsp;&nbsp; Jard\u00edn de Infantes N\u00b0 623 &#8211; Anexo Esc. 886 &#8211; Regi\u00f3n 3 &#8211; Nuevo Simbolar, Dpto. Pellegrini<\/p>\n\n\n\n<p>4.&nbsp;&nbsp;&nbsp;&nbsp;&nbsp;&nbsp;&nbsp; Jard\u00edn de Infantes N\u00b0 190 &#8211; Patria M\u00eda &#8211; Regi\u00f3n 3 &#8211;&nbsp; El Quemado Dpto. Pellegrini<\/p>\n\n\n\n<p>5.&nbsp;&nbsp;&nbsp;&nbsp;&nbsp;&nbsp;&nbsp; Jard\u00edn de Infantes N\u00b0 40 &#8211; Rinc\u00f3n de Sue\u00f1os &#8211; Regi\u00f3n 2 &#8211;&nbsp; La Ca\u00f1ada Dpto. Figueroa<\/p>\n\n\n\n<p>6.&nbsp;&nbsp;&nbsp;&nbsp;&nbsp;&nbsp;&nbsp; Jard\u00edn de Infantes N\u00b0 334 &#8211; Anexo Escuela 328 &#8211; Regi\u00f3n 2 \u2013 Colonia&nbsp; Gamara, Dpto. Banda<\/p>\n\n\n\n<p>7.&nbsp;&nbsp;&nbsp;&nbsp;&nbsp;&nbsp;&nbsp; Jard\u00edn de Infantes N\u00b0285 \u2013 Lucecitas &#8211; Regi\u00f3n 2- Buey Muerto, Dpto. Robles<\/p>\n\n\n\n<p>8.&nbsp;&nbsp;&nbsp;&nbsp;&nbsp;&nbsp;&nbsp; Jard\u00edn de Infantes N\u00b0 542 &#8211; Ntra. Sra. de Betharram &#8211; Regi\u00f3n 1 &#8211; Sgo del Estero, Dpto. Capital<\/p>\n\n\n\n<p>9.&nbsp;&nbsp;&nbsp;&nbsp;&nbsp;&nbsp;&nbsp; Jard\u00edn de Infantes N\u00b0 246 &#8211; Cusi Huaa &#8211; Regi\u00f3n 3 &#8211; San Pablo, Dpto. R\u00edo Hondo<\/p>\n\n\n\n<p>10.&nbsp;&nbsp;&nbsp;&nbsp;&nbsp; Jard\u00edn de Infantes N\u00b034 &#8211; Patito Colet\u00f3n &#8211; Regi\u00f3n 2 &#8211; La Banda,&nbsp; Dpto. Banda<\/p>\n\n\n\n<p>11.&nbsp;&nbsp;&nbsp;&nbsp;&nbsp; Jard\u00edn de Infantes N\u00b0 135 Girasoles &#8211; Regi\u00f3n 4 &#8211; Los Juries, Dpto. Taboada<\/p>\n\n\n\n<p>12.&nbsp;&nbsp;&nbsp;&nbsp;&nbsp; Jard\u00edn de Infantes N\u00b0460 anexo a Esc. 707- Regi\u00f3n&nbsp; 4 &#8211; Km. 515, Dpto. Gral.Taboada<\/p>\n\n\n\n<p>13.&nbsp;&nbsp;&nbsp;&nbsp;&nbsp; Jard\u00edn de Infantes N\u00b0 126 &#8211; Lacitos de Amor &#8211; Regi\u00f3n: Regi\u00f3n 3 &#8211; Colonia Tinco, Dpto. R\u00edo Hondo.<\/p>\n\n\n\n<p><strong>Nivel Primario<\/strong><\/p>\n\n\n\n<p>1.&nbsp;&nbsp;&nbsp;&nbsp;&nbsp;&nbsp;&nbsp; Escuela Infantil N\u00b0 340 &#8211; Jornada Simple &#8211; (Regi\u00f3n VIII) -El \u00c1rbol, Dpto. Ojo de Agua<\/p>\n\n\n\n<p>2.&nbsp;&nbsp;&nbsp;&nbsp;&nbsp;&nbsp;&nbsp; Escuela N\u00b0 737- Jornada Simple &#8211; (Regi\u00f3n IV) \u2013 Pinto, Dpto. Aguirre<\/p>\n\n\n\n<p>3.&nbsp;&nbsp;&nbsp;&nbsp;&nbsp;&nbsp;&nbsp; Escuela N\u00b0 45 Leopoldo Lugones &#8211; Jornada Completa &#8211; Los Quiroga, Dpto. Banda<\/p>\n\n\n\n<p>4.&nbsp;&nbsp;&nbsp;&nbsp;&nbsp;&nbsp;&nbsp; Escuela N\u00b0 237 Ricardo Rojas &#8211; Jornada Simple &#8211; (Regi\u00f3n I) &#8211; Santiago del Estero, Dpto. Capital<\/p>\n\n\n\n<p>5.&nbsp;&nbsp;&nbsp;&nbsp;&nbsp;&nbsp;&nbsp; Escuela N\u00b0 718 Mar\u00eda Auxiliadora -Jornada Simple &#8211; (Regi\u00f3n I) &#8211; Santiago del Estero, Dpto. Capital<\/p>\n\n\n\n<p>6.&nbsp;&nbsp;&nbsp;&nbsp;&nbsp;&nbsp;&nbsp; Escuela N\u00ba 211 Rep. del Paraguay &#8211; Jornada Simple &#8211; (Regi\u00f3n VI) &#8211; El Cabur\u00e9, Dpto. Copo<\/p>\n\n\n\n<p>7.&nbsp;&nbsp;&nbsp;&nbsp;&nbsp;&nbsp;&nbsp; Escuela Superior N\u00b0 27 Benjam\u00edn Zorrilla &#8211; Jornada Simple &#8211; (Regi\u00f3n I) &#8211; Santiago del Estero, Dpto. Capital<\/p>\n\n\n\n<p>8.&nbsp;&nbsp;&nbsp;&nbsp;&nbsp;&nbsp;&nbsp; Escuela N\u00b0 500 &#8211; Jornada Simple &#8211; (Regi\u00f3n VI) &#8211; Los Pirpintos, Dpto. Copo<\/p>\n\n\n\n<p>9.&nbsp;&nbsp;&nbsp;&nbsp;&nbsp;&nbsp;&nbsp; Escuela Superior N\u00ba 198 Prov. de San Luis &#8211; Jornada Simple- (Regi\u00f3n V) \u2013 Quimil\u00ed, Dpto. Moreno<\/p>\n\n\n\n<p>10.&nbsp;&nbsp;&nbsp;&nbsp;&nbsp; Escuela N\u00b0 341Padre Onofre Perillo &#8211; Jornada Simple &#8211; (Regi\u00f3n II) &#8211; La Banda, Dpto. Banda<\/p>\n\n\n\n<p>11.&nbsp;&nbsp;&nbsp;&nbsp;&nbsp; Escuela N\u00b0 814 Paula Albarrac\u00edn de Sarmiento &#8211; Jornada Simple &#8211; (Regi\u00f3n II)-Fern\u00e1ndez, Dpto. Robles<\/p>\n\n\n\n<p>12.&nbsp;&nbsp;&nbsp;&nbsp;&nbsp; Centro Experimental N\u00ba 2 Florentino Ameghino &#8211; Jornada Simple- (Regi\u00f3n IV)-A\u00f1atuya, Dpto. General Taboada<\/p>\n\n\n\n<p>13.&nbsp;&nbsp;&nbsp;&nbsp;&nbsp; Escuela N\u00b0 506 &#8211; Jornada Completa &#8211; La Banda, Dpto. Banda<\/p>\n\n\n\n<p>14.&nbsp;&nbsp;&nbsp;&nbsp;&nbsp; Escuela Superior N\u00ba 169 Julio Argentino Roca &#8211; Jornada Simple &#8211; (Regi\u00f3n IV) \u2013 A\u00f1atuya, Dpto. General Taboada<\/p>\n\n\n\n<p>15.&nbsp;&nbsp;&nbsp;&nbsp;&nbsp; Escuela N\u00b0 796 &#8211; Jornada Simple &#8211; (Regi\u00f3n V) \u2013 Matar\u00e1, Dpto. J. F. Ibarra<\/p>\n\n\n\n<p>16.&nbsp;&nbsp;&nbsp;&nbsp;&nbsp; Escuela Mariano Moreno N\u00b0 127 &#8211; Jornada Simple &#8211; (Regi\u00f3n II) &#8211; La Banda, Dpto. Banda<\/p>\n\n\n\n<p>17.&nbsp;&nbsp;&nbsp;&nbsp;&nbsp; Escuela Superior N\u00b0 104 General Mart\u00edn de G\u00fcemes -Jornada Simple- (Regi\u00f3n II)-La Banda, Dpto. Banda<\/p>\n\n\n\n<p>18.&nbsp;&nbsp;&nbsp;&nbsp;&nbsp; Escuela N\u00ba 1006 &#8211; Ah\u00ed Veremos &#8211; Jornada Simple &#8211; (Regi\u00f3n III) &#8211; Ah\u00ed Veremos, Dpto. Pellegrini<\/p>\n\n\n\n<p>19.&nbsp;&nbsp;&nbsp;&nbsp;&nbsp; Escuela Superior N\u00ba281 Henry Dunant &#8211; Jornada Simple &#8211; (Regi\u00f3n I)-Santiago del Estero, Dpto. Capital<\/p>\n\n\n\n<p>20.&nbsp;&nbsp;&nbsp;&nbsp;&nbsp; Escuela Elemental N\u00ba 61 Juan Lavalle &#8211; Jornada Simple &#8211; (Regi\u00f3n VII) \u2013 Lavalle, Dpto. Guasay\u00e1n<\/p>\n\n\n\n<p>21.&nbsp;&nbsp;&nbsp;&nbsp;&nbsp; Escuela Infantil Mart\u00edn Uriondo N\u00b0 398 &#8211; Jornada Simple &#8211; (Regi\u00f3n I) &#8211; Santiago del Estero, Dpto. Capital<\/p>\n\n\n\n<p>22.&nbsp;&nbsp;&nbsp;&nbsp;&nbsp; Escuela N\u00b0 750 Doctor Eliseo Fringes &#8211; Jornada Simple &#8211; (Regi\u00f3n VII) \u2013 Fr\u00edas, Dpto. Choya<\/p>\n\n\n\n<p>23.&nbsp;&nbsp;&nbsp;&nbsp;&nbsp; Escuela N\u00b0 639&nbsp; -Jornada Simple &#8211; (Regi\u00f3n VIII) &#8211; Yacu Hurmana, Dpto. Salavina<\/p>\n\n\n\n<p>24.&nbsp;&nbsp;&nbsp;&nbsp;&nbsp; Escuela N\u00b0 463 &#8211; Jornada Simple &#8211; (Regi\u00f3n VI)-Agustina Libarona, Dpto. Alberdi<\/p>\n\n\n\n<p>25.&nbsp;&nbsp;&nbsp;&nbsp;&nbsp; Escuela Infantil N\u00b0 345 Brigadier Juan Manuel de Rosas &#8211; Jornada Simple &#8211; (Regi\u00f3n III)-El Porvenir, Dpto. R\u00edo Hondo<\/p>\n\n\n\n<p>26.&nbsp;&nbsp;&nbsp;&nbsp;&nbsp; Escuela N\u00ba 26 &#8211; Jornada Simple &#8211; (Regi\u00f3n II) &#8211; La Banda, Dpto. Banda<\/p>\n\n\n\n<p>27.&nbsp;&nbsp;&nbsp;&nbsp;&nbsp; Escuela N\u00b0 371- Jornada Simple &#8211; (Regi\u00f3n III) &#8211; El Porvenir, Dpto. R\u00edo Hondo<\/p>\n\n\n\n<p>28.&nbsp;&nbsp;&nbsp;&nbsp;&nbsp; Escuela N\u00ba 59 Remigio Carol &#8211; Jornada Simple &#8211; (Regi\u00f3n II) \u2013 Beltr\u00e1n, Dpto. Robles<\/p>\n\n\n\n<p>29.&nbsp;&nbsp;&nbsp;&nbsp;&nbsp; Escuela Superior N\u00b0 31 Pedro Pablo Gorostiaga -Jornada Simple &#8211; (Regi\u00f3n I)-Santiago del Estero, Dpto. Capital<\/p>\n\n\n\n<p>30.&nbsp;&nbsp;&nbsp;&nbsp;&nbsp; Escuela N\u00b0 843 &#8211; Jornada Completa &#8211; Los N\u00fa\u00f1ez, Dpto. R\u00edo Hondo<\/p>\n\n\n\n<p>31.&nbsp;&nbsp;&nbsp;&nbsp;&nbsp; Escuela N\u00ba 163 Provincia de Corrientes &#8211; Jornada Simple &#8211; (Regi\u00f3n I) &#8211; Estaci\u00f3n Atamisqui, Dpto. Atamisqui<\/p>\n\n\n\n<p>32.&nbsp;&nbsp;&nbsp;&nbsp;&nbsp; Centro Experimental N\u00b0 6 Sesquicentenario &#8211; Jornada Simple (Regi\u00f3n III)-Termas de R\u00edo Hondo, Dpto. R\u00edo Hondo<\/p>\n\n\n\n<p>33.&nbsp;&nbsp;&nbsp;&nbsp;&nbsp; Escuela N\u00b0 449 Normando Benicio Rojas &#8211; Jornada Simple (Regi\u00f3n IV) &#8211; Santiago del Estero, Dpto. Capital<\/p>\n\n\n\n<p>34.&nbsp;&nbsp;&nbsp;&nbsp;&nbsp; Escuela Superior Pedro Pablo Gorostiaga N\u00b0 31- Jornada Simple (Regi\u00f3n I) &#8211; Santiago del Estero, Dpto. Capital.<\/p>\n\n\n\n<p>35.&nbsp;&nbsp;&nbsp;&nbsp;&nbsp; Escuela Superior N\u00b0150 Andr\u00e9s Ferreyra &#8211; Jornada Simple (Regi\u00f3n II) &#8211; La Banda, Dpto. Banda.<\/p>\n\n\n\n<p>36.&nbsp;&nbsp;&nbsp;&nbsp;&nbsp; Escuela N\u00b0 818&nbsp; -Jornada Simple (Regi\u00f3n II) &#8211; El Soler, Dpto. Robles<\/p>\n\n\n\n<p>37.&nbsp;&nbsp;&nbsp;&nbsp;&nbsp; Centro Experimental N\u00ba3 Pedro Francisco de Uriarte &#8211; Jornada Simple (Regi\u00f3n I)-Loreto, Dpto. Loreto<\/p>\n\n\n\n<p>38.&nbsp;&nbsp;&nbsp;&nbsp;&nbsp; Centro Experimental N\u00b0 8 Antonino Taboada- Jornada Simple (Regi\u00f3n II) \u2013 Clodomira, Dpto. Banda<\/p>\n\n\n\n<p>39.&nbsp;&nbsp;&nbsp;&nbsp;&nbsp; Escuela N\u00b0 1099 Pedro Le\u00f3n Gallo &#8211; Jornada Simple (Regi\u00f3n I) \u2013 Loreto, Dpto. Loreto<\/p>\n\n\n\n<p>40.&nbsp;&nbsp;&nbsp;&nbsp;&nbsp; Escuela N\u00b0 125 Rep\u00fablica de Italia &#8211; Jornada Simple (Regi\u00f3n IV) -Selva, Dpto. Rivadavia<\/p>\n\n\n\n<p><strong>Nivel Secundario<\/strong><\/p>\n\n\n\n<p>1.&nbsp;&nbsp;&nbsp;&nbsp;&nbsp;&nbsp;&nbsp; Escuela de Comercio \u00abMart\u00edn Miguel De G\u00fcemes\u00bb \u2013 Sumampa \u2013 Quebrachos<\/p>\n\n\n\n<p>2.&nbsp;&nbsp;&nbsp;&nbsp;&nbsp;&nbsp;&nbsp; Agrupamiento N\u00ba 86068 \u2013 Quimili \u2013 Moreno<\/p>\n\n\n\n<p>3.&nbsp;&nbsp;&nbsp;&nbsp;&nbsp;&nbsp;&nbsp; Escuela T\u00e9cnica N\u00ba 1 &#8211; Santiago del Estero \u2013 Capital<\/p>\n\n\n\n<p>4.&nbsp;&nbsp;&nbsp;&nbsp;&nbsp;&nbsp;&nbsp; Escuela T\u00e9cnica N\u00ba 6 \u00abCte. Manuel Besares\u00bb &#8211; La Banda \u2013 Banda<\/p>\n\n\n\n<p>5.&nbsp;&nbsp;&nbsp;&nbsp;&nbsp;&nbsp;&nbsp; Escuela de Comercio \u00abGral. Jos\u00e9 de San Mart\u00edn\u00bb &#8211; La Banda \u2013 Banda<\/p>\n\n\n\n<p>6.&nbsp;&nbsp;&nbsp;&nbsp;&nbsp;&nbsp;&nbsp; Escuela \u00abFrancisca Jacques\u00bb &#8211; Santiago del Estero &#8211; Capital<\/p>\n\n\n\n<p>7.&nbsp;&nbsp;&nbsp;&nbsp;&nbsp;&nbsp;&nbsp; Escuela de Comercio \u00abAntenor Ferreyra\u00bb &#8211; Santiago del Estero &#8211; Capital<\/p>\n\n\n\n<p>8.&nbsp;&nbsp;&nbsp;&nbsp;&nbsp;&nbsp;&nbsp; Colegio Secundario \u00abNicol\u00e1s Avellaneda\u00bb &#8211; Santiago Del Estero &#8211; Capital<\/p>\n\n\n\n<p>9.&nbsp;&nbsp;&nbsp;&nbsp;&nbsp;&nbsp;&nbsp; Colegio Secundario \u00abAntonino Taboada\u00bb &#8211; Clodomira &#8211; Banda<\/p>\n\n\n\n<p>10.&nbsp;&nbsp;&nbsp;&nbsp;&nbsp; Colegio Secundario Guardia Escolta &#8211; Guardia Escolta &#8211; Belgrano<\/p>\n\n\n\n<p>11.&nbsp;&nbsp;&nbsp;&nbsp;&nbsp; Colegio Agrot\u00e9cnico N\u00ba 7 \u00abLeandro Vicente Taboada\u00bb &#8211; Bandera Bajada &#8211; Figueroa<\/p>\n\n\n\n<p>12.&nbsp;&nbsp;&nbsp;&nbsp;&nbsp; Colegio Secundario Divino Coraz\u00f3n de Jes\u00fas &#8211; El Bobadal &#8211; Jim\u00e9nez<\/p>\n\n\n\n<p>13.&nbsp;&nbsp;&nbsp;&nbsp;&nbsp; Escuela T\u00e9cnica N\u00ba 9 \u00abIng. C\u00e9sar E. Iturre\u00bb &#8211; Sumampa &#8211; Quebrachos<\/p>\n\n\n\n<p>14.&nbsp;&nbsp;&nbsp;&nbsp;&nbsp; Escuela T\u00e9cnica N\u00ba 4 &#8211; A\u00f1atuya &#8211; Taboada<\/p>\n\n\n\n<p>15.&nbsp;&nbsp;&nbsp;&nbsp;&nbsp; Colegio Secundario \u00abHuaico Hondo\u00bb &#8211; Santiago del Estero \u2013 Capital<\/p>\n\n\n\n<p>16.&nbsp;&nbsp;&nbsp;&nbsp;&nbsp; Agrupamiento N\u00ba 86097 &#8211; La Romelia \u2013 Rivadavia<\/p>\n\n\n\n<p>17.&nbsp;&nbsp;&nbsp;&nbsp;&nbsp; Escuela T\u00e9cnica N\u00ba 2 \u00abSantiago Barabino\u00bb La Banda &#8211; Banda<\/p>\n\n\n\n<p>18.&nbsp;&nbsp;&nbsp;&nbsp;&nbsp; Colegio Agrot\u00e9cnico La Granja &#8211; La Granja &#8211; Banda<\/p>\n\n\n\n<p>19.&nbsp;&nbsp;&nbsp;&nbsp;&nbsp; Escuela T\u00e9cnica N\u00ba 11 \u00abIndependencia\u00bb &#8211; Santiago del Estero &#8211; Capital<\/p>\n\n\n\n<p>20.&nbsp;&nbsp;&nbsp;&nbsp;&nbsp; Colegio Suri Pozo &#8211; Suri Pozo &#8211; Banda<\/p>\n\n\n\n<p>21.&nbsp;&nbsp;&nbsp;&nbsp;&nbsp; Escuela T\u00e9cnica N\u00ba 15 \u00abAntonio Esca\u00f1uela\u00bb- Colonia Gamara &#8211; Banda<\/p>\n\n\n\n<p>22.&nbsp;&nbsp;&nbsp;&nbsp;&nbsp; Colegio Secundario \u00abJuan Nepomuceno Bures\u00bb &#8211; Villa La Punta &#8211; Choya<\/p>\n\n\n\n<p>23.&nbsp;&nbsp;&nbsp;&nbsp;&nbsp; Colegio Secundario \u00abBuen Jes\u00fas de Matar\u00e1\u00bb &#8211; Matara &#8211; J. F. Ibarra<\/p>\n\n\n\n<p>24.&nbsp;&nbsp;&nbsp;&nbsp;&nbsp; Escuela Especial \u00abPaul Groussac\u00bb &#8211; Santiago Del Estero &#8211; Capital<\/p>\n\n\n\n<p>25.&nbsp;&nbsp;&nbsp;&nbsp;&nbsp; Colegio Secundario Ing. Jorge Newbery &#8211; Santiago Del Estero &#8211; Capital<\/p>\n\n\n\n<p>26.&nbsp;&nbsp;&nbsp;&nbsp;&nbsp; Colegio Secundario del Centenario &#8211; Santiago del Estero &#8211; Capital<\/p>\n\n\n\n<p>27.&nbsp;&nbsp;&nbsp;&nbsp;&nbsp; Colegio Secundario \u00abCrist\u00f3bal Col\u00f3n\u00bb- \u00c1rraga &#8211; Sil\u00edpica<\/p>\n\n\n\n<p>Nivel Superior<\/p>\n\n\n\n<p>1-&nbsp;&nbsp;&nbsp;&nbsp;&nbsp;&nbsp;&nbsp; I.S.P.P. N\u00b0 1 &#8211; Santiago del Estero, Dpto. Capital<\/p>\n\n\n\n<p>2-&nbsp;&nbsp;&nbsp;&nbsp;&nbsp;&nbsp;&nbsp; I.F.D. N\u00b0 3 &#8211; Fern\u00e1ndez, Dpto. Robles<\/p>\n\n\n\n<p>3-&nbsp;&nbsp;&nbsp;&nbsp;&nbsp;&nbsp;&nbsp; I.S.F.D. N\u00b0 1 &#8211; Sgo. del Estero, Dpto. Capital<\/p>\n\n\n\n<p>4-&nbsp;&nbsp;&nbsp;&nbsp;&nbsp;&nbsp;&nbsp; E.S.P.E.A. N\u00b0 1 &#8211; Sgo. del Estero, Dpto. Capital<\/p>\n\n\n\n<p>5-&nbsp;&nbsp;&nbsp;&nbsp;&nbsp;&nbsp;&nbsp; C.E.F. N\u00b0 1 &#8211; Sgo. del Estero, Dpto. Capital<\/p>\n\n\n\n<p><strong>Nivel Primario (Dpto. de Aplicaci\u00f3n)<\/strong><\/p>\n\n\n\n<p>1-&nbsp;&nbsp;&nbsp;&nbsp;&nbsp;&nbsp;&nbsp; E.N.S. Jos\u00e9 Benjam\u00edn Gorostiaga&nbsp; &#8211; La Banda, Dpto. Banda<\/p>\n\n\n\n<p><strong>Nivel Secundario<\/strong><\/p>\n\n\n\n<p>1-&nbsp;&nbsp;&nbsp;&nbsp;&nbsp;&nbsp;&nbsp; E.N.S. Jos\u00e9 Benjam\u00edn Gorostiaga &#8211; La Banda, Dpto. Banda<\/p>\n\n\n\n<p>2 &#8211; Escuela Normal Manuel Belgrano &#8211; Santiago del Estero- Dpto. Capital<\/p>\n\n\n\n<p><strong>Modalidades Educativas<\/strong><\/p>\n\n\n\n<p>1.- Escuela Especial N\u00b0 236&nbsp; Hellen Keller &#8211; Modalidad Especial &#8211; Sgo. del Estero &#8211; Capital<\/p>\n\n\n\n<p>2.- Escuela de Educaci\u00f3n B\u00e1sica de Adultos N\u00b0 9 &#8211;&nbsp; Modalidad EDJA &#8211; Sgo. del Estero &#8211; Capital<\/p>\n\n\n\n<p>3.- Escuela de Educaci\u00f3n B\u00e1sica de Adultos N\u00b0 12 &#8211;&nbsp; Modalidad EDJA &#8211; La Banda &#8211; Banda<\/p>\n","protected":false},"excerpt":{"rendered":"<p>As\u00ed lo informaron desde Consejo General de Educaci\u00f3n de la provincia de  Santiago del Estero <\/p>\n","protected":false},"author":2,"featured_media":18585,"comment_status":"open","ping_status":"open","sticky":false,"template":"","format":"standard","meta":{"om_disable_all_campaigns":false,"_monsterinsights_skip_tracking":false,"_monsterinsights_sitenote_active":false,"_monsterinsights_sitenote_note":"","_monsterinsights_sitenote_category":0,"_uf_show_specific_survey":0,"_uf_disable_surveys":false,"jetpack_post_was_ever_published":false,"_jetpack_newsletter_access":"","_jetpack_dont_email_post_to_subs":false,"_jetpack_newsletter_tier_id":0,"_jetpack_memberships_contains_paywalled_content":false,"_jetpack_memberships_contains_paid_content":false,"footnotes":"","jetpack_publicize_message":"","jetpack_publicize_feature_enabled":true,"jetpack_social_post_already_shared":false,"jetpack_social_options":{"image_generator_settings":{"template":"highway","default_image_id":0,"font":"","enabled":false},"version":2}},"categories":[19],"tags":[],"class_list":["post-43752","post","type-post","status-publish","format-standard","has-post-thumbnail","hentry","category-educacion"],"aioseo_notices":[],"views":38,"jetpack_publicize_connections":[],"jetpack_featured_media_url":"https:\/\/i0.wp.com\/elterritorialweb.com.ar\/web\/wp-content\/uploads\/2021\/03\/CONSEJO-DE-EDUCACION.jpg?fit=1500%2C850","jetpack_sharing_enabled":true,"_links":{"self":[{"href":"http:\/\/elterritorialweb.com.ar\/web\/wp-json\/wp\/v2\/posts\/43752","targetHints":{"allow":["GET"]}}],"collection":[{"href":"http:\/\/elterritorialweb.com.ar\/web\/wp-json\/wp\/v2\/posts"}],"about":[{"href":"http:\/\/elterritorialweb.com.ar\/web\/wp-json\/wp\/v2\/types\/post"}],"author":[{"embeddable":true,"href":"http:\/\/elterritorialweb.com.ar\/web\/wp-json\/wp\/v2\/users\/2"}],"replies":[{"embeddable":true,"href":"http:\/\/elterritorialweb.com.ar\/web\/wp-json\/wp\/v2\/comments?post=43752"}],"version-history":[{"count":1,"href":"http:\/\/elterritorialweb.com.ar\/web\/wp-json\/wp\/v2\/posts\/43752\/revisions"}],"predecessor-version":[{"id":43753,"href":"http:\/\/elterritorialweb.com.ar\/web\/wp-json\/wp\/v2\/posts\/43752\/revisions\/43753"}],"wp:featuredmedia":[{"embeddable":true,"href":"http:\/\/elterritorialweb.com.ar\/web\/wp-json\/wp\/v2\/media\/18585"}],"wp:attachment":[{"href":"http:\/\/elterritorialweb.com.ar\/web\/wp-json\/wp\/v2\/media?parent=43752"}],"wp:term":[{"taxonomy":"category","embeddable":true,"href":"http:\/\/elterritorialweb.com.ar\/web\/wp-json\/wp\/v2\/categories?post=43752"},{"taxonomy":"post_tag","embeddable":true,"href":"http:\/\/elterritorialweb.com.ar\/web\/wp-json\/wp\/v2\/tags?post=43752"}],"curies":[{"name":"wp","href":"https:\/\/api.w.org\/{rel}","templated":true}]}}