{"id":43758,"date":"2022-08-16T22:17:32","date_gmt":"2022-08-16T22:17:32","guid":{"rendered":"http:\/\/elterritorialweb.com.ar\/web\/?p=43758"},"modified":"2022-08-16T22:21:01","modified_gmt":"2022-08-16T22:21:01","slug":"fernandez-el-mundo-reclama-litio-como-energia-y-tenemos-la-oportunidad-de-brindarlo","status":"publish","type":"post","link":"http:\/\/elterritorialweb.com.ar\/web\/fernandez-el-mundo-reclama-litio-como-energia-y-tenemos-la-oportunidad-de-brindarlo\/","title":{"rendered":"FERN\u00c1NDEZ: \u00abEL MUNDO RECLAMA LITIO COMO ENERG\u00cdA Y TENEMOS LA OPORTUNIDAD DE BRINDARLO\u00bb"},"content":{"rendered":"\n<p>\u201cHe visto c\u00f3mo el mundo reclama el litio como energ\u00eda, y creo que tenemos la oportunidad de brindarlo\u201d, expres\u00f3 el mandatario al tiempo que asegur\u00f3 que \u201cnuestro potencial se multiplica enormemente si lo industrializamos\u00bb.<\/p>\n\n\n\n<p>Acompa\u00f1ado por el ministro de Ciencia, Tecnolog\u00eda e Innovaci\u00f3n, Daniel Filmus; la presidenta del CONICET, Ana Franchi y los titulares de YPF, Pablo Gonz\u00e1lez; Y-TEC, Roberto Salvarezza; y la Universidad Nacional de La Plata (UNLP), Mart\u00edn L\u00f3pez Armengol, el jefe de Estado recorri\u00f3 las instalaciones de la primera planta de celdas y bater\u00edas de litio de la Argentina que la empresa Y-TEC, que surge de la asociaci\u00f3n entre YPF y el Conicet, impulsa en conjunto con la UNLP.<\/p>\n\n\n\n<figure class=\"wp-block-image size-large\"><a href=\"https:\/\/i0.wp.com\/elterritorialweb.com.ar\/web\/wp-content\/uploads\/2022\/08\/tecnologia2.jpg\"><img data-recalc-dims=\"1\" decoding=\"async\" width=\"640\" height=\"426\" data-src=\"https:\/\/i0.wp.com\/elterritorialweb.com.ar\/web\/wp-content\/uploads\/2022\/08\/tecnologia2.jpg?resize=640%2C426\" alt=\"\" class=\"wp-image-43760 lazyload\" data-srcset=\"https:\/\/i0.wp.com\/elterritorialweb.com.ar\/web\/wp-content\/uploads\/2022\/08\/tecnologia2.jpg?resize=1024%2C682 1024w, https:\/\/i0.wp.com\/elterritorialweb.com.ar\/web\/wp-content\/uploads\/2022\/08\/tecnologia2.jpg?resize=300%2C200 300w, https:\/\/i0.wp.com\/elterritorialweb.com.ar\/web\/wp-content\/uploads\/2022\/08\/tecnologia2.jpg?resize=768%2C512 768w, https:\/\/i0.wp.com\/elterritorialweb.com.ar\/web\/wp-content\/uploads\/2022\/08\/tecnologia2.jpg?resize=1536%2C1024 1536w, https:\/\/i0.wp.com\/elterritorialweb.com.ar\/web\/wp-content\/uploads\/2022\/08\/tecnologia2.jpg?w=1940 1940w, https:\/\/i0.wp.com\/elterritorialweb.com.ar\/web\/wp-content\/uploads\/2022\/08\/tecnologia2.jpg?w=1280 1280w\" data-sizes=\"(max-width: 640px) 100vw, 640px\" src=\"data:image\/svg+xml;base64,PHN2ZyB3aWR0aD0iMSIgaGVpZ2h0PSIxIiB4bWxucz0iaHR0cDovL3d3dy53My5vcmcvMjAwMC9zdmciPjwvc3ZnPg==\" style=\"--smush-placeholder-width: 640px; --smush-placeholder-aspect-ratio: 640\/426;\" \/><\/a><\/figure>\n\n\n\n<p>En este marco explic\u00f3 que \u201cel litio tiene un valor muy distinto si se exporta como mineral que, si se lo exporta como bater\u00eda\u201d, y que \u201ceso no solo supone f\u00e1bricas que se montan, o supone trabajo, sino que tambi\u00e9n supone multiplicar su precio\u201d.<\/p>\n\n\n\n<p>Por su parte, el ministro Filmus manifest\u00f3 que este proyecto \u201cimplica una articulaci\u00f3n virtuosa que permite sumar el mundo acad\u00e9mico y de la investigaci\u00f3n al mundo de la tecnolog\u00eda y de la producci\u00f3n. La idea es generar tecnolog\u00eda propia, para poder transferirla a las provincias y que estas puedan producir litio, fabricar las bater\u00edas, agregar valor y darle trabajo a su gente\u201d.<\/p>\n\n\n\n<figure class=\"wp-block-image size-large\"><a href=\"https:\/\/i0.wp.com\/elterritorialweb.com.ar\/web\/wp-content\/uploads\/2022\/08\/tecnologia7.jpg\"><img data-recalc-dims=\"1\" decoding=\"async\" width=\"640\" height=\"426\" data-src=\"https:\/\/i0.wp.com\/elterritorialweb.com.ar\/web\/wp-content\/uploads\/2022\/08\/tecnologia7.jpg?resize=640%2C426\" alt=\"\" class=\"wp-image-43764 lazyload\" data-srcset=\"https:\/\/i0.wp.com\/elterritorialweb.com.ar\/web\/wp-content\/uploads\/2022\/08\/tecnologia7.jpg?resize=1024%2C682 1024w, https:\/\/i0.wp.com\/elterritorialweb.com.ar\/web\/wp-content\/uploads\/2022\/08\/tecnologia7.jpg?resize=300%2C200 300w, https:\/\/i0.wp.com\/elterritorialweb.com.ar\/web\/wp-content\/uploads\/2022\/08\/tecnologia7.jpg?resize=768%2C512 768w, https:\/\/i0.wp.com\/elterritorialweb.com.ar\/web\/wp-content\/uploads\/2022\/08\/tecnologia7.jpg?resize=1536%2C1024 1536w, https:\/\/i0.wp.com\/elterritorialweb.com.ar\/web\/wp-content\/uploads\/2022\/08\/tecnologia7.jpg?w=1940 1940w, https:\/\/i0.wp.com\/elterritorialweb.com.ar\/web\/wp-content\/uploads\/2022\/08\/tecnologia7.jpg?w=1280 1280w\" data-sizes=\"(max-width: 640px) 100vw, 640px\" src=\"data:image\/svg+xml;base64,PHN2ZyB3aWR0aD0iMSIgaGVpZ2h0PSIxIiB4bWxucz0iaHR0cDovL3d3dy53My5vcmcvMjAwMC9zdmciPjwvc3ZnPg==\" style=\"--smush-placeholder-width: 640px; --smush-placeholder-aspect-ratio: 640\/426;\" \/><\/a><\/figure>\n\n\n\n<p>\u201cEl litio es uno de los sectores m\u00e1s importantes para lograr la transici\u00f3n energ\u00e9tica\u201d, explic\u00f3 el ministro al tiempo que relat\u00f3: \u201cEstamos trabajando de forma conjunta con Bolivia y Chile que, junto a la Argentina, concentran m\u00e1s del 60% de las reservas mundiales de litio\u201d.<\/p>\n\n\n\n<p>Asimismo, Pablo Gonz\u00e1lez explic\u00f3 que: \u201cCon este proyecto tecnol\u00f3gico se desarrolla c\u00f3mo se puede fabricar la celda, m\u00e1s ese conocimiento que se ha ido incorporando con las provincias productoras, estamos listos para avanzar en seguir creciendo en YPF Litio\u201d.<\/p>\n\n\n\n<figure class=\"wp-block-image size-large\"><a href=\"https:\/\/i0.wp.com\/elterritorialweb.com.ar\/web\/wp-content\/uploads\/2022\/08\/tecnologia3.jpg\"><img data-recalc-dims=\"1\" decoding=\"async\" width=\"640\" height=\"381\" data-src=\"https:\/\/i0.wp.com\/elterritorialweb.com.ar\/web\/wp-content\/uploads\/2022\/08\/tecnologia3.jpg?resize=640%2C381\" alt=\"\" class=\"wp-image-43761 lazyload\" data-srcset=\"https:\/\/i0.wp.com\/elterritorialweb.com.ar\/web\/wp-content\/uploads\/2022\/08\/tecnologia3.jpg?resize=1024%2C609 1024w, https:\/\/i0.wp.com\/elterritorialweb.com.ar\/web\/wp-content\/uploads\/2022\/08\/tecnologia3.jpg?resize=300%2C178 300w, https:\/\/i0.wp.com\/elterritorialweb.com.ar\/web\/wp-content\/uploads\/2022\/08\/tecnologia3.jpg?resize=768%2C457 768w, https:\/\/i0.wp.com\/elterritorialweb.com.ar\/web\/wp-content\/uploads\/2022\/08\/tecnologia3.jpg?resize=1536%2C914 1536w, https:\/\/i0.wp.com\/elterritorialweb.com.ar\/web\/wp-content\/uploads\/2022\/08\/tecnologia3.jpg?w=1940 1940w, https:\/\/i0.wp.com\/elterritorialweb.com.ar\/web\/wp-content\/uploads\/2022\/08\/tecnologia3.jpg?w=1280 1280w\" data-sizes=\"(max-width: 640px) 100vw, 640px\" src=\"data:image\/svg+xml;base64,PHN2ZyB3aWR0aD0iMSIgaGVpZ2h0PSIxIiB4bWxucz0iaHR0cDovL3d3dy53My5vcmcvMjAwMC9zdmciPjwvc3ZnPg==\" style=\"--smush-placeholder-width: 640px; --smush-placeholder-aspect-ratio: 640\/381;\" \/><\/a><\/figure>\n\n\n\n<p>La planta, localizada en el Centro de Transferencia de Tecnolog\u00eda de la UNLP, cuenta con una superficie de 1.300 metros cuadrados y la producci\u00f3n anual ser\u00e1, medida en energ\u00eda almacenada, de unos 13 MWh, lo que equivale a 1000 bater\u00edas para almacenamiento estacionario de energ\u00edas renovables o unas 50 para colectivos el\u00e9ctricos. Dispondr\u00e1 de setenta equipos, algunos de ellos automatizados, y crear\u00e1 50 puestos de trabajo directos. A trav\u00e9s de la Escuela de Oficios de la UNLP, ya se capacit\u00f3 a los operarios y operarias que estar\u00e1n a cargo de la primera fase de puesta en marcha de la planta y que ser\u00e1n miembros de la carrera de personal de apoyo del Conicet.<\/p>\n\n\n\n<p>La puesta en marcha de la producci\u00f3n de celdas est\u00e1 prevista para diciembre del 2022, ya que la f\u00e1brica se encuentra finalizada y a la espera de la llegada de los equipos que ser\u00e1 en el mes de octubre.<\/p>\n\n\n\n<p>Luego, en Berisso, el mandatario recorri\u00f3, junto al responsable de la Misi\u00f3n Litio en Y-TEC, Fabio Saccone, el centro de investigaci\u00f3n aplicada de Y-TEC, el m\u00e1s grande del pa\u00eds y uno de los cinco m\u00e1s importantes de Latinoam\u00e9rica. All\u00ed funciona la primera planta nacional a escala de laboratorio que tiene la capacidad de probar nuevos materiales en celdas prototipo de litio en formato comercial. Adem\u00e1s, se realiza el proceso que permite validar tecnolog\u00edas e insumos nacionales.<\/p>\n\n\n\n<figure class=\"wp-block-image size-large\"><a href=\"https:\/\/i0.wp.com\/elterritorialweb.com.ar\/web\/wp-content\/uploads\/2022\/08\/tecnologia5.jpg\"><img data-recalc-dims=\"1\" decoding=\"async\" width=\"640\" height=\"426\" data-src=\"https:\/\/i0.wp.com\/elterritorialweb.com.ar\/web\/wp-content\/uploads\/2022\/08\/tecnologia5.jpg?resize=640%2C426\" alt=\"\" class=\"wp-image-43762 lazyload\" data-srcset=\"https:\/\/i0.wp.com\/elterritorialweb.com.ar\/web\/wp-content\/uploads\/2022\/08\/tecnologia5.jpg?resize=1024%2C682 1024w, https:\/\/i0.wp.com\/elterritorialweb.com.ar\/web\/wp-content\/uploads\/2022\/08\/tecnologia5.jpg?resize=300%2C200 300w, https:\/\/i0.wp.com\/elterritorialweb.com.ar\/web\/wp-content\/uploads\/2022\/08\/tecnologia5.jpg?resize=768%2C512 768w, https:\/\/i0.wp.com\/elterritorialweb.com.ar\/web\/wp-content\/uploads\/2022\/08\/tecnologia5.jpg?resize=1536%2C1024 1536w, https:\/\/i0.wp.com\/elterritorialweb.com.ar\/web\/wp-content\/uploads\/2022\/08\/tecnologia5.jpg?w=1940 1940w, https:\/\/i0.wp.com\/elterritorialweb.com.ar\/web\/wp-content\/uploads\/2022\/08\/tecnologia5.jpg?w=1280 1280w\" data-sizes=\"(max-width: 640px) 100vw, 640px\" src=\"data:image\/svg+xml;base64,PHN2ZyB3aWR0aD0iMSIgaGVpZ2h0PSIxIiB4bWxucz0iaHR0cDovL3d3dy53My5vcmcvMjAwMC9zdmciPjwvc3ZnPg==\" style=\"--smush-placeholder-width: 640px; --smush-placeholder-aspect-ratio: 640\/426;\" \/><\/a><\/figure>\n\n\n\n<p>Finalmente, el jefe de Estado encabez\u00f3 una reuni\u00f3n en la que el titular de Y-TEC, Roberto Salvarezza, realiz\u00f3 una presentaci\u00f3n institucional de las iniciativas de la firma y el avance del proyecto YPF Litio.<\/p>\n\n\n\n<p>Tambi\u00e9n participaron el secretario general de la Presidencia, Julio Vitobello; la secretaria de Asuntos Estrat\u00e9gicos, Mercedes Marc\u00f3 del Pont; el subsecretario de Coordinaci\u00f3n Institucional del MinCyT, Pablo Nu\u00f1ez; el CEO de YPF, Pablo Iuliano; y los directores de Y-TEC, Santiago Sacerdote y Eduardo Dvorkin. Adem\u00e1s del presidente de la Comisi\u00f3n de Investigaciones Cient\u00edficas bonaerense, Alejandro Villar; el subsecretario provincial de Ciencia, Tecnolog\u00eda e Innovaci\u00f3n, Patricio Ag\u00fcero; el vicepresidente de la UNLP, Fernando Tauber; el secretario de Planeamiento UNLP, Agust\u00edn Olivieri; la diputada nacional, Victoria Tolosa Paz; el intendente de Ensenada, Mario Secco, el subsecretario de acci\u00f3n pol\u00edtica de Berisso, Mart\u00edn Fern\u00e1ndez y el asesor de la presidencia de YPF, Hern\u00e1n Letcher.<\/p>\n","protected":false},"excerpt":{"rendered":"<p>El presidente Alberto Fern\u00e1ndez asegur\u00f3 hoy que la \u201cArgentina es la segunda reserva de litio en el mundo\u201d por lo que \u201cno solamente tenemos que exportarlo, sino tambi\u00e9n industrializarlo\u201d, al visitar las obras de la primera planta de bater\u00edas de litio de Argentina, en La Plata y las instalaciones de Y-TEC (YPF-Tecnolog\u00eda), en Berisso.<\/p>\n","protected":false},"author":2,"featured_media":43763,"comment_status":"open","ping_status":"open","sticky":false,"template":"","format":"standard","meta":{"om_disable_all_campaigns":false,"_monsterinsights_skip_tracking":false,"_monsterinsights_sitenote_active":false,"_monsterinsights_sitenote_note":"","_monsterinsights_sitenote_category":0,"_uf_show_specific_survey":0,"_uf_disable_surveys":false,"jetpack_post_was_ever_published":false,"_jetpack_newsletter_access":"","_jetpack_dont_email_post_to_subs":false,"_jetpack_newsletter_tier_id":0,"_jetpack_memberships_contains_paywalled_content":false,"_jetpack_memberships_contains_paid_content":false,"footnotes":"","jetpack_publicize_message":"","jetpack_publicize_feature_enabled":true,"jetpack_social_post_already_shared":false,"jetpack_social_options":{"image_generator_settings":{"template":"highway","default_image_id":0,"font":"","enabled":false},"version":2}},"categories":[4,18],"tags":[],"class_list":["post-43758","post","type-post","status-publish","format-standard","has-post-thumbnail","hentry","category-destacadas","category-politica"],"aioseo_notices":[],"views":6,"jetpack_publicize_connections":[],"jetpack_featured_media_url":"https:\/\/i0.wp.com\/elterritorialweb.com.ar\/web\/wp-content\/uploads\/2022\/08\/tecnologia6.jpg?fit=1940%2C1293","jetpack_sharing_enabled":true,"_links":{"self":[{"href":"http:\/\/elterritorialweb.com.ar\/web\/wp-json\/wp\/v2\/posts\/43758","targetHints":{"allow":["GET"]}}],"collection":[{"href":"http:\/\/elterritorialweb.com.ar\/web\/wp-json\/wp\/v2\/posts"}],"about":[{"href":"http:\/\/elterritorialweb.com.ar\/web\/wp-json\/wp\/v2\/types\/post"}],"author":[{"embeddable":true,"href":"http:\/\/elterritorialweb.com.ar\/web\/wp-json\/wp\/v2\/users\/2"}],"replies":[{"embeddable":true,"href":"http:\/\/elterritorialweb.com.ar\/web\/wp-json\/wp\/v2\/comments?post=43758"}],"version-history":[{"count":1,"href":"http:\/\/elterritorialweb.com.ar\/web\/wp-json\/wp\/v2\/posts\/43758\/revisions"}],"predecessor-version":[{"id":43765,"href":"http:\/\/elterritorialweb.com.ar\/web\/wp-json\/wp\/v2\/posts\/43758\/revisions\/43765"}],"wp:featuredmedia":[{"embeddable":true,"href":"http:\/\/elterritorialweb.com.ar\/web\/wp-json\/wp\/v2\/media\/43763"}],"wp:attachment":[{"href":"http:\/\/elterritorialweb.com.ar\/web\/wp-json\/wp\/v2\/media?parent=43758"}],"wp:term":[{"taxonomy":"category","embeddable":true,"href":"http:\/\/elterritorialweb.com.ar\/web\/wp-json\/wp\/v2\/categories?post=43758"},{"taxonomy":"post_tag","embeddable":true,"href":"http:\/\/elterritorialweb.com.ar\/web\/wp-json\/wp\/v2\/tags?post=43758"}],"curies":[{"name":"wp","href":"https:\/\/api.w.org\/{rel}","templated":true}]}}