{"id":43768,"date":"2022-08-16T22:40:34","date_gmt":"2022-08-16T22:40:34","guid":{"rendered":"http:\/\/elterritorialweb.com.ar\/web\/?p=43768"},"modified":"2022-08-16T23:59:36","modified_gmt":"2022-08-16T23:59:36","slug":"antaje-festejo-su-222-aniversario-con-la-entrega-de-viviendas-y-la-inauguracion-de-obras","status":"publish","type":"post","link":"http:\/\/elterritorialweb.com.ar\/web\/antaje-festejo-su-222-aniversario-con-la-entrega-de-viviendas-y-la-inauguracion-de-obras\/","title":{"rendered":"ANTAJ\u00c9 FESTEJ\u00d3 SU 222\u00b0 ANIVERSARIO CON LA ENTREGA DE VIVIENDAS Y LA INAUGURACI\u00d3N DE OBRAS"},"content":{"rendered":"\n<p>Tambi\u00e9n en este marco se desarrollaron los actos patronales en honor a San Roque, con feria productiva y gastron\u00f3nica y espect\u00e1culos art\u00edsticos durante toda la jornada.<br>La ceremonia protocolar fue presidida por el comisionado municipal, Javier D\u00edaz, junto con el vicegobernador Carlos Silva Neder, en representaci\u00f3n del gobernador Gerardo Zamora. Tambi\u00e9n estuvieron el ministro de Desarrollo Social, \u00c1ngel Niccolai, la diputada nacional Nilda Moyano, comisionados de la zona e invitados especiales.<\/p>\n\n\n\n<figure class=\"wp-block-image size-large\"><a href=\"https:\/\/i0.wp.com\/elterritorialweb.com.ar\/web\/wp-content\/uploads\/2022\/08\/IMG-20220816-WA0010.jpg\"><img data-recalc-dims=\"1\" decoding=\"async\" width=\"640\" height=\"426\" data-src=\"https:\/\/i0.wp.com\/elterritorialweb.com.ar\/web\/wp-content\/uploads\/2022\/08\/IMG-20220816-WA0010.jpg?resize=640%2C426\" alt=\"\" class=\"wp-image-43770 lazyload\" data-srcset=\"https:\/\/i0.wp.com\/elterritorialweb.com.ar\/web\/wp-content\/uploads\/2022\/08\/IMG-20220816-WA0010.jpg?resize=1024%2C682 1024w, https:\/\/i0.wp.com\/elterritorialweb.com.ar\/web\/wp-content\/uploads\/2022\/08\/IMG-20220816-WA0010.jpg?resize=300%2C200 300w, https:\/\/i0.wp.com\/elterritorialweb.com.ar\/web\/wp-content\/uploads\/2022\/08\/IMG-20220816-WA0010.jpg?resize=768%2C512 768w, https:\/\/i0.wp.com\/elterritorialweb.com.ar\/web\/wp-content\/uploads\/2022\/08\/IMG-20220816-WA0010.jpg?w=1280 1280w\" data-sizes=\"(max-width: 640px) 100vw, 640px\" src=\"data:image\/svg+xml;base64,PHN2ZyB3aWR0aD0iMSIgaGVpZ2h0PSIxIiB4bWxucz0iaHR0cDovL3d3dy53My5vcmcvMjAwMC9zdmciPjwvc3ZnPg==\" style=\"--smush-placeholder-width: 640px; --smush-placeholder-aspect-ratio: 640\/426;\" \/><\/a><\/figure>\n\n\n\n<p>En esta ocasi\u00f3n fueron oficialmente habilitados 400 metros de alumbrado p\u00fablico y 10 cuadras de pavimento articulado en el barrio Nuevo Antaj\u00e9. Adem\u00e1s, fueron entregadas 15 viviendas sociales a familias de La Aurora, El Aibe, Puesto Del Medio, San Juan, San Javier y La Falda.<br>En primera instancia se procedi\u00f3 al corte de cintas en la vivienda de Mar\u00eda Antonia N\u00fa\u00f1ez.<br>Ya durante el acto, el comisionado resalt\u00f3 la historia del pueblo en este \u00abaniversario que es representada por la calidez de su gente en este d\u00eda tan especial\u00bb y agradeci\u00f3 a las autoridades provinciales por el apoyo permanente para llevar soluciones a las necesidades de los vecinos de la zona.<\/p>\n\n\n\n<figure class=\"wp-block-image size-large\"><a href=\"https:\/\/i0.wp.com\/elterritorialweb.com.ar\/web\/wp-content\/uploads\/2022\/08\/IMG-20220816-WA0009.jpg\"><img data-recalc-dims=\"1\" decoding=\"async\" width=\"640\" height=\"426\" data-src=\"https:\/\/i0.wp.com\/elterritorialweb.com.ar\/web\/wp-content\/uploads\/2022\/08\/IMG-20220816-WA0009.jpg?resize=640%2C426\" alt=\"\" class=\"wp-image-43769 lazyload\" data-srcset=\"https:\/\/i0.wp.com\/elterritorialweb.com.ar\/web\/wp-content\/uploads\/2022\/08\/IMG-20220816-WA0009.jpg?resize=1024%2C682 1024w, https:\/\/i0.wp.com\/elterritorialweb.com.ar\/web\/wp-content\/uploads\/2022\/08\/IMG-20220816-WA0009.jpg?resize=300%2C200 300w, https:\/\/i0.wp.com\/elterritorialweb.com.ar\/web\/wp-content\/uploads\/2022\/08\/IMG-20220816-WA0009.jpg?resize=768%2C512 768w, https:\/\/i0.wp.com\/elterritorialweb.com.ar\/web\/wp-content\/uploads\/2022\/08\/IMG-20220816-WA0009.jpg?w=1280 1280w\" data-sizes=\"(max-width: 640px) 100vw, 640px\" src=\"data:image\/svg+xml;base64,PHN2ZyB3aWR0aD0iMSIgaGVpZ2h0PSIxIiB4bWxucz0iaHR0cDovL3d3dy53My5vcmcvMjAwMC9zdmciPjwvc3ZnPg==\" style=\"--smush-placeholder-width: 640px; --smush-placeholder-aspect-ratio: 640\/426;\" \/><\/a><\/figure>\n\n\n\n<p>A su turno, Silva Neder ratific\u00f3 el compromiso del Gobierno Provincial de seguir trabajando para la concreci\u00f3n de todos los proyectos pensados para el bienestar de los santiague\u00f1os, y alent\u00f3 a los vecinos de la zona a mantenerse \u00abunidos y en un mismo camino para seguir viniendo a Antaj\u00e9 a inaugurar m\u00e1s obras\u00bb.<\/p>\n","protected":false},"excerpt":{"rendered":"<p>La localidad de Antaj\u00e9, ubicada en el noreste del departamento Banda, celebr\u00f3 este martes sus 222 a\u00f1os con la inauguraci\u00f3n de obras de infraestructura y la entrega de viviendas sociales. <\/p>\n","protected":false},"author":2,"featured_media":43771,"comment_status":"open","ping_status":"open","sticky":false,"template":"","format":"standard","meta":{"om_disable_all_campaigns":false,"_monsterinsights_skip_tracking":false,"_monsterinsights_sitenote_active":false,"_monsterinsights_sitenote_note":"","_monsterinsights_sitenote_category":0,"_uf_show_specific_survey":0,"_uf_disable_surveys":false,"jetpack_post_was_ever_published":false,"_jetpack_newsletter_access":"","_jetpack_dont_email_post_to_subs":false,"_jetpack_newsletter_tier_id":0,"_jetpack_memberships_contains_paywalled_content":false,"_jetpack_memberships_contains_paid_content":false,"footnotes":"","jetpack_publicize_message":"","jetpack_publicize_feature_enabled":true,"jetpack_social_post_already_shared":false,"jetpack_social_options":{"image_generator_settings":{"template":"highway","default_image_id":0,"font":"","enabled":false},"version":2}},"categories":[21],"tags":[],"class_list":["post-43768","post","type-post","status-publish","format-standard","has-post-thumbnail","hentry","category-locales"],"aioseo_notices":[],"views":10,"jetpack_publicize_connections":[],"jetpack_featured_media_url":"https:\/\/i0.wp.com\/elterritorialweb.com.ar\/web\/wp-content\/uploads\/2022\/08\/IMG-20220816-WA0012.jpg?fit=1599%2C1066","jetpack_sharing_enabled":true,"_links":{"self":[{"href":"http:\/\/elterritorialweb.com.ar\/web\/wp-json\/wp\/v2\/posts\/43768","targetHints":{"allow":["GET"]}}],"collection":[{"href":"http:\/\/elterritorialweb.com.ar\/web\/wp-json\/wp\/v2\/posts"}],"about":[{"href":"http:\/\/elterritorialweb.com.ar\/web\/wp-json\/wp\/v2\/types\/post"}],"author":[{"embeddable":true,"href":"http:\/\/elterritorialweb.com.ar\/web\/wp-json\/wp\/v2\/users\/2"}],"replies":[{"embeddable":true,"href":"http:\/\/elterritorialweb.com.ar\/web\/wp-json\/wp\/v2\/comments?post=43768"}],"version-history":[{"count":1,"href":"http:\/\/elterritorialweb.com.ar\/web\/wp-json\/wp\/v2\/posts\/43768\/revisions"}],"predecessor-version":[{"id":43772,"href":"http:\/\/elterritorialweb.com.ar\/web\/wp-json\/wp\/v2\/posts\/43768\/revisions\/43772"}],"wp:featuredmedia":[{"embeddable":true,"href":"http:\/\/elterritorialweb.com.ar\/web\/wp-json\/wp\/v2\/media\/43771"}],"wp:attachment":[{"href":"http:\/\/elterritorialweb.com.ar\/web\/wp-json\/wp\/v2\/media?parent=43768"}],"wp:term":[{"taxonomy":"category","embeddable":true,"href":"http:\/\/elterritorialweb.com.ar\/web\/wp-json\/wp\/v2\/categories?post=43768"},{"taxonomy":"post_tag","embeddable":true,"href":"http:\/\/elterritorialweb.com.ar\/web\/wp-json\/wp\/v2\/tags?post=43768"}],"curies":[{"name":"wp","href":"https:\/\/api.w.org\/{rel}","templated":true}]}}