{"id":43773,"date":"2022-08-17T00:56:35","date_gmt":"2022-08-17T00:56:35","guid":{"rendered":"http:\/\/elterritorialweb.com.ar\/web\/?p=43773"},"modified":"2022-08-17T00:59:45","modified_gmt":"2022-08-17T00:59:45","slug":"nediani-visito-el-avance-de-obras-que-se-realizan-en-la-ciudad","status":"publish","type":"post","link":"http:\/\/elterritorialweb.com.ar\/web\/nediani-visito-el-avance-de-obras-que-se-realizan-en-la-ciudad\/","title":{"rendered":"NEDIANI VISIT\u00d3 EL AVANCE DE OBRAS QUE SE REALIZAN EN LA CIUDAD"},"content":{"rendered":"\n<p>En este sentido, en el marco del Plan de Mejoramiento Integral de los barrios de la ciudad, el intendente realiza recorridos por los diferentes, en los que el \u00e1rea correspondiente se encuentra realizando tareas de mejoramientos de servicios y dialogando con los vecinos.<br>En la ma\u00f1ana del martes, el jefe comunal visit\u00f3 la obra de reparaci\u00f3n de calles que el equipo de mencionada \u00e1rea se encuentra realizando sobre calle Julio Argentino Jerez, intersecci\u00f3n Domingo Ju\u00e1rez.<br>Asimismo, como parte de su recorrido, el mandatario supervis\u00f3 la obra de cord\u00f3n cuneta que se lleva a cabo en el barrio Villa Nueva y explic\u00f3: \u00abEstamos concretando un compromiso con los vecinos de este sector, el cual abarca desde calle Rioja hasta Ruta 8, y desde Tucum\u00e1n hasta Avenida Libertador. \u00c9sta comprender\u00e1 aproximadamente seis mil metros lineales en el barrio y vendr\u00e1 acompa\u00f1ada por el aporte suelo, base estabilizada y el mejoramiento de iluminaci\u00f3n.<\/p>\n\n\n\n<figure class=\"wp-block-image size-large\"><a href=\"https:\/\/i0.wp.com\/elterritorialweb.com.ar\/web\/wp-content\/uploads\/2022\/08\/IMG-20220816-WA0007.jpg\"><img data-recalc-dims=\"1\" decoding=\"async\" width=\"640\" height=\"373\" data-src=\"https:\/\/i0.wp.com\/elterritorialweb.com.ar\/web\/wp-content\/uploads\/2022\/08\/IMG-20220816-WA0007.jpg?resize=640%2C373\" alt=\"\" class=\"wp-image-43775 lazyload\" data-srcset=\"https:\/\/i0.wp.com\/elterritorialweb.com.ar\/web\/wp-content\/uploads\/2022\/08\/IMG-20220816-WA0007.jpg?resize=1024%2C597 1024w, https:\/\/i0.wp.com\/elterritorialweb.com.ar\/web\/wp-content\/uploads\/2022\/08\/IMG-20220816-WA0007.jpg?resize=300%2C175 300w, https:\/\/i0.wp.com\/elterritorialweb.com.ar\/web\/wp-content\/uploads\/2022\/08\/IMG-20220816-WA0007.jpg?resize=768%2C447 768w, https:\/\/i0.wp.com\/elterritorialweb.com.ar\/web\/wp-content\/uploads\/2022\/08\/IMG-20220816-WA0007.jpg?w=1186 1186w\" data-sizes=\"(max-width: 640px) 100vw, 640px\" src=\"data:image\/svg+xml;base64,PHN2ZyB3aWR0aD0iMSIgaGVpZ2h0PSIxIiB4bWxucz0iaHR0cDovL3d3dy53My5vcmcvMjAwMC9zdmciPjwvc3ZnPg==\" style=\"--smush-placeholder-width: 640px; --smush-placeholder-aspect-ratio: 640\/373;\" \/><\/a><\/figure>\n\n\n\n<p>\u00abHoy aprovechamos de este municipio a puertas abiertas y con las autoridades y funcionarios, salimos a las calles conversando y acerc\u00e1ndonos a los vecinos, manteniendo el contacto permanentemente con ellos para ir consiguiendo una ciudad que todos queremos y merecemos\u00bb finaliz\u00f3.<\/p>\n","protected":false},"excerpt":{"rendered":"<p>El intendente de la ciudad de La Banda, Roger Nediani realiz\u00f3 un recorrido por las calles en las que el equipo de la Secretar\u00eda de Obras P\u00fablicas, Planificaci\u00f3n y Desarrollo Urbano se encuentra trabajando.<\/p>\n","protected":false},"author":2,"featured_media":43776,"comment_status":"open","ping_status":"open","sticky":false,"template":"","format":"standard","meta":{"om_disable_all_campaigns":false,"_monsterinsights_skip_tracking":false,"_monsterinsights_sitenote_active":false,"_monsterinsights_sitenote_note":"","_monsterinsights_sitenote_category":0,"_uf_show_specific_survey":0,"_uf_disable_surveys":false,"jetpack_post_was_ever_published":false,"_jetpack_newsletter_access":"","_jetpack_dont_email_post_to_subs":false,"_jetpack_newsletter_tier_id":0,"_jetpack_memberships_contains_paywalled_content":false,"_jetpack_memberships_contains_paid_content":false,"footnotes":"","jetpack_publicize_message":"","jetpack_publicize_feature_enabled":true,"jetpack_social_post_already_shared":false,"jetpack_social_options":{"image_generator_settings":{"template":"highway","default_image_id":0,"font":"","enabled":false},"version":2}},"categories":[21],"tags":[],"class_list":["post-43773","post","type-post","status-publish","format-standard","has-post-thumbnail","hentry","category-locales"],"aioseo_notices":[],"views":12,"jetpack_publicize_connections":[],"jetpack_featured_media_url":"https:\/\/i0.wp.com\/elterritorialweb.com.ar\/web\/wp-content\/uploads\/2022\/08\/IMG-20220816-WA0005.jpg?fit=930%2C625","jetpack_sharing_enabled":true,"_links":{"self":[{"href":"http:\/\/elterritorialweb.com.ar\/web\/wp-json\/wp\/v2\/posts\/43773","targetHints":{"allow":["GET"]}}],"collection":[{"href":"http:\/\/elterritorialweb.com.ar\/web\/wp-json\/wp\/v2\/posts"}],"about":[{"href":"http:\/\/elterritorialweb.com.ar\/web\/wp-json\/wp\/v2\/types\/post"}],"author":[{"embeddable":true,"href":"http:\/\/elterritorialweb.com.ar\/web\/wp-json\/wp\/v2\/users\/2"}],"replies":[{"embeddable":true,"href":"http:\/\/elterritorialweb.com.ar\/web\/wp-json\/wp\/v2\/comments?post=43773"}],"version-history":[{"count":1,"href":"http:\/\/elterritorialweb.com.ar\/web\/wp-json\/wp\/v2\/posts\/43773\/revisions"}],"predecessor-version":[{"id":43779,"href":"http:\/\/elterritorialweb.com.ar\/web\/wp-json\/wp\/v2\/posts\/43773\/revisions\/43779"}],"wp:featuredmedia":[{"embeddable":true,"href":"http:\/\/elterritorialweb.com.ar\/web\/wp-json\/wp\/v2\/media\/43776"}],"wp:attachment":[{"href":"http:\/\/elterritorialweb.com.ar\/web\/wp-json\/wp\/v2\/media?parent=43773"}],"wp:term":[{"taxonomy":"category","embeddable":true,"href":"http:\/\/elterritorialweb.com.ar\/web\/wp-json\/wp\/v2\/categories?post=43773"},{"taxonomy":"post_tag","embeddable":true,"href":"http:\/\/elterritorialweb.com.ar\/web\/wp-json\/wp\/v2\/tags?post=43773"}],"curies":[{"name":"wp","href":"https:\/\/api.w.org\/{rel}","templated":true}]}}