{"id":43845,"date":"2022-08-18T15:52:19","date_gmt":"2022-08-18T15:52:19","guid":{"rendered":"http:\/\/elterritorialweb.com.ar\/web\/?p=43845"},"modified":"2022-08-18T21:28:58","modified_gmt":"2022-08-18T21:28:58","slug":"segal-vamos-a-seguir-apoyando-a-la-argentina-como-siempre-lo-hemos-hecho","status":"publish","type":"post","link":"http:\/\/elterritorialweb.com.ar\/web\/segal-vamos-a-seguir-apoyando-a-la-argentina-como-siempre-lo-hemos-hecho\/","title":{"rendered":"SEGAL: \u00abVAMOS A SEGUIR APOYANDO A LA ARGENTINA COMO SIEMPRE LO HEMOS HECHO\u00bb"},"content":{"rendered":"\n<p>La presidenta y CEO de Americas Society, Susan Segal, asegur\u00f3 este jueves que la entidad seguir\u00e1 apoyando a la Argentina \u00abcomo siempre lo hemos hecho\u00bb, al tiempo que destac\u00f3 que el pa\u00eds est\u00e1 frente a \u00abla&nbsp;<strong>gran oportunidad de construir un consenso que permita atacar a la inflaci\u00f3n y generar crecimiento econ\u00f3mico\u00bb.<\/strong><\/p>\n\n\n\n<p>Segal expuso en la decimonovena edici\u00f3n del Consejo de las Am\u00e9ricas, que la entidad que preside organiza anualmente junto con la C\u00e1mara Argentina de Comercio y Servicios (CAC), y destac\u00f3 que&nbsp;<strong>el mundo requiere la \u00abenorme cantidad de recursos\u00bb<\/strong>&nbsp;que tiene el pa\u00eds en materia de \u00abenerg\u00eda, miner\u00eda y alimentos, pero tambi\u00e9n con una enorme oportunidad en servicios, biotecnolog\u00eda y agrotecnolog\u00eda\u00bb.<\/p>\n\n\n\n<p>\u00abLa invasi\u00f3n de Rusia a Ucrania caus\u00f3 un impacto en los alimentos y la energ\u00eda, mientras que la inflaci\u00f3n y la suba de las tasas de inter\u00e9s han cambiado el panorama econ\u00f3mico mundial\u00bb, se\u00f1al\u00f3.<\/p>\n\n\n\n<p>En ese sentido, puntualiz\u00f3 que \u00abhay desaf\u00edos econ\u00f3micos globales que hacen m\u00e1s desafiante la situaci\u00f3n para Am\u00e9rIca Latina y la Argentina\u00bb, que enfrenta un \u00abmomento clave\u00bb para \u00abconstruir un consenso que permita atacar la inflaci\u00f3n y generar crecimiento econ\u00f3mico\u00bb.<\/p>\n\n\n\n<p><strong>\u00abTiempo y paciencia son claves para alcanzar el \u00e9xito\u00bb<\/strong>, a\u00f1adi\u00f3, para ponderar luego a \u00abla gran comunidad emprendedora y de talento que hay en la Argentina\u00bb.<\/p>\n\n\n\n<p>\u00abEse esp\u00edritu y liderazgo para alcanzar consensos los puede ayudar a aprovechar las enormes oportunidades que se presentan\u00bb, indic\u00f3, adem\u00e1s de manifestar su convencimiento de que eso podr\u00e1 lograrse con \u00abmayor cooperaci\u00f3n e integraci\u00f3n en la regi\u00f3n\u00bb.<\/p>\n\n\n\n<p>Como cierre de su alocuci\u00f3n,&nbsp;<strong>Segal remarc\u00f3 que en Americas Society \u00absiempre estuvimos, estamos y estaremos con la Argentina\u00bb<\/strong>.<\/p>\n\n\n\n<p>\u00abVamos a seguir apoyando a la Argentina como siempre lo hemos hecho, esperemos que podamos ayudar al di\u00e1logo entre los sectores\u00bb, concluy\u00f3.<\/p>\n\n\n\n<h3 class=\"wp-block-heading\">Grinman sostuvo que es \u00abimprescindible\u00bb que el sector privado \u00abest\u00e9 incentivado para invertir\u00bb<\/h3>\n\n\n\n<p>El presidente de la C\u00e1mara Argentina de Comercio y Servicios (CAC), Mario Grinman, sostuvo que es \u00abimprescindible\u00bb que el sector privado \u00abest\u00e9 incentivado para invertir en el pa\u00eds\u00bb, ya que \u00abla \u00fanica manera de progresar es creando empresas\u00bb.<\/p>\n\n\n\n<p>En su disertaci\u00f3n en la apertura de la edici\u00f3n del Consejos,&nbsp; remarc\u00f3 que ese crecimiento s\u00f3lo podr\u00e1 darse \u00abcon el apego a la Constituci\u00f3n, respetando la independencia de los poderes de la Rep\u00fablica, con educaci\u00f3n, con orden, con trabajo\u00bb.<\/p>\n\n\n\n<p>\u00abNo quiero quedarme en el pesimismo pero no puedo desconocer la realidad\u00bb, dijo Grinman en referencia a los sucesivos reclamos pol\u00edticos, sindicales y sociales que, a su juicio, obstaculizan la movilidad y el derecho a transitar.<\/p>\n\n\n\n<p>En ese sentido, manifest\u00f3 que \u00abtodos tienen derecho a reclamar, pero en el marco de la Constituci\u00f3n\u00bb.<\/p>\n\n\n\n<p>\u00abHoy la Argentina es un pa\u00eds golpeado y herido, pero sigue siendo un gran pa\u00eds\u00bb, asegur\u00f3 el dirigente empresario, quien puso el acento en lo que defini\u00f3 como las \u00abmillones\u00bb de personas que se levantan \u00abtodos los d\u00edas a trabajar y producir, para volver a ser la Naci\u00f3n fuerte que alguna vez fuimos y tener el pa\u00eds que tanto anhelamos\u00bb.<\/p>\n\n\n\n<figure class=\"wp-block-image size-full is-resized\"><a href=\"https:\/\/i0.wp.com\/elterritorialweb.com.ar\/web\/wp-content\/uploads\/2022\/08\/WhatsApp-Image-2022-08-18-at-12.51.01-PM.jpeg\"><img data-recalc-dims=\"1\" decoding=\"async\" data-src=\"https:\/\/i0.wp.com\/elterritorialweb.com.ar\/web\/wp-content\/uploads\/2022\/08\/WhatsApp-Image-2022-08-18-at-12.51.01-PM.jpeg?resize=640%2C521\" alt=\"\" class=\"wp-image-43847 lazyload\" width=\"640\" height=\"521\" data-srcset=\"https:\/\/i0.wp.com\/elterritorialweb.com.ar\/web\/wp-content\/uploads\/2022\/08\/WhatsApp-Image-2022-08-18-at-12.51.01-PM.jpeg?w=876 876w, https:\/\/i0.wp.com\/elterritorialweb.com.ar\/web\/wp-content\/uploads\/2022\/08\/WhatsApp-Image-2022-08-18-at-12.51.01-PM.jpeg?resize=300%2C245 300w, https:\/\/i0.wp.com\/elterritorialweb.com.ar\/web\/wp-content\/uploads\/2022\/08\/WhatsApp-Image-2022-08-18-at-12.51.01-PM.jpeg?resize=768%2C627 768w\" data-sizes=\"(max-width: 640px) 100vw, 640px\" src=\"data:image\/svg+xml;base64,PHN2ZyB3aWR0aD0iMSIgaGVpZ2h0PSIxIiB4bWxucz0iaHR0cDovL3d3dy53My5vcmcvMjAwMC9zdmciPjwvc3ZnPg==\" style=\"--smush-placeholder-width: 640px; --smush-placeholder-aspect-ratio: 640\/521;\" \/><\/a><\/figure>\n\n\n\n<p>En ese marco, puntualiz\u00f3 que \u00abun pa\u00eds se construye con el esfuerzo de todos, con el apego a la Constituci\u00f3n, respetando la independencia de los poderes de la Rep\u00fablica, con educaci\u00f3n, con orden, con trabajo, y de manera imprescindible con un sector privado que cada vez m\u00e1s est\u00e9 incentivado para invertir, sean capitales nacionales o del exterior\u00bb.<\/p>\n\n\n\n<p>\u00abLa \u00fanica manera de progresar es creando m\u00e1s empresas y, consecuentemente, m\u00e1s puestos de trabajo, y generando la riqueza que el pa\u00eds necesita; creo que es posible\u00bb, finaliz\u00f3 el titular de la C\u00e1mara Argentina de Comercio y Servicios.<\/p>\n","protected":false},"excerpt":{"rendered":"<p>La presidenta y CEO de Americas Society, Susan Segal se refiri\u00f3 as\u00ed al inaugurar el encuentro del Consejo de las Am\u00e9ricas y destac\u00f3 que el pa\u00eds est\u00e1 frente a \u00abla gran oportunidad de construir un consenso que permita atacar a la inflaci\u00f3n y generar crecimiento econ\u00f3mico\u00bb.<\/p>\n","protected":false},"author":2,"featured_media":43846,"comment_status":"open","ping_status":"open","sticky":false,"template":"","format":"standard","meta":{"om_disable_all_campaigns":false,"_monsterinsights_skip_tracking":false,"_monsterinsights_sitenote_active":false,"_monsterinsights_sitenote_note":"","_monsterinsights_sitenote_category":0,"_uf_show_specific_survey":0,"_uf_disable_surveys":false,"jetpack_post_was_ever_published":false,"_jetpack_newsletter_access":"","_jetpack_dont_email_post_to_subs":false,"_jetpack_newsletter_tier_id":0,"_jetpack_memberships_contains_paywalled_content":false,"_jetpack_memberships_contains_paid_content":false,"footnotes":"","jetpack_publicize_message":"","jetpack_publicize_feature_enabled":true,"jetpack_social_post_already_shared":false,"jetpack_social_options":{"image_generator_settings":{"template":"highway","default_image_id":0,"font":"","enabled":false},"version":2}},"categories":[4,2],"tags":[],"class_list":["post-43845","post","type-post","status-publish","format-standard","has-post-thumbnail","hentry","category-destacadas","category-economia"],"aioseo_notices":[],"views":9,"jetpack_publicize_connections":[],"jetpack_featured_media_url":"https:\/\/i0.wp.com\/elterritorialweb.com.ar\/web\/wp-content\/uploads\/2022\/08\/WhatsApp-Image-2022-08-18-at-12.45.27-PM.jpeg?fit=985%2C630","jetpack_sharing_enabled":true,"_links":{"self":[{"href":"http:\/\/elterritorialweb.com.ar\/web\/wp-json\/wp\/v2\/posts\/43845","targetHints":{"allow":["GET"]}}],"collection":[{"href":"http:\/\/elterritorialweb.com.ar\/web\/wp-json\/wp\/v2\/posts"}],"about":[{"href":"http:\/\/elterritorialweb.com.ar\/web\/wp-json\/wp\/v2\/types\/post"}],"author":[{"embeddable":true,"href":"http:\/\/elterritorialweb.com.ar\/web\/wp-json\/wp\/v2\/users\/2"}],"replies":[{"embeddable":true,"href":"http:\/\/elterritorialweb.com.ar\/web\/wp-json\/wp\/v2\/comments?post=43845"}],"version-history":[{"count":1,"href":"http:\/\/elterritorialweb.com.ar\/web\/wp-json\/wp\/v2\/posts\/43845\/revisions"}],"predecessor-version":[{"id":43848,"href":"http:\/\/elterritorialweb.com.ar\/web\/wp-json\/wp\/v2\/posts\/43845\/revisions\/43848"}],"wp:featuredmedia":[{"embeddable":true,"href":"http:\/\/elterritorialweb.com.ar\/web\/wp-json\/wp\/v2\/media\/43846"}],"wp:attachment":[{"href":"http:\/\/elterritorialweb.com.ar\/web\/wp-json\/wp\/v2\/media?parent=43845"}],"wp:term":[{"taxonomy":"category","embeddable":true,"href":"http:\/\/elterritorialweb.com.ar\/web\/wp-json\/wp\/v2\/categories?post=43845"},{"taxonomy":"post_tag","embeddable":true,"href":"http:\/\/elterritorialweb.com.ar\/web\/wp-json\/wp\/v2\/tags?post=43845"}],"curies":[{"name":"wp","href":"https:\/\/api.w.org\/{rel}","templated":true}]}}