{"id":44086,"date":"2022-08-25T01:47:50","date_gmt":"2022-08-25T01:47:50","guid":{"rendered":"http:\/\/elterritorialweb.com.ar\/web\/?p=44086"},"modified":"2022-08-25T01:47:51","modified_gmt":"2022-08-25T01:47:51","slug":"fuentes-entrego-un-nuevo-camion-grua-a-la-direccion-de-electricidad","status":"publish","type":"post","link":"http:\/\/elterritorialweb.com.ar\/web\/fuentes-entrego-un-nuevo-camion-grua-a-la-direccion-de-electricidad\/","title":{"rendered":"FUENTES ENTREG\u00d3 UN NUEVO CAMI\u00d3N GR\u00daA A LA DIRECCI\u00d3N DE ELECTRICIDAD"},"content":{"rendered":"\n<p>El moderno equipamiento, que puede alcanzar m\u00e1s de 13 metros de altura, cuenta con una doble aislaci\u00f3n el\u00e9ctrica para mayor seguridad de los operadores y soporta hasta 175 kilogramos de carga en su cesta, adem\u00e1s de tener un sistema de urea con emisi\u00f3n de gases que no contaminan el medio ambiente.<\/p>\n\n\n\n<p>En este sentido, la jefa comunal destac\u00f3 que \u00abgracias a esta incorporaci\u00f3n, la repartici\u00f3n contar\u00e1 con una flota de seis gr\u00faas que se complementar\u00e1 con otras dos que se encuentran en reparaci\u00f3n, lo que posibilitar\u00e1 abarcar cada vez m\u00e1s sectores con las tareas de mejoramiento del sistema de alumbrado p\u00fablico\u00bb.<\/p>\n\n\n\n<p>\u00abEn este marco, avanzan las obras de refuncionalizaci\u00f3n lum\u00ednica en todos los barrios, llevando instalados hasta la fecha m\u00e1s de 15 mil nuevos puntos de iluminaci\u00f3n con tecnolog\u00eda LED, previendo alcanzar los 30 mil antes de fin de a\u00f1o\u00bb, resalt\u00f3 la Ing. Fuentes.<\/p>\n\n\n\n<p>Asimismo, la intendente remarc\u00f3 la necesidad \u00abde que todos los vecinos cuidemos el patrimonio urbano, entendiendo que es fundamental empoderarnos del equipamiento que tiene la ciudad; a lo que debemos considerar como propios\u00bb, en referencia a los actos de vandalismo sobre el alumbrado p\u00fablico.<\/p>\n","protected":false},"excerpt":{"rendered":"<p>La intendente de la Capital, Ing. Norma Fuentes, entreg\u00f3 un nuevo cami\u00f3n gr\u00faa con los m\u00e1s altos est\u00e1ndares de seguridad a la Direcci\u00f3n de Electricidad, que permitir\u00e1 optimizar las tareas de mantenimiento del alumbrado p\u00fablico y, de esa manera, seguir dando respuestas a las demandas de los vecinos.<\/p>\n","protected":false},"author":2,"featured_media":44087,"comment_status":"open","ping_status":"open","sticky":false,"template":"","format":"standard","meta":{"om_disable_all_campaigns":false,"_monsterinsights_skip_tracking":false,"_monsterinsights_sitenote_active":false,"_monsterinsights_sitenote_note":"","_monsterinsights_sitenote_category":0,"_uf_show_specific_survey":0,"_uf_disable_surveys":false,"jetpack_post_was_ever_published":false,"_jetpack_newsletter_access":"","_jetpack_dont_email_post_to_subs":false,"_jetpack_newsletter_tier_id":0,"_jetpack_memberships_contains_paywalled_content":false,"_jetpack_memberships_contains_paid_content":false,"footnotes":"","jetpack_publicize_message":"","jetpack_publicize_feature_enabled":true,"jetpack_social_post_already_shared":false,"jetpack_social_options":{"image_generator_settings":{"template":"highway","default_image_id":0,"font":"","enabled":false},"version":2}},"categories":[21],"tags":[],"class_list":["post-44086","post","type-post","status-publish","format-standard","has-post-thumbnail","hentry","category-locales"],"aioseo_notices":[],"views":7,"jetpack_publicize_connections":[],"jetpack_featured_media_url":"https:\/\/i0.wp.com\/elterritorialweb.com.ar\/web\/wp-content\/uploads\/2022\/08\/fuentes-grua.jpeg?fit=1280%2C853","jetpack_sharing_enabled":true,"_links":{"self":[{"href":"http:\/\/elterritorialweb.com.ar\/web\/wp-json\/wp\/v2\/posts\/44086","targetHints":{"allow":["GET"]}}],"collection":[{"href":"http:\/\/elterritorialweb.com.ar\/web\/wp-json\/wp\/v2\/posts"}],"about":[{"href":"http:\/\/elterritorialweb.com.ar\/web\/wp-json\/wp\/v2\/types\/post"}],"author":[{"embeddable":true,"href":"http:\/\/elterritorialweb.com.ar\/web\/wp-json\/wp\/v2\/users\/2"}],"replies":[{"embeddable":true,"href":"http:\/\/elterritorialweb.com.ar\/web\/wp-json\/wp\/v2\/comments?post=44086"}],"version-history":[{"count":1,"href":"http:\/\/elterritorialweb.com.ar\/web\/wp-json\/wp\/v2\/posts\/44086\/revisions"}],"predecessor-version":[{"id":44088,"href":"http:\/\/elterritorialweb.com.ar\/web\/wp-json\/wp\/v2\/posts\/44086\/revisions\/44088"}],"wp:featuredmedia":[{"embeddable":true,"href":"http:\/\/elterritorialweb.com.ar\/web\/wp-json\/wp\/v2\/media\/44087"}],"wp:attachment":[{"href":"http:\/\/elterritorialweb.com.ar\/web\/wp-json\/wp\/v2\/media?parent=44086"}],"wp:term":[{"taxonomy":"category","embeddable":true,"href":"http:\/\/elterritorialweb.com.ar\/web\/wp-json\/wp\/v2\/categories?post=44086"},{"taxonomy":"post_tag","embeddable":true,"href":"http:\/\/elterritorialweb.com.ar\/web\/wp-json\/wp\/v2\/tags?post=44086"}],"curies":[{"name":"wp","href":"https:\/\/api.w.org\/{rel}","templated":true}]}}