{"id":44092,"date":"2022-08-25T02:51:49","date_gmt":"2022-08-25T02:51:49","guid":{"rendered":"http:\/\/elterritorialweb.com.ar\/web\/?p=44092"},"modified":"2022-08-25T02:51:50","modified_gmt":"2022-08-25T02:51:50","slug":"ella-hace-historia-llega-a-santiago-del-estero","status":"publish","type":"post","link":"http:\/\/elterritorialweb.com.ar\/web\/ella-hace-historia-llega-a-santiago-del-estero\/","title":{"rendered":"\u00abELLA HACE HISTORIA\u00bb LLEGA A SANTIAGO DEL ESTERO"},"content":{"rendered":"\n<p>Este programa que ya se ha desarrollado en diferentes ciudades del pa\u00eds, est\u00e1 dirigido a mujeres mayores de 18 a\u00f1os que tengan un emprendimiento, negocio y\/o proyecto en marcha, cuenten con acceso y habilidades b\u00e1sicas en el uso de internet y tengan disponibilidad para participar en la formaci\u00f3n presencial.<br>Los principales objetivos del programa son:<\/p>\n\n\n\n<p>-Fortalecer el conocimiento en competencias tecnol\u00f3gicas de emprendedoras mediante la capacitaci\u00f3n en herramientas digitales (Instagram, Facebook y WhatsApp Business) que les permitan potenciar el impacto de los emprendimientos que llevan adelante en sus comunidades.<\/p>\n\n\n\n<p>-Capacitar a las emprendedoras en temas vinculados con finanzas, para que puedan aplicar estos conocimientos en sus emprendimientos, negocios y\/o proyectos en marcha.<\/p>\n\n\n\n<p>-Recrear la cultura de la articulaci\u00f3n en Redes como forma de realizaci\u00f3n personal y desarrollo comunitario. Las emprendedoras se conectan con otras emprendedoras y crean redes que les dan apoyo y sost\u00e9n para crecer juntas y construir alianzas.<br>-Se van a realizar 2 talleres presenciales (finanzas y herramientas digitales) seg\u00fan detalle:<\/p>\n\n\n\n<p>Lugar: C\u00e1mara de Comercio de Santiago del Estero &#8211; Av. Roca Sur 678, 2\u00b0 Piso<\/p>\n\n\n\n<p>Viernes 2 de Septiembre &#8211; 18 a 20 hs. Taller de Finanzas.<\/p>\n\n\n\n<p>S\u00e1bado 3 de Septiembre &#8211; 9 a 12 hs. Taller de Herramientas Digitales.<\/p>\n\n\n\n<figure class=\"wp-block-image size-large\"><a href=\"https:\/\/i0.wp.com\/elterritorialweb.com.ar\/web\/wp-content\/uploads\/2022\/08\/WhatsApp-Image-2022-08-24-at-10.52.52-AM.jpeg\"><img data-recalc-dims=\"1\" decoding=\"async\" width=\"640\" height=\"640\" data-src=\"https:\/\/i0.wp.com\/elterritorialweb.com.ar\/web\/wp-content\/uploads\/2022\/08\/WhatsApp-Image-2022-08-24-at-10.52.52-AM.jpeg?resize=640%2C640\" alt=\"\" class=\"wp-image-44094 lazyload\" data-srcset=\"https:\/\/i0.wp.com\/elterritorialweb.com.ar\/web\/wp-content\/uploads\/2022\/08\/WhatsApp-Image-2022-08-24-at-10.52.52-AM.jpeg?resize=1024%2C1024 1024w, https:\/\/i0.wp.com\/elterritorialweb.com.ar\/web\/wp-content\/uploads\/2022\/08\/WhatsApp-Image-2022-08-24-at-10.52.52-AM.jpeg?resize=300%2C300 300w, https:\/\/i0.wp.com\/elterritorialweb.com.ar\/web\/wp-content\/uploads\/2022\/08\/WhatsApp-Image-2022-08-24-at-10.52.52-AM.jpeg?resize=150%2C150 150w, https:\/\/i0.wp.com\/elterritorialweb.com.ar\/web\/wp-content\/uploads\/2022\/08\/WhatsApp-Image-2022-08-24-at-10.52.52-AM.jpeg?resize=768%2C768 768w, https:\/\/i0.wp.com\/elterritorialweb.com.ar\/web\/wp-content\/uploads\/2022\/08\/WhatsApp-Image-2022-08-24-at-10.52.52-AM.jpeg?w=1080 1080w\" data-sizes=\"(max-width: 640px) 100vw, 640px\" src=\"data:image\/svg+xml;base64,PHN2ZyB3aWR0aD0iMSIgaGVpZ2h0PSIxIiB4bWxucz0iaHR0cDovL3d3dy53My5vcmcvMjAwMC9zdmciPjwvc3ZnPg==\" style=\"--smush-placeholder-width: 640px; --smush-placeholder-aspect-ratio: 640\/640;\" \/><\/a><\/figure>\n\n\n\n<p>La capacitaci\u00f3n es GRATUITA y quienes deseen participar deber\u00e1n realizar la inscripci\u00f3n previa en el siguiente link: https:\/\/forms.gle\/KkZ24ZtBxvDsd14g6<br>Para m\u00e1s informaci\u00f3n sobre el programa Ella Hace Historia te invitamos a visitar www.vocesvitales.org.ar y segu\u00ed las redes sociales: @VocesVitalesconosur donde encontrar\u00e1s el formulario de inscripci\u00f3n. Cualquier duda escr\u00edbenos a ellahacehistoria@vitalnetwork.org<\/p>\n\n\n\n<p><\/p>\n","protected":false},"excerpt":{"rendered":"<p>De la mano de Voces Vitales Cono Sur llega a Santiago del Estero, impulsado por la Red de Mujeres Santiague\u00f1as EmpoderarSE, la exitosa iniciativa global de Meta que surge para impulsar el empoderamiento econ\u00f3mico de las mujeres a trav\u00e9s del fortalecimiento de sus competencias financieras y tecnol\u00f3gicas de forma gratuita.<\/p>\n","protected":false},"author":2,"featured_media":44093,"comment_status":"open","ping_status":"open","sticky":false,"template":"","format":"standard","meta":{"om_disable_all_campaigns":false,"_monsterinsights_skip_tracking":false,"_monsterinsights_sitenote_active":false,"_monsterinsights_sitenote_note":"","_monsterinsights_sitenote_category":0,"_uf_show_specific_survey":0,"_uf_disable_surveys":false,"jetpack_post_was_ever_published":false,"_jetpack_newsletter_access":"","_jetpack_dont_email_post_to_subs":false,"_jetpack_newsletter_tier_id":0,"_jetpack_memberships_contains_paywalled_content":false,"_jetpack_memberships_contains_paid_content":false,"footnotes":"","jetpack_publicize_message":"","jetpack_publicize_feature_enabled":true,"jetpack_social_post_already_shared":false,"jetpack_social_options":{"image_generator_settings":{"template":"highway","default_image_id":0,"font":"","enabled":false},"version":2}},"categories":[21],"tags":[],"class_list":["post-44092","post","type-post","status-publish","format-standard","has-post-thumbnail","hentry","category-locales"],"aioseo_notices":[],"views":26,"jetpack_publicize_connections":[],"jetpack_featured_media_url":"https:\/\/i0.wp.com\/elterritorialweb.com.ar\/web\/wp-content\/uploads\/2022\/08\/WhatsApp-Image-2022-08-24-at-10.52.53-AM.jpeg?fit=1280%2C736","jetpack_sharing_enabled":true,"_links":{"self":[{"href":"http:\/\/elterritorialweb.com.ar\/web\/wp-json\/wp\/v2\/posts\/44092","targetHints":{"allow":["GET"]}}],"collection":[{"href":"http:\/\/elterritorialweb.com.ar\/web\/wp-json\/wp\/v2\/posts"}],"about":[{"href":"http:\/\/elterritorialweb.com.ar\/web\/wp-json\/wp\/v2\/types\/post"}],"author":[{"embeddable":true,"href":"http:\/\/elterritorialweb.com.ar\/web\/wp-json\/wp\/v2\/users\/2"}],"replies":[{"embeddable":true,"href":"http:\/\/elterritorialweb.com.ar\/web\/wp-json\/wp\/v2\/comments?post=44092"}],"version-history":[{"count":1,"href":"http:\/\/elterritorialweb.com.ar\/web\/wp-json\/wp\/v2\/posts\/44092\/revisions"}],"predecessor-version":[{"id":44095,"href":"http:\/\/elterritorialweb.com.ar\/web\/wp-json\/wp\/v2\/posts\/44092\/revisions\/44095"}],"wp:featuredmedia":[{"embeddable":true,"href":"http:\/\/elterritorialweb.com.ar\/web\/wp-json\/wp\/v2\/media\/44093"}],"wp:attachment":[{"href":"http:\/\/elterritorialweb.com.ar\/web\/wp-json\/wp\/v2\/media?parent=44092"}],"wp:term":[{"taxonomy":"category","embeddable":true,"href":"http:\/\/elterritorialweb.com.ar\/web\/wp-json\/wp\/v2\/categories?post=44092"},{"taxonomy":"post_tag","embeddable":true,"href":"http:\/\/elterritorialweb.com.ar\/web\/wp-json\/wp\/v2\/tags?post=44092"}],"curies":[{"name":"wp","href":"https:\/\/api.w.org\/{rel}","templated":true}]}}