{"id":44096,"date":"2022-08-25T03:34:37","date_gmt":"2022-08-25T03:34:37","guid":{"rendered":"http:\/\/elterritorialweb.com.ar\/web\/?p=44096"},"modified":"2022-08-25T03:48:55","modified_gmt":"2022-08-25T03:48:55","slug":"fernandez-cristina-kirchner-no-cometio-ninguno-de-los-delitos-que-le-atribuyen","status":"publish","type":"post","link":"http:\/\/elterritorialweb.com.ar\/web\/fernandez-cristina-kirchner-no-cometio-ninguno-de-los-delitos-que-le-atribuyen\/","title":{"rendered":"FERN\u00c1NDEZ: \u00abCRISTINA KIRCHNER NO COMETI\u00d3 NINGUNO DE LOS DELITOS QUE SE LE ATRIBUYEN\u00bb"},"content":{"rendered":"\n<p>El presidente\u00a0<strong>Alberto Fern\u00e1ndez asegur\u00f3 que la vicepresidenta Cristina Kirchner no cometi\u00f3 ninguno de los delitos<\/strong>\u00a0de los que fue acusada en la causa Vialidad por el fiscal Diego Luciani, quien\u00a0pidi\u00f3 una pena de 12 a\u00f1os de prisi\u00f3n y la inhabilitaci\u00f3n perpetua\u00a0para ocupar cargos p\u00fablicos.<\/p>\n\n\n\n<p>El mandatario destac\u00f3 que\u00a0<strong>\u00abCristina Kirchner no cometi\u00f3 ninguno de los delitos que se le atribuyen\u00bb<\/strong>\u00a0y que\u00a0<strong>\u00abes una mujer honesta\u00bb<\/strong>. Por ello, aprovech\u00f3 para remarcar el rol desempe\u00f1ado por el fiscal durante el procedimiento. \u00abDice poco, dice que ella no pudo no saber. Dice cosas tales como que el Gobierno es una asociaci\u00f3n il\u00edcita. No lo conozco a Luciani, pero tiene debilidad lo que ha dicho\u00bb, detall\u00f3 en una entrevista en\u00a0<em>TN<\/em>.<\/p>\n\n\n\n<p>A Fern\u00e1ndez le consultaron por un posible indulto presidencial para la vicepresidenta en caso de ser condenada. Ante esta situaci\u00f3n, fue contundente:&nbsp;<strong>\u00abLa que no quiere pensar en un indulto es Cristina, se nota por el retuit que hizo de una publicaci\u00f3n de Oscar Parrilli. De mi parte siempre dije lo mismo, el indulto es una r\u00e9mora que qued\u00f3 en la Constituci\u00f3n Nacional de las monarqu\u00edas<\/strong>&nbsp;(&#8230;) Quiero hacer una reflexi\u00f3n. Ese an\u00e1lisis cr\u00edtico supone el funcionamiento de una Justicia a pleno, pero tenemos una Justicia que se parece m\u00e1s a una monarqu\u00eda que a un sistema republicano\u00bb.<\/p>\n\n\n\n<figure class=\"wp-block-image size-full\"><a href=\"https:\/\/i0.wp.com\/elterritorialweb.com.ar\/web\/wp-content\/uploads\/2022\/08\/ALBERTO-FERNANDEZ-EN-TN-1.jpg\"><img data-recalc-dims=\"1\" decoding=\"async\" width=\"640\" height=\"360\" data-src=\"https:\/\/i0.wp.com\/elterritorialweb.com.ar\/web\/wp-content\/uploads\/2022\/08\/ALBERTO-FERNANDEZ-EN-TN-1.jpg?resize=640%2C360\" alt=\"\" class=\"wp-image-44100 lazyload\" data-srcset=\"https:\/\/i0.wp.com\/elterritorialweb.com.ar\/web\/wp-content\/uploads\/2022\/08\/ALBERTO-FERNANDEZ-EN-TN-1.jpg?w=950 950w, https:\/\/i0.wp.com\/elterritorialweb.com.ar\/web\/wp-content\/uploads\/2022\/08\/ALBERTO-FERNANDEZ-EN-TN-1.jpg?resize=300%2C169 300w, https:\/\/i0.wp.com\/elterritorialweb.com.ar\/web\/wp-content\/uploads\/2022\/08\/ALBERTO-FERNANDEZ-EN-TN-1.jpg?resize=768%2C432 768w\" data-sizes=\"(max-width: 640px) 100vw, 640px\" src=\"data:image\/svg+xml;base64,PHN2ZyB3aWR0aD0iMSIgaGVpZ2h0PSIxIiB4bWxucz0iaHR0cDovL3d3dy53My5vcmcvMjAwMC9zdmciPjwvc3ZnPg==\" style=\"--smush-placeholder-width: 640px; --smush-placeholder-aspect-ratio: 640\/360;\" \/><\/a><\/figure>\n\n\n\n<p><strong>\u00abNo tendr\u00edamos que hablar del indulto porque no hay ninguna condena. Tenemos un proceso en marcha, un fiscal que ha acusado. \u00a1No sabemos c\u00f3mo se va a resolver!\u00bb<\/strong>, manifest\u00f3 el jefe de Estado acerca de la persecuci\u00f3n medi\u00e1tica sobre la expresidenta. Y cuestion\u00f3 la reiteraci\u00f3n sistem\u00e1tica del tema en los medios de comunicaci\u00f3n hegem\u00f3nicos:&nbsp;<strong>\u00abTodo el d\u00eda hablaron del indulto porque instalaron una condena medi\u00e1tica\u00bb<\/strong>.<\/p>\n\n\n\n<p>Durante la entrevista y a prop\u00f3sito de la persecuci\u00f3n a pol\u00edticos y empresarios, el Presidente marc\u00f3 cual es el gran objetivo a conseguir sobre la estructura judicial:&nbsp;<strong>\u00abTenemos que ser firmes en que haya un sistema judicial independiente y que se conozca el patrimonio y los bienes de los jueces.<\/strong>&nbsp;Soy hijo de un juez que los militares dejaron cesante en 1976. En ese momento viv\u00edamos en un departamento alquilado, a ocho cuadras de la cancha de Argentinos Juniors, y su auto era modelo 49. No ten\u00eda mansiones en countries como tienen algunos jueces\u00bb.<\/p>\n","protected":false},"excerpt":{"rendered":"<p>El mandatario asegur\u00f3 que la vicepresidenta es inocente de las acusaciones que le hizo el fiscal Luciani en la causa Vialidad.<\/p>\n","protected":false},"author":2,"featured_media":44097,"comment_status":"open","ping_status":"open","sticky":false,"template":"","format":"standard","meta":{"om_disable_all_campaigns":false,"_monsterinsights_skip_tracking":false,"_monsterinsights_sitenote_active":false,"_monsterinsights_sitenote_note":"","_monsterinsights_sitenote_category":0,"_uf_show_specific_survey":0,"_uf_disable_surveys":false,"jetpack_post_was_ever_published":false,"_jetpack_newsletter_access":"","_jetpack_dont_email_post_to_subs":false,"_jetpack_newsletter_tier_id":0,"_jetpack_memberships_contains_paywalled_content":false,"_jetpack_memberships_contains_paid_content":false,"footnotes":"","jetpack_publicize_message":"","jetpack_publicize_feature_enabled":true,"jetpack_social_post_already_shared":false,"jetpack_social_options":{"image_generator_settings":{"template":"highway","default_image_id":0,"font":"","enabled":false},"version":2}},"categories":[4,18],"tags":[],"class_list":["post-44096","post","type-post","status-publish","format-standard","has-post-thumbnail","hentry","category-destacadas","category-politica"],"aioseo_notices":[],"views":12,"jetpack_publicize_connections":[],"jetpack_featured_media_url":"https:\/\/i0.wp.com\/elterritorialweb.com.ar\/web\/wp-content\/uploads\/2022\/08\/image-30.png?fit=790%2C553","jetpack_sharing_enabled":true,"_links":{"self":[{"href":"http:\/\/elterritorialweb.com.ar\/web\/wp-json\/wp\/v2\/posts\/44096","targetHints":{"allow":["GET"]}}],"collection":[{"href":"http:\/\/elterritorialweb.com.ar\/web\/wp-json\/wp\/v2\/posts"}],"about":[{"href":"http:\/\/elterritorialweb.com.ar\/web\/wp-json\/wp\/v2\/types\/post"}],"author":[{"embeddable":true,"href":"http:\/\/elterritorialweb.com.ar\/web\/wp-json\/wp\/v2\/users\/2"}],"replies":[{"embeddable":true,"href":"http:\/\/elterritorialweb.com.ar\/web\/wp-json\/wp\/v2\/comments?post=44096"}],"version-history":[{"count":3,"href":"http:\/\/elterritorialweb.com.ar\/web\/wp-json\/wp\/v2\/posts\/44096\/revisions"}],"predecessor-version":[{"id":44102,"href":"http:\/\/elterritorialweb.com.ar\/web\/wp-json\/wp\/v2\/posts\/44096\/revisions\/44102"}],"wp:featuredmedia":[{"embeddable":true,"href":"http:\/\/elterritorialweb.com.ar\/web\/wp-json\/wp\/v2\/media\/44097"}],"wp:attachment":[{"href":"http:\/\/elterritorialweb.com.ar\/web\/wp-json\/wp\/v2\/media?parent=44096"}],"wp:term":[{"taxonomy":"category","embeddable":true,"href":"http:\/\/elterritorialweb.com.ar\/web\/wp-json\/wp\/v2\/categories?post=44096"},{"taxonomy":"post_tag","embeddable":true,"href":"http:\/\/elterritorialweb.com.ar\/web\/wp-json\/wp\/v2\/tags?post=44096"}],"curies":[{"name":"wp","href":"https:\/\/api.w.org\/{rel}","templated":true}]}}