{"id":445,"date":"2020-02-23T01:34:38","date_gmt":"2020-02-23T01:34:38","guid":{"rendered":"http:\/\/elterritorialweb.com.ar\/web\/?p=445"},"modified":"2020-02-23T01:34:41","modified_gmt":"2020-02-23T01:34:41","slug":"entrega-de-viviendas-sociales-en-salavina","status":"publish","type":"post","link":"http:\/\/elterritorialweb.com.ar\/web\/entrega-de-viviendas-sociales-en-salavina\/","title":{"rendered":"ENTREGA DE VIVIENDAS SOCIALES EN SALAVINA"},"content":{"rendered":"\n<p><\/p>\n\n\n\n<p>Una nueva entrega de viviendas sociales se realiz\u00f3 en los distintos parajes del  departamento Salavina. En esta oportunidad 21 familias fueron beneficiadas con la habilitaci\u00f3n de estas casas, totalmente amobladas y que fueron construidas por la Comisi\u00f3n Municipal, bajo el programa provincial para erradicar ranchos, en los parajes de La Bajada, Santa Luc\u00eda, El Boquer\u00f3n, La Paloma, Totora, Ancocha, Barrancas y Chilca Juliana.<\/p>\n\n\n\n<p>Los nuevos propietarios mostraron su felicidad y agradecimiento al ministro Nicolai, quien fue el encargado de hacer entrega de las llaves en representaci\u00f3n del gobernador Gerardo Zamora.<br><\/p>\n","protected":false},"excerpt":{"rendered":"<p>En Chilca Juliana, se habilitaron 21 viviendas sociales. El Ministro Angel Nicolai estuvo presente en el acto de entrega de llaves.<\/p>\n","protected":false},"author":2,"featured_media":448,"comment_status":"open","ping_status":"open","sticky":false,"template":"","format":"standard","meta":{"om_disable_all_campaigns":false,"_monsterinsights_skip_tracking":false,"_monsterinsights_sitenote_active":false,"_monsterinsights_sitenote_note":"","_monsterinsights_sitenote_category":0,"_uf_show_specific_survey":0,"_uf_disable_surveys":false,"jetpack_post_was_ever_published":false,"_jetpack_newsletter_access":"","_jetpack_dont_email_post_to_subs":false,"_jetpack_newsletter_tier_id":0,"_jetpack_memberships_contains_paywalled_content":false,"_jetpack_memberships_contains_paid_content":false,"footnotes":"","jetpack_publicize_message":"","jetpack_publicize_feature_enabled":true,"jetpack_social_post_already_shared":false,"jetpack_social_options":{"image_generator_settings":{"template":"highway","default_image_id":0,"font":"","enabled":false},"version":2}},"categories":[21],"tags":[],"class_list":["post-445","post","type-post","status-publish","format-standard","has-post-thumbnail","hentry","category-locales"],"aioseo_notices":[],"views":9,"jetpack_publicize_connections":[],"jetpack_featured_media_url":"https:\/\/i0.wp.com\/elterritorialweb.com.ar\/web\/wp-content\/uploads\/2020\/02\/VIV1.jpg?fit=958%2C640","jetpack_sharing_enabled":true,"_links":{"self":[{"href":"http:\/\/elterritorialweb.com.ar\/web\/wp-json\/wp\/v2\/posts\/445","targetHints":{"allow":["GET"]}}],"collection":[{"href":"http:\/\/elterritorialweb.com.ar\/web\/wp-json\/wp\/v2\/posts"}],"about":[{"href":"http:\/\/elterritorialweb.com.ar\/web\/wp-json\/wp\/v2\/types\/post"}],"author":[{"embeddable":true,"href":"http:\/\/elterritorialweb.com.ar\/web\/wp-json\/wp\/v2\/users\/2"}],"replies":[{"embeddable":true,"href":"http:\/\/elterritorialweb.com.ar\/web\/wp-json\/wp\/v2\/comments?post=445"}],"version-history":[{"count":1,"href":"http:\/\/elterritorialweb.com.ar\/web\/wp-json\/wp\/v2\/posts\/445\/revisions"}],"predecessor-version":[{"id":450,"href":"http:\/\/elterritorialweb.com.ar\/web\/wp-json\/wp\/v2\/posts\/445\/revisions\/450"}],"wp:featuredmedia":[{"embeddable":true,"href":"http:\/\/elterritorialweb.com.ar\/web\/wp-json\/wp\/v2\/media\/448"}],"wp:attachment":[{"href":"http:\/\/elterritorialweb.com.ar\/web\/wp-json\/wp\/v2\/media?parent=445"}],"wp:term":[{"taxonomy":"category","embeddable":true,"href":"http:\/\/elterritorialweb.com.ar\/web\/wp-json\/wp\/v2\/categories?post=445"},{"taxonomy":"post_tag","embeddable":true,"href":"http:\/\/elterritorialweb.com.ar\/web\/wp-json\/wp\/v2\/tags?post=445"}],"curies":[{"name":"wp","href":"https:\/\/api.w.org\/{rel}","templated":true}]}}