{"id":45556,"date":"2022-10-10T02:59:40","date_gmt":"2022-10-10T02:59:40","guid":{"rendered":"http:\/\/elterritorialweb.com.ar\/web\/?p=45556"},"modified":"2022-10-10T03:02:55","modified_gmt":"2022-10-10T03:02:55","slug":"el-gobierno-anunciara-cambios-en-el-gabinete","status":"publish","type":"post","link":"http:\/\/elterritorialweb.com.ar\/web\/el-gobierno-anunciara-cambios-en-el-gabinete\/","title":{"rendered":"EL GOBIERNO ANUNCIAR\u00c1 CAMBIOS EN EL GABINETE"},"content":{"rendered":"\n<p>El presidente Alberto Fern\u00e1ndez anunciar\u00e1 este lunes una serie de cambios en el equipo ministerial,\u00a0tras la renuncia el viernes \u00faltimo de Elizabeth G\u00f3mez Alcorta a la cartera de Mujeres, G\u00e9neros y Diversidades.<\/p>\n\n\n\n<p>Formalizada el viernes \u00faltimo la dimisi\u00f3n de G\u00f3mez Alcorta, este lunes se dar\u00e1 a conocer a la reemplazante para ese cargo junto a los nuevos titulares de las carteras de Trabajo y Desarrollo Social, donde el jefe de Estado tambi\u00e9n producir\u00e1 cambios.<\/p>\n\n\n\n<p>En estos dos casos, el Presidente estuvo en las \u00faltimas horas analizando las designaciones, luego de que Claudio Moroni y Juan Zabaleta le adelantaran en distintos momentos que antes de fin de a\u00f1o tendr\u00edan que dejar sus lugares.<\/p>\n\n\n\n<p><strong>La renovaci\u00f3n de estos tres ministerios del gobierno fue el eje de las conversaciones que mantuvo el jefe de Estado este fin de semana en la Residencia de Olivos junto a sus colaboradores m\u00e1s cercanos<\/strong>, seg\u00fan pudo saber T\u00e9lam de fuentes oficiales.<\/p>\n\n\n\n<p>Luego de aceptar la renuncia presentada por G\u00f3mez Alcorta el viernes \u00faltimo, Fern\u00e1ndez le agradeci\u00f3 la labor desempe\u00f1ada y decidi\u00f3 realizar recambios en las otras \u00e1reas del Gabinete.<\/p>\n\n\n\n<p>En su carta de renuncia \u00abindeclinable\u00bb, la ahora exfuncionaria critic\u00f3 el desalojo por orden judicial realizado por fuerzas federales el martes \u00faltimo en los predios que ocupaba la comunidad Lof Lafken Winkul Mapu en Villa Mascardi, en la provincia de R\u00edo Negro.<\/p>\n\n\n\n<p>El ministro de Seguridad, An\u00edbal Fern\u00e1ndez, defendi\u00f3 este domingo la labor de las fuerzas y diferenci\u00f3 lo hecho bajo su gesti\u00f3n en Villa Mascardi respecto a lo actuado cuando la cartera era ocupada por Patricia Bullrich, en el Gobierno de Cambiemos.<\/p>\n\n\n\n<p>En un hilo de tuits, Fern\u00e1ndez subray\u00f3 que \u00ab<strong>el primer derecho humano fundamental es la vida\u00bb<\/strong>\u00a0y record\u00f3 que el operativo del martes pasado fue \u00aben cumplimiento de la ley y de \u00f3rdenes judiciales\u00bb, una obligaci\u00f3n que \u00abno es un men\u00fa a la carta\u00bb, advirti\u00f3.<\/p>\n\n\n\n<figure class=\"wp-block-embed is-type-rich is-provider-twitter wp-block-embed-twitter\"><div class=\"wp-block-embed__wrapper\">\n<blockquote class=\"twitter-tweet\" data-width=\"550\" data-dnt=\"true\"><p lang=\"es\" dir=\"ltr\">Leo con estupor que se quiere comparar la acci\u00f3n de las fuerzas en Villa Mascardi, con la cacer\u00eda humana que realiz\u00f3 en el pasado el gobierno de Cambiemos. (Sigue)<\/p>&mdash; An\u00edbal Fern\u00e1ndez (@FernandezAnibal) <a href=\"https:\/\/twitter.com\/FernandezAnibal\/status\/1579092624690094082?ref_src=twsrc%5Etfw\">October 9, 2022<\/a><\/blockquote><script async src=\"https:\/\/platform.twitter.com\/widgets.js\" charset=\"utf-8\"><\/script>\n<\/div><\/figure>\n\n\n\n<p><\/p>\n","protected":false},"excerpt":{"rendered":"<p>Tras la renuncia de Elizabeth G\u00f3mez Alcorta, el jefe de Estado dar\u00e1 a conocer este lunes su reemplazo como as\u00ed tambi\u00e9n los de Juan Zabaleta y Claudio Moroni.<\/p>\n","protected":false},"author":2,"featured_media":45196,"comment_status":"open","ping_status":"open","sticky":false,"template":"","format":"standard","meta":{"om_disable_all_campaigns":false,"_monsterinsights_skip_tracking":false,"_monsterinsights_sitenote_active":false,"_monsterinsights_sitenote_note":"","_monsterinsights_sitenote_category":0,"_uf_show_specific_survey":0,"_uf_disable_surveys":false,"jetpack_post_was_ever_published":false,"_jetpack_newsletter_access":"","_jetpack_dont_email_post_to_subs":false,"_jetpack_newsletter_tier_id":0,"_jetpack_memberships_contains_paywalled_content":false,"_jetpack_memberships_contains_paid_content":false,"footnotes":"","jetpack_publicize_message":"","jetpack_publicize_feature_enabled":true,"jetpack_social_post_already_shared":false,"jetpack_social_options":{"image_generator_settings":{"template":"highway","default_image_id":0,"font":"","enabled":false},"version":2}},"categories":[4,18],"tags":[],"class_list":["post-45556","post","type-post","status-publish","format-standard","has-post-thumbnail","hentry","category-destacadas","category-politica"],"aioseo_notices":[],"views":7,"jetpack_publicize_connections":[],"jetpack_featured_media_url":"https:\/\/i0.wp.com\/elterritorialweb.com.ar\/web\/wp-content\/uploads\/2022\/09\/FERNANDEZ-CONFERENCIA.jpg?fit=1940%2C1293","jetpack_sharing_enabled":true,"_links":{"self":[{"href":"http:\/\/elterritorialweb.com.ar\/web\/wp-json\/wp\/v2\/posts\/45556","targetHints":{"allow":["GET"]}}],"collection":[{"href":"http:\/\/elterritorialweb.com.ar\/web\/wp-json\/wp\/v2\/posts"}],"about":[{"href":"http:\/\/elterritorialweb.com.ar\/web\/wp-json\/wp\/v2\/types\/post"}],"author":[{"embeddable":true,"href":"http:\/\/elterritorialweb.com.ar\/web\/wp-json\/wp\/v2\/users\/2"}],"replies":[{"embeddable":true,"href":"http:\/\/elterritorialweb.com.ar\/web\/wp-json\/wp\/v2\/comments?post=45556"}],"version-history":[{"count":1,"href":"http:\/\/elterritorialweb.com.ar\/web\/wp-json\/wp\/v2\/posts\/45556\/revisions"}],"predecessor-version":[{"id":45557,"href":"http:\/\/elterritorialweb.com.ar\/web\/wp-json\/wp\/v2\/posts\/45556\/revisions\/45557"}],"wp:featuredmedia":[{"embeddable":true,"href":"http:\/\/elterritorialweb.com.ar\/web\/wp-json\/wp\/v2\/media\/45196"}],"wp:attachment":[{"href":"http:\/\/elterritorialweb.com.ar\/web\/wp-json\/wp\/v2\/media?parent=45556"}],"wp:term":[{"taxonomy":"category","embeddable":true,"href":"http:\/\/elterritorialweb.com.ar\/web\/wp-json\/wp\/v2\/categories?post=45556"},{"taxonomy":"post_tag","embeddable":true,"href":"http:\/\/elterritorialweb.com.ar\/web\/wp-json\/wp\/v2\/tags?post=45556"}],"curies":[{"name":"wp","href":"https:\/\/api.w.org\/{rel}","templated":true}]}}