{"id":45558,"date":"2022-10-10T03:30:43","date_gmt":"2022-10-10T03:30:43","guid":{"rendered":"http:\/\/elterritorialweb.com.ar\/web\/?p=45558"},"modified":"2022-10-10T12:55:26","modified_gmt":"2022-10-10T12:55:26","slug":"la-unse-entregara-el-honoris-causa-al-cientifico-julio-navarro","status":"publish","type":"post","link":"http:\/\/elterritorialweb.com.ar\/web\/la-unse-entregara-el-honoris-causa-al-cientifico-julio-navarro\/","title":{"rendered":"LA UNSE ENTREGAR\u00c1 EL HONORIS CAUSA AL CIENT\u00cdFICO JULIO NAVARRO"},"content":{"rendered":"\n<p>La ceremonia contar\u00e1 con la presencia del rector H\u00e9ctor Paz, la vicerrectora Lic. Marcela Ju\u00e1rez; autoridades de Rectorado, de Facultades y Escuelas de la UNSE.<br>Navarro recibir\u00e1 el Honoris Causa UNSE por su destacada trayectoria en el mundo cient\u00edfico que lo llev\u00f3 a integrar la lista de los investigadores m\u00e1s importantes del mundo.<br>La postulaci\u00f3n del doctor Navarro fue propuesta desde la Escuela Normal Superior General Manuel Belgrano e integrantes de la Asociaci\u00f3n Cooperadora, a trav\u00e9s de su Rectora Graciela Corpos, teniendo en cuenta que Navarro es ex alumno de dicha instituci\u00f3n.<br>Tambi\u00e9n se sumaron la Facultad de Agronom\u00eda y Agroindustrias y la Facultad de Ciencias Exactas y Tecnolog\u00edas.<br>Julio Fernando Navarro realiz\u00f3 en Santiago del Estero sus estudios primarios y secundarios. Luego, en C\u00f3rdoba, se gradu\u00f3 de Licenciado en Astronom\u00eda.<br>Por sus m\u00e9ritos acad\u00e9micos obtuvo una beca del CONICET con la cual pudo comenzar sus estudios de posgrado y se gradu\u00f3 como Doctor en Ciencias F\u00edsicas y Naturales perfeccion\u00e1ndose en temas inherentes a la F\u00edsica y la Astronom\u00eda.<br>Seguidamente, gan\u00f3 una beca para continuar sus estudios posdoctorales en la Universidad de Harvard de los Estados Unidos.<br>Navarro es el \u00fanico argentino que fue incluido en la lista selecta realizada por Citation Laureates con grandes posibilidades de ser nominado para el Premio Nobel de F\u00edsica 2020. En ese a\u00f1o integr\u00f3 la n\u00f3mina de cient\u00edficos m\u00e1s importantes del mundo.<br>Es reconocido por su investigaci\u00f3n sobre la estructura de los halos de materia oscura, la misteriosa sustancia que mantiene unida a las galaxias.<br>Es un experto distinguido por sus investigaciones sobre formaci\u00f3n y evoluci\u00f3n de las galaxias.<\/p>\n","protected":false},"excerpt":{"rendered":"<p>El martes 11 de octubre, a las 19, se realizar\u00e1 el Acto de Investidura del t\u00edtulo Doctor Honoris Causa al santiague\u00f1o Julio Fernando Navarro, doctor en Ciencias F\u00edsicas y Naturales, experto distinguido a nivel mundial por sus investigaciones sobre formaci\u00f3n y evoluci\u00f3n de las galaxias.<\/p>\n","protected":false},"author":2,"featured_media":45559,"comment_status":"open","ping_status":"open","sticky":false,"template":"","format":"standard","meta":{"om_disable_all_campaigns":false,"_monsterinsights_skip_tracking":false,"_monsterinsights_sitenote_active":false,"_monsterinsights_sitenote_note":"","_monsterinsights_sitenote_category":0,"_uf_show_specific_survey":0,"_uf_disable_surveys":false,"jetpack_post_was_ever_published":false,"_jetpack_newsletter_access":"","_jetpack_dont_email_post_to_subs":false,"_jetpack_newsletter_tier_id":0,"_jetpack_memberships_contains_paywalled_content":false,"_jetpack_memberships_contains_paid_content":false,"footnotes":"","jetpack_publicize_message":"","jetpack_publicize_feature_enabled":true,"jetpack_social_post_already_shared":false,"jetpack_social_options":{"image_generator_settings":{"template":"highway","default_image_id":0,"font":"","enabled":false},"version":2}},"categories":[21],"tags":[],"class_list":["post-45558","post","type-post","status-publish","format-standard","has-post-thumbnail","hentry","category-locales"],"aioseo_notices":[],"views":14,"jetpack_publicize_connections":[],"jetpack_featured_media_url":"https:\/\/i0.wp.com\/elterritorialweb.com.ar\/web\/wp-content\/uploads\/2022\/10\/IMG-20221010-WA0000.jpg?fit=1024%2C683","jetpack_sharing_enabled":true,"_links":{"self":[{"href":"http:\/\/elterritorialweb.com.ar\/web\/wp-json\/wp\/v2\/posts\/45558","targetHints":{"allow":["GET"]}}],"collection":[{"href":"http:\/\/elterritorialweb.com.ar\/web\/wp-json\/wp\/v2\/posts"}],"about":[{"href":"http:\/\/elterritorialweb.com.ar\/web\/wp-json\/wp\/v2\/types\/post"}],"author":[{"embeddable":true,"href":"http:\/\/elterritorialweb.com.ar\/web\/wp-json\/wp\/v2\/users\/2"}],"replies":[{"embeddable":true,"href":"http:\/\/elterritorialweb.com.ar\/web\/wp-json\/wp\/v2\/comments?post=45558"}],"version-history":[{"count":1,"href":"http:\/\/elterritorialweb.com.ar\/web\/wp-json\/wp\/v2\/posts\/45558\/revisions"}],"predecessor-version":[{"id":45560,"href":"http:\/\/elterritorialweb.com.ar\/web\/wp-json\/wp\/v2\/posts\/45558\/revisions\/45560"}],"wp:featuredmedia":[{"embeddable":true,"href":"http:\/\/elterritorialweb.com.ar\/web\/wp-json\/wp\/v2\/media\/45559"}],"wp:attachment":[{"href":"http:\/\/elterritorialweb.com.ar\/web\/wp-json\/wp\/v2\/media?parent=45558"}],"wp:term":[{"taxonomy":"category","embeddable":true,"href":"http:\/\/elterritorialweb.com.ar\/web\/wp-json\/wp\/v2\/categories?post=45558"},{"taxonomy":"post_tag","embeddable":true,"href":"http:\/\/elterritorialweb.com.ar\/web\/wp-json\/wp\/v2\/tags?post=45558"}],"curies":[{"name":"wp","href":"https:\/\/api.w.org\/{rel}","templated":true}]}}