{"id":45561,"date":"2022-10-10T15:08:09","date_gmt":"2022-10-10T15:08:09","guid":{"rendered":"http:\/\/elterritorialweb.com.ar\/web\/?p=45561"},"modified":"2022-10-10T15:08:10","modified_gmt":"2022-10-10T15:08:10","slug":"messi-descartado-para-jugar-ante-benfica","status":"publish","type":"post","link":"http:\/\/elterritorialweb.com.ar\/web\/messi-descartado-para-jugar-ante-benfica\/","title":{"rendered":"MESSI DESCARTADO PARA JUGAR ANTE BENFICA"},"content":{"rendered":"\n<p>Lionel Messi no particip\u00f3 este lunes del entrenamiento del plantel de Paris Saint Germain ya que sigue en recuperaci\u00f3n por la&nbsp;molestia en el gemelo&nbsp;y&nbsp;<strong>est\u00e1 casi descartado del partido del mi\u00e9rcoles ante Benfica<\/strong>&nbsp;por la Liga de Campeones de Europa.<\/p>\n\n\n\n<p>El club franc\u00e9s public\u00f3 un parte m\u00e9dico luego de la pr\u00e1ctica de este lunes en el que inform\u00f3 que Messi todav\u00eda tiene \u00abuna peque\u00f1a molestia en la pantorrilla\u00bb y el tiempo de recuperaci\u00f3n \u00abes demasiado justo para el partido de ma\u00f1ana contra el Benfica\u00bb.<\/p>\n\n\n\n<p>De esta manera, el astro argentino&nbsp;<strong>se perder\u00e1 el duelo de \u00abChampions\u00bb con el equipo de Nicol\u00e1s Otamendi y Enzo Fern\u00e1ndez&nbsp;<\/strong>y perfilar\u00e1 su regreso para el cl\u00e1sico del domingo ante Olympique de Marsella por la Ligue 1 en el Parque de los Pr\u00edncipes.<\/p>\n\n\n\n<p><strong>Messi tambi\u00e9n se hab\u00eda perdido el partido del s\u00e1bado, como visitante, ante Reims<\/strong>&nbsp;(0-0) pese a que el club hab\u00eda informado que los ex\u00e1menes hab\u00edan sido \u00abtranquilizadores\u00bb.<\/p>\n\n\n\n<h3 class=\"wp-block-heading\">La lesi\u00f3n<\/h3>\n\n\n\n<p>Messi<strong>&nbsp;sufri\u00f3 dicha molestia en el gemelo<\/strong>&nbsp;en el partido contra Benfica en Lisboa y desde entonces no se lo vio en el campo de entrenamiento de PSG.<\/p>\n\n\n\n<p>Esta lesi\u00f3n pone un freno al gran inicio de temporada de Messi, quien en trece partidos con PSG hab\u00eda convertido ocho goles y aportado la misma cantidad de asistencias.<\/p>\n\n\n\n<p>Adem\u00e1s, en la \u00faltima fecha FIFA con el seleccionado argentino, el crack, de 35 a\u00f1os, hizo dos goles ante Honduras y otro doblete contra Jamaica con apenas 35 minutos en cancha.<\/p>\n","protected":false},"excerpt":{"rendered":"<p>El futbolista sufri\u00f3 una molestia en el gemelo durante el partido contra Benfica en Lisboa y desde entonces no se lo vio en el campo de entrenamiento de PSG. Seg\u00fan las autoridades del club, perfilar\u00e1 su regreso para el cl\u00e1sico ante Olympique de Marsella.<\/p>\n","protected":false},"author":2,"featured_media":45562,"comment_status":"open","ping_status":"open","sticky":false,"template":"","format":"standard","meta":{"om_disable_all_campaigns":false,"_monsterinsights_skip_tracking":false,"_monsterinsights_sitenote_active":false,"_monsterinsights_sitenote_note":"","_monsterinsights_sitenote_category":0,"_uf_show_specific_survey":0,"_uf_disable_surveys":false,"jetpack_post_was_ever_published":false,"_jetpack_newsletter_access":"","_jetpack_dont_email_post_to_subs":false,"_jetpack_newsletter_tier_id":0,"_jetpack_memberships_contains_paywalled_content":false,"_jetpack_memberships_contains_paid_content":false,"footnotes":"","jetpack_publicize_message":"","jetpack_publicize_feature_enabled":true,"jetpack_social_post_already_shared":false,"jetpack_social_options":{"image_generator_settings":{"template":"highway","default_image_id":0,"font":"","enabled":false},"version":2}},"categories":[6],"tags":[],"class_list":["post-45561","post","type-post","status-publish","format-standard","has-post-thumbnail","hentry","category-deportes"],"aioseo_notices":[],"views":12,"jetpack_publicize_connections":[],"jetpack_featured_media_url":"https:\/\/i0.wp.com\/elterritorialweb.com.ar\/web\/wp-content\/uploads\/2022\/10\/Fetfix7XEAEWLWZ2.png?fit=680%2C604","jetpack_sharing_enabled":true,"_links":{"self":[{"href":"http:\/\/elterritorialweb.com.ar\/web\/wp-json\/wp\/v2\/posts\/45561","targetHints":{"allow":["GET"]}}],"collection":[{"href":"http:\/\/elterritorialweb.com.ar\/web\/wp-json\/wp\/v2\/posts"}],"about":[{"href":"http:\/\/elterritorialweb.com.ar\/web\/wp-json\/wp\/v2\/types\/post"}],"author":[{"embeddable":true,"href":"http:\/\/elterritorialweb.com.ar\/web\/wp-json\/wp\/v2\/users\/2"}],"replies":[{"embeddable":true,"href":"http:\/\/elterritorialweb.com.ar\/web\/wp-json\/wp\/v2\/comments?post=45561"}],"version-history":[{"count":1,"href":"http:\/\/elterritorialweb.com.ar\/web\/wp-json\/wp\/v2\/posts\/45561\/revisions"}],"predecessor-version":[{"id":45563,"href":"http:\/\/elterritorialweb.com.ar\/web\/wp-json\/wp\/v2\/posts\/45561\/revisions\/45563"}],"wp:featuredmedia":[{"embeddable":true,"href":"http:\/\/elterritorialweb.com.ar\/web\/wp-json\/wp\/v2\/media\/45562"}],"wp:attachment":[{"href":"http:\/\/elterritorialweb.com.ar\/web\/wp-json\/wp\/v2\/media?parent=45561"}],"wp:term":[{"taxonomy":"category","embeddable":true,"href":"http:\/\/elterritorialweb.com.ar\/web\/wp-json\/wp\/v2\/categories?post=45561"},{"taxonomy":"post_tag","embeddable":true,"href":"http:\/\/elterritorialweb.com.ar\/web\/wp-json\/wp\/v2\/tags?post=45561"}],"curies":[{"name":"wp","href":"https:\/\/api.w.org\/{rel}","templated":true}]}}