{"id":45580,"date":"2022-10-11T01:26:23","date_gmt":"2022-10-11T01:26:23","guid":{"rendered":"http:\/\/elterritorialweb.com.ar\/web\/?p=45580"},"modified":"2022-10-11T01:26:23","modified_gmt":"2022-10-11T01:26:23","slug":"racing-le-gano-a-atletico-tucuman-quedo-a-un-punto-de-boca-y-clasifico-para-la-libertadores","status":"publish","type":"post","link":"http:\/\/elterritorialweb.com.ar\/web\/racing-le-gano-a-atletico-tucuman-quedo-a-un-punto-de-boca-y-clasifico-para-la-libertadores\/","title":{"rendered":"RACING LE GAN\u00d3 A ATL\u00c9TICO TUCUM\u00c1N, QUEDO A UN PUNTO DE BOCA Y CLASIFIC\u00d3 PARA LA LIBERTADORES"},"content":{"rendered":"\n<p>Racing Club venci\u00f3 este lunes por 2 a 0 a Atl\u00e9tico Tucum\u00e1n, lo alcanz\u00f3 en el segundo puesto de las posiciones un punto por debajo de Boca Juniors, y asegur\u00f3 la clasificaci\u00f3n a la Libertadores 2023 tras este encuentro desarrollado en el Cilindro de Avellaneda donde los dirigidos por Fernando Gago definieron el resultado en el primer tiempo con los goles de Enzo Copetti a los cinco minutos y Eugenio Mena a los 43.<\/p>\n\n\n\n<p>Arranc\u00f3 con todo la \u00abAcademia\u00bb, con el equipo metido en campo contrario y sin darle respiro a los tucumanos y con el objetivo de querer quedarse con los tres puntos para no perderle pisada al l\u00edder Boca.<\/p>\n\n\n\n<p>A los cuatro minutos un error en la salida del arquero boliviano Carlos Lampe le permiti\u00f3 al goleador Enzo Copetti aprovechar el \u00abregalo\u00bb para abrir el marcador.<\/p>\n\n\n\n<figure class=\"wp-block-image size-full is-resized\"><a href=\"https:\/\/i0.wp.com\/elterritorialweb.com.ar\/web\/wp-content\/uploads\/2022\/10\/RACING-ATLETICO.jpg\"><img data-recalc-dims=\"1\" decoding=\"async\" data-src=\"https:\/\/i0.wp.com\/elterritorialweb.com.ar\/web\/wp-content\/uploads\/2022\/10\/RACING-ATLETICO.jpg?resize=640%2C454\" alt=\"\" class=\"wp-image-45584 lazyload\" width=\"640\" height=\"454\" data-srcset=\"https:\/\/i0.wp.com\/elterritorialweb.com.ar\/web\/wp-content\/uploads\/2022\/10\/RACING-ATLETICO.jpg?w=680 680w, https:\/\/i0.wp.com\/elterritorialweb.com.ar\/web\/wp-content\/uploads\/2022\/10\/RACING-ATLETICO.jpg?resize=300%2C213 300w\" data-sizes=\"(max-width: 640px) 100vw, 640px\" src=\"data:image\/svg+xml;base64,PHN2ZyB3aWR0aD0iMSIgaGVpZ2h0PSIxIiB4bWxucz0iaHR0cDovL3d3dy53My5vcmcvMjAwMC9zdmciPjwvc3ZnPg==\" style=\"--smush-placeholder-width: 640px; --smush-placeholder-aspect-ratio: 640\/454;\" \/><\/a><\/figure>\n\n\n\n<p>El colombiano Johan Carbonero fue una de las claves del local de mitad de cancha hacia adelante sobre el sector izquierdo, acompa\u00f1ando siempre por la claridad de Emiliano Vecchio, esta vez sin ser tan decisivo en la generaci\u00f3n de juego, y el siempre movedizo en el \u00e1rea Enzo Copetti.<\/p>\n\n\n\n<p>A los 39 minutos Mateo Coronel aprovech\u00f3 un r\u00e1pido contragolpe con una jugada individual y defini\u00f3 mordido al lado del palo derecho de Gabriel Arias en la jugada m\u00e1s clara del \u00abDecano\u00bb que se dedic\u00f3 m\u00e1s a controlar al local que a buscar el arco rival.<\/p>\n\n\n\n<p>La verticalidad del equipo de Fernando Gago y la insistencia de querer aumentar la diferencia lo llev\u00f3 al gol del chileno Eugenio Mena -el primero con la camiseta de Racing- tras un toque exquisito de Enzo Copetti para irse al descanso con dos tantos de diferencia.<\/p>\n\n\n\n<figure class=\"wp-block-image size-full is-resized\"><a href=\"https:\/\/i0.wp.com\/elterritorialweb.com.ar\/web\/wp-content\/uploads\/2022\/10\/RACING-ATLETICO-2.jpg\"><img data-recalc-dims=\"1\" decoding=\"async\" data-src=\"https:\/\/i0.wp.com\/elterritorialweb.com.ar\/web\/wp-content\/uploads\/2022\/10\/RACING-ATLETICO-2.jpg?resize=640%2C439\" alt=\"\" class=\"wp-image-45582 lazyload\" width=\"640\" height=\"439\" data-srcset=\"https:\/\/i0.wp.com\/elterritorialweb.com.ar\/web\/wp-content\/uploads\/2022\/10\/RACING-ATLETICO-2.jpg?w=680 680w, https:\/\/i0.wp.com\/elterritorialweb.com.ar\/web\/wp-content\/uploads\/2022\/10\/RACING-ATLETICO-2.jpg?resize=300%2C206 300w\" data-sizes=\"(max-width: 640px) 100vw, 640px\" src=\"data:image\/svg+xml;base64,PHN2ZyB3aWR0aD0iMSIgaGVpZ2h0PSIxIiB4bWxucz0iaHR0cDovL3d3dy53My5vcmcvMjAwMC9zdmciPjwvc3ZnPg==\" style=\"--smush-placeholder-width: 640px; --smush-placeholder-aspect-ratio: 640\/439;\" \/><\/a><\/figure>\n\n\n\n<p>En el inicio de la segunda etapa, el local sali\u00f3 a buscar otro gol con el equipo inclinado en campo rival y volvi\u00f3 a tener otra chance nuevamente con Carbonero como protagonista en otro desborde por izquierda.<\/p>\n\n\n\n<p>El equipo del director t\u00e9cnico Lucas Pusineri reaccion\u00f3 r\u00e1pidamente con un cabezazo de Bruno Bianchi tras un c\u00f3rner que dio en el travesa\u00f1o.<\/p>\n\n\n\n<p>El tr\u00e1mite del partido en el complemento fue m\u00e1s parejo con la visita obligada a revertir el resultado y con Racing, tranquilo y ordenado, cuidando la ventaja y sin desesperarse de mitad de cancha hacia adelante.<\/p>\n\n\n\n<figure class=\"wp-block-image size-full is-resized\"><a href=\"https:\/\/i0.wp.com\/elterritorialweb.com.ar\/web\/wp-content\/uploads\/2022\/10\/RACING-ATLETICO-1.jpg\"><img data-recalc-dims=\"1\" decoding=\"async\" data-src=\"https:\/\/i0.wp.com\/elterritorialweb.com.ar\/web\/wp-content\/uploads\/2022\/10\/RACING-ATLETICO-1.jpg?resize=640%2C360\" alt=\"\" class=\"wp-image-45581 lazyload\" width=\"640\" height=\"360\" data-srcset=\"https:\/\/i0.wp.com\/elterritorialweb.com.ar\/web\/wp-content\/uploads\/2022\/10\/RACING-ATLETICO-1.jpg?w=680 680w, https:\/\/i0.wp.com\/elterritorialweb.com.ar\/web\/wp-content\/uploads\/2022\/10\/RACING-ATLETICO-1.jpg?resize=300%2C169 300w\" data-sizes=\"(max-width: 640px) 100vw, 640px\" src=\"data:image\/svg+xml;base64,PHN2ZyB3aWR0aD0iMSIgaGVpZ2h0PSIxIiB4bWxucz0iaHR0cDovL3d3dy53My5vcmcvMjAwMC9zdmciPjwvc3ZnPg==\" style=\"--smush-placeholder-width: 640px; --smush-placeholder-aspect-ratio: 640\/360;\" \/><\/a><\/figure>\n\n\n\n<p>Los tucumanos no estuvieron finos con la pelota, no manejaron variantes para intentar al menos empatar, mientras que los de Avellaneda se mostraron ordenados, solidarios en todas las l\u00edneas y seguros para finalmente quedarse con una victoria clave con miras a la definici\u00f3n del torneo.<\/p>\n\n\n\n<p>En la pr\u00f3xima jornada (25ta.) Racing Club visitar\u00e1 a Col\u00f3n de Santa Fe, mientras que Atl\u00e9tico Tucum\u00e1n recibir\u00e1 a Rosario Central.<\/p>\n","protected":false},"excerpt":{"rendered":"<p>El equipo dirigido por Fernando Gago derrot\u00f3 al \u00abDecano\u00bb por 2-0 en uno de los encuentros por loa jornada 24 del torneo de Primera Divisi\u00f3n. Enzo Copetti y Eugenio Mena anotaron los tantos en el local.<\/p>\n","protected":false},"author":2,"featured_media":45583,"comment_status":"open","ping_status":"open","sticky":false,"template":"","format":"standard","meta":{"om_disable_all_campaigns":false,"_monsterinsights_skip_tracking":false,"_monsterinsights_sitenote_active":false,"_monsterinsights_sitenote_note":"","_monsterinsights_sitenote_category":0,"_uf_show_specific_survey":0,"_uf_disable_surveys":false,"jetpack_post_was_ever_published":false,"_jetpack_newsletter_access":"","_jetpack_dont_email_post_to_subs":false,"_jetpack_newsletter_tier_id":0,"_jetpack_memberships_contains_paywalled_content":false,"_jetpack_memberships_contains_paid_content":false,"footnotes":"","jetpack_publicize_message":"","jetpack_publicize_feature_enabled":true,"jetpack_social_post_already_shared":false,"jetpack_social_options":{"image_generator_settings":{"template":"highway","default_image_id":0,"font":"","enabled":false},"version":2}},"categories":[6],"tags":[],"class_list":["post-45580","post","type-post","status-publish","format-standard","has-post-thumbnail","hentry","category-deportes"],"aioseo_notices":[],"views":11,"jetpack_publicize_connections":[],"jetpack_featured_media_url":"https:\/\/i0.wp.com\/elterritorialweb.com.ar\/web\/wp-content\/uploads\/2022\/10\/RACING-ATLETICO-TAPA-e1665451414765.jpg?fit=566%2C314","jetpack_sharing_enabled":true,"_links":{"self":[{"href":"http:\/\/elterritorialweb.com.ar\/web\/wp-json\/wp\/v2\/posts\/45580","targetHints":{"allow":["GET"]}}],"collection":[{"href":"http:\/\/elterritorialweb.com.ar\/web\/wp-json\/wp\/v2\/posts"}],"about":[{"href":"http:\/\/elterritorialweb.com.ar\/web\/wp-json\/wp\/v2\/types\/post"}],"author":[{"embeddable":true,"href":"http:\/\/elterritorialweb.com.ar\/web\/wp-json\/wp\/v2\/users\/2"}],"replies":[{"embeddable":true,"href":"http:\/\/elterritorialweb.com.ar\/web\/wp-json\/wp\/v2\/comments?post=45580"}],"version-history":[{"count":1,"href":"http:\/\/elterritorialweb.com.ar\/web\/wp-json\/wp\/v2\/posts\/45580\/revisions"}],"predecessor-version":[{"id":45585,"href":"http:\/\/elterritorialweb.com.ar\/web\/wp-json\/wp\/v2\/posts\/45580\/revisions\/45585"}],"wp:featuredmedia":[{"embeddable":true,"href":"http:\/\/elterritorialweb.com.ar\/web\/wp-json\/wp\/v2\/media\/45583"}],"wp:attachment":[{"href":"http:\/\/elterritorialweb.com.ar\/web\/wp-json\/wp\/v2\/media?parent=45580"}],"wp:term":[{"taxonomy":"category","embeddable":true,"href":"http:\/\/elterritorialweb.com.ar\/web\/wp-json\/wp\/v2\/categories?post=45580"},{"taxonomy":"post_tag","embeddable":true,"href":"http:\/\/elterritorialweb.com.ar\/web\/wp-json\/wp\/v2\/tags?post=45580"}],"curies":[{"name":"wp","href":"https:\/\/api.w.org\/{rel}","templated":true}]}}