{"id":45586,"date":"2022-10-11T02:51:07","date_gmt":"2022-10-11T02:51:07","guid":{"rendered":"http:\/\/elterritorialweb.com.ar\/web\/?p=45586"},"modified":"2022-10-11T03:02:13","modified_gmt":"2022-10-11T03:02:13","slug":"dura-derrota-de-central-cordoba-de-local-ante-newells","status":"publish","type":"post","link":"http:\/\/elterritorialweb.com.ar\/web\/dura-derrota-de-central-cordoba-de-local-ante-newells\/","title":{"rendered":"DURA DERROTA DE CENTRAL C\u00d3RDOBA ANTE NEWELL&#8217;S EN EL \u00daNICO"},"content":{"rendered":"\n<p>El \u00abFerroviario\u00bb perdi\u00f3 3-0 ante los rosarinos en el \u00danico Madre de Ciudades como parte de la jornada 24 del torneo de Primera Divisi\u00f3n.<\/p>\n\n\n\n<figure class=\"wp-block-image size-large\"><a href=\"https:\/\/i0.wp.com\/elterritorialweb.com.ar\/web\/wp-content\/uploads\/2022\/10\/WhatsApp-Image-2022-10-11-at-03.27.56.jpeg\"><img data-recalc-dims=\"1\" decoding=\"async\" width=\"640\" height=\"427\" data-src=\"https:\/\/i0.wp.com\/elterritorialweb.com.ar\/web\/wp-content\/uploads\/2022\/10\/WhatsApp-Image-2022-10-11-at-03.27.56.jpeg?resize=640%2C427\" alt=\"\" class=\"wp-image-45590 lazyload\" data-srcset=\"https:\/\/i0.wp.com\/elterritorialweb.com.ar\/web\/wp-content\/uploads\/2022\/10\/WhatsApp-Image-2022-10-11-at-03.27.56.jpeg?resize=1024%2C683 1024w, https:\/\/i0.wp.com\/elterritorialweb.com.ar\/web\/wp-content\/uploads\/2022\/10\/WhatsApp-Image-2022-10-11-at-03.27.56.jpeg?resize=300%2C200 300w, https:\/\/i0.wp.com\/elterritorialweb.com.ar\/web\/wp-content\/uploads\/2022\/10\/WhatsApp-Image-2022-10-11-at-03.27.56.jpeg?resize=768%2C512 768w, https:\/\/i0.wp.com\/elterritorialweb.com.ar\/web\/wp-content\/uploads\/2022\/10\/WhatsApp-Image-2022-10-11-at-03.27.56.jpeg?w=1280 1280w\" data-sizes=\"(max-width: 640px) 100vw, 640px\" src=\"data:image\/svg+xml;base64,PHN2ZyB3aWR0aD0iMSIgaGVpZ2h0PSIxIiB4bWxucz0iaHR0cDovL3d3dy53My5vcmcvMjAwMC9zdmciPjwvc3ZnPg==\" style=\"--smush-placeholder-width: 640px; --smush-placeholder-aspect-ratio: 640\/427;\" \/><\/a><\/figure>\n\n\n\n<p>Newell&#8217;s Old Boys se pase\u00f3 por el estadio \u00danico-Madre de Ciudades al vencer por 3 a 0 al local Central C\u00f3rdoba en el cierre de la 24ta. fecha de la Liga Profesional y con ello reforz\u00f3 su pertenencia al grupo de clasificados a la Copa Sudamericana 2023, pero el p\u00fablico santiague\u00f1o igual celebr\u00f3 a sus jugadores porque en la jornada pasada ante Independiente, en Avellaneda, hab\u00edan logrado el objetivo de salvarse del descenso.<\/p>\n\n\n\n<p>Por eso fue emotivo el final para el equipo conducido justamente por una figura emblem\u00e1tica de Newell&#8217;s como Abel Balbo, que pese a la derrota de este lunes desarroll\u00f3 una auspiciosa campa\u00f1a desde que lleg\u00f3 al club santiague\u00f1o junto al ex entrenador del seleccionado argentino de b\u00e1squetbol, Julio Lamas.<\/p>\n\n\n\n<figure class=\"wp-block-image size-large\"><a href=\"https:\/\/i0.wp.com\/elterritorialweb.com.ar\/web\/wp-content\/uploads\/2022\/10\/WhatsApp-Image-2022-10-11-at-03.27.57-1.jpeg\"><img data-recalc-dims=\"1\" decoding=\"async\" width=\"640\" height=\"427\" data-src=\"https:\/\/i0.wp.com\/elterritorialweb.com.ar\/web\/wp-content\/uploads\/2022\/10\/WhatsApp-Image-2022-10-11-at-03.27.57-1.jpeg?resize=640%2C427\" alt=\"\" class=\"wp-image-45588 lazyload\" data-srcset=\"https:\/\/i0.wp.com\/elterritorialweb.com.ar\/web\/wp-content\/uploads\/2022\/10\/WhatsApp-Image-2022-10-11-at-03.27.57-1.jpeg?resize=1024%2C683 1024w, https:\/\/i0.wp.com\/elterritorialweb.com.ar\/web\/wp-content\/uploads\/2022\/10\/WhatsApp-Image-2022-10-11-at-03.27.57-1.jpeg?resize=300%2C200 300w, https:\/\/i0.wp.com\/elterritorialweb.com.ar\/web\/wp-content\/uploads\/2022\/10\/WhatsApp-Image-2022-10-11-at-03.27.57-1.jpeg?resize=768%2C512 768w, https:\/\/i0.wp.com\/elterritorialweb.com.ar\/web\/wp-content\/uploads\/2022\/10\/WhatsApp-Image-2022-10-11-at-03.27.57-1.jpeg?resize=1536%2C1024 1536w, https:\/\/i0.wp.com\/elterritorialweb.com.ar\/web\/wp-content\/uploads\/2022\/10\/WhatsApp-Image-2022-10-11-at-03.27.57-1.jpeg?w=1599 1599w, https:\/\/i0.wp.com\/elterritorialweb.com.ar\/web\/wp-content\/uploads\/2022\/10\/WhatsApp-Image-2022-10-11-at-03.27.57-1.jpeg?w=1280 1280w\" data-sizes=\"(max-width: 640px) 100vw, 640px\" src=\"data:image\/svg+xml;base64,PHN2ZyB3aWR0aD0iMSIgaGVpZ2h0PSIxIiB4bWxucz0iaHR0cDovL3d3dy53My5vcmcvMjAwMC9zdmciPjwvc3ZnPg==\" style=\"--smush-placeholder-width: 640px; --smush-placeholder-aspect-ratio: 640\/427;\" \/><\/a><\/figure>\n\n\n\n<p>Y por el lado de enfrente los rosarinos, parad\u00f3jicamente con un entrenador interino como Adri\u00e1n Coria mejor\u00f3 mucho su producci\u00f3n tras el alejamiento de Javier Sanguinetti, que ya regres\u00f3 a Banfield.<\/p>\n\n\n\n<p>El camino se le empez\u00f3 a despejar al conjunto rojinegro en las postrimer\u00edas del primer tiempo facilitado por el gol en contra de Iv\u00e1n Ram\u00edrez, que abri\u00f3 la cuenta para los del Parque de la Independencia.<\/p>\n\n\n\n<p>Y el remate de la faena lleg\u00f3 apenas comenzado el complemento, cuando antes de los 10 minutos el defensor colombiano pis\u00f3 el \u00e1rea local y defini\u00f3 de zurda. como un delantero, para colocar dos goles arriba a los visitantes.<\/p>\n\n\n\n<figure class=\"wp-block-image size-large\"><a href=\"https:\/\/i0.wp.com\/elterritorialweb.com.ar\/web\/wp-content\/uploads\/2022\/10\/WhatsApp-Image-2022-10-11-at-03.28.00.jpeg\"><img data-recalc-dims=\"1\" decoding=\"async\" width=\"640\" height=\"419\" data-src=\"https:\/\/i0.wp.com\/elterritorialweb.com.ar\/web\/wp-content\/uploads\/2022\/10\/WhatsApp-Image-2022-10-11-at-03.28.00.jpeg?resize=640%2C419\" alt=\"\" class=\"wp-image-45587 lazyload\" data-srcset=\"https:\/\/i0.wp.com\/elterritorialweb.com.ar\/web\/wp-content\/uploads\/2022\/10\/WhatsApp-Image-2022-10-11-at-03.28.00.jpeg?resize=1024%2C670 1024w, https:\/\/i0.wp.com\/elterritorialweb.com.ar\/web\/wp-content\/uploads\/2022\/10\/WhatsApp-Image-2022-10-11-at-03.28.00.jpeg?resize=300%2C196 300w, https:\/\/i0.wp.com\/elterritorialweb.com.ar\/web\/wp-content\/uploads\/2022\/10\/WhatsApp-Image-2022-10-11-at-03.28.00.jpeg?resize=768%2C502 768w, https:\/\/i0.wp.com\/elterritorialweb.com.ar\/web\/wp-content\/uploads\/2022\/10\/WhatsApp-Image-2022-10-11-at-03.28.00.jpeg?w=1280 1280w\" data-sizes=\"(max-width: 640px) 100vw, 640px\" src=\"data:image\/svg+xml;base64,PHN2ZyB3aWR0aD0iMSIgaGVpZ2h0PSIxIiB4bWxucz0iaHR0cDovL3d3dy53My5vcmcvMjAwMC9zdmciPjwvc3ZnPg==\" style=\"--smush-placeholder-width: 640px; --smush-placeholder-aspect-ratio: 640\/419;\" \/><\/a><\/figure>\n\n\n\n<p>A partir de entonces Central C\u00f3rdoba, quiz\u00e1 relajado por la salvaci\u00f3n anticipada, no fue a pelearle el partido a los rosarinos, que hasta tuvieron tiempo de aumentar con un celebrado gol del juvenil ingresado Marcelo Esponda, que anot\u00f3 el primer tanto de su carrera.<\/p>\n\n\n\n<p>De esta manera entonces Newell&#8217;s recuper\u00f3 terreno y se afirm\u00f3 en zona de Sudamericana, mientras que Central C\u00f3rdoba busca como objetivo seguir sumando para acumular puntos de cara a la pr\u00f3xima temporada.<\/p>\n\n\n\n<p>En la pr\u00f3xima jornada, la 25ta., Newell&#8217;s recibir\u00e1 a Tigre, que tiene dos puntos menos en esa tabla de acceso a la Sudamericana, mientras que Central C\u00f3rdoba visitar\u00e1 a un Arsenal que sigue pugnando por permanecer en primera.<\/p>\n","protected":false},"excerpt":{"rendered":"<p>Iv\u00e1n Ram\u00edrez, en contra, Willer Ditta y Marcelo Esponda le dieron la victoria a la Lepra en suelo santiague\u00f1o.<\/p>\n","protected":false},"author":2,"featured_media":45589,"comment_status":"open","ping_status":"open","sticky":false,"template":"","format":"standard","meta":{"om_disable_all_campaigns":false,"_monsterinsights_skip_tracking":false,"_monsterinsights_sitenote_active":false,"_monsterinsights_sitenote_note":"","_monsterinsights_sitenote_category":0,"_uf_show_specific_survey":0,"_uf_disable_surveys":false,"jetpack_post_was_ever_published":false,"_jetpack_newsletter_access":"","_jetpack_dont_email_post_to_subs":false,"_jetpack_newsletter_tier_id":0,"_jetpack_memberships_contains_paywalled_content":false,"_jetpack_memberships_contains_paid_content":false,"footnotes":"","jetpack_publicize_message":"","jetpack_publicize_feature_enabled":true,"jetpack_social_post_already_shared":false,"jetpack_social_options":{"image_generator_settings":{"template":"highway","default_image_id":0,"font":"","enabled":false},"version":2}},"categories":[6],"tags":[],"class_list":["post-45586","post","type-post","status-publish","format-standard","has-post-thumbnail","hentry","category-deportes"],"aioseo_notices":[],"views":9,"jetpack_publicize_connections":[],"jetpack_featured_media_url":"https:\/\/i0.wp.com\/elterritorialweb.com.ar\/web\/wp-content\/uploads\/2022\/10\/WhatsApp-Image-2022-10-11-at-03.27.57.jpeg?fit=1280%2C831","jetpack_sharing_enabled":true,"_links":{"self":[{"href":"http:\/\/elterritorialweb.com.ar\/web\/wp-json\/wp\/v2\/posts\/45586","targetHints":{"allow":["GET"]}}],"collection":[{"href":"http:\/\/elterritorialweb.com.ar\/web\/wp-json\/wp\/v2\/posts"}],"about":[{"href":"http:\/\/elterritorialweb.com.ar\/web\/wp-json\/wp\/v2\/types\/post"}],"author":[{"embeddable":true,"href":"http:\/\/elterritorialweb.com.ar\/web\/wp-json\/wp\/v2\/users\/2"}],"replies":[{"embeddable":true,"href":"http:\/\/elterritorialweb.com.ar\/web\/wp-json\/wp\/v2\/comments?post=45586"}],"version-history":[{"count":4,"href":"http:\/\/elterritorialweb.com.ar\/web\/wp-json\/wp\/v2\/posts\/45586\/revisions"}],"predecessor-version":[{"id":45596,"href":"http:\/\/elterritorialweb.com.ar\/web\/wp-json\/wp\/v2\/posts\/45586\/revisions\/45596"}],"wp:featuredmedia":[{"embeddable":true,"href":"http:\/\/elterritorialweb.com.ar\/web\/wp-json\/wp\/v2\/media\/45589"}],"wp:attachment":[{"href":"http:\/\/elterritorialweb.com.ar\/web\/wp-json\/wp\/v2\/media?parent=45586"}],"wp:term":[{"taxonomy":"category","embeddable":true,"href":"http:\/\/elterritorialweb.com.ar\/web\/wp-json\/wp\/v2\/categories?post=45586"},{"taxonomy":"post_tag","embeddable":true,"href":"http:\/\/elterritorialweb.com.ar\/web\/wp-json\/wp\/v2\/tags?post=45586"}],"curies":[{"name":"wp","href":"https:\/\/api.w.org\/{rel}","templated":true}]}}