{"id":45607,"date":"2022-10-11T17:02:03","date_gmt":"2022-10-11T17:02:03","guid":{"rendered":"http:\/\/elterritorialweb.com.ar\/web\/?p=45607"},"modified":"2022-10-11T17:03:44","modified_gmt":"2022-10-11T17:03:44","slug":"grave-amenaza-narco-a-periodistas-en-rosario","status":"publish","type":"post","link":"http:\/\/elterritorialweb.com.ar\/web\/grave-amenaza-narco-a-periodistas-en-rosario\/","title":{"rendered":"GRAVE AMENAZA NARCO A PERIODISTAS EN ROSARIO"},"content":{"rendered":"\n<p>Un cartel con&nbsp;<strong>una amenaza de muerte<\/strong>&nbsp;hacia periodistas escrita a mano en una tela y firmado con la frase&nbsp;<strong>\u00abcon la mafia no se jode\u00bb<\/strong>&nbsp;fue dejado este martes&nbsp;<strong>en la sede del canal de noticias Telef\u00e9-Rosario<\/strong>, en la costanera sur de esa ciudad santafesina, informaron fuentes judiciales.<\/p>\n\n\n\n<p><strong>La intimidaci\u00f3n fue repudiada por el Sindicato de Prensa local<\/strong>, que la calific\u00f3 como \u00abgrav\u00edsima\u00bb y pidi\u00f3 que sea investigada.<\/p>\n\n\n\n<p><strong>\u00abA todos los medios de Rosario. Dejen ensuciar y condenar a los pibes con la lengua que vamos a matar periodistas. Con la mafia no se jode. Si no, caravana con el noba\u00bb&nbsp;<\/strong>(sic), expresa el cartel escrito en un trozo de tela blanca con letras color rojo que apareci\u00f3 en la ma\u00f1ana del martes frente de las instalaciones de la sede de Telef\u00e9-Rosario, ubicada sobre la avenida Belgrano al 1.000, de esa ciudad santafesina.<\/p>\n\n\n\n<p>\u00abEs un hecho grav\u00edsimo que nos preocupa y mucho en un contexto de inseguridad que se vive en Rosario, donde los periodistas no pueden entrar a los barrios por la narcodelincuencia\u00bb,&nbsp;<strong>asegur\u00f3 el secretario General del Sindicato de Prensa de Rosario, Edgardo Carmona.<\/strong><\/p>\n\n\n\n<p>En declaraciones a la prensa local, el gremialista dijo que&nbsp;<strong>el sindicato radic\u00f3 la denuncia ante el Ministerio P\u00fablico Fiscal \u00abpara que se investigue\u00bb&nbsp;<\/strong>y dijo que ya se pidi\u00f3 una audiencia al gobernador de Santa Fe, Omar Perotti, para que a trav\u00e9s del Ministerio de Seguridad \u00abse act\u00fae con celeridad y evitar que esto escale\u00bb.<\/p>\n\n\n\n<p><strong>\u00abLa intimidaci\u00f3n no se puede dejar pasar. Es un intento por silenciar, disciplinar\u00bb,<\/strong>&nbsp;consider\u00f3 Carmona.<\/p>\n\n\n\n<p>En tanto fuentes judiciales, indicaron a T\u00e9lam que el caso qued\u00f3 en manos del fiscal de la Unidad Especial de Flagrancia, Federico R\u00e9bola, quien orden\u00f3 una serie de medidas, entre ellas el relevamiento de las c\u00e1maras de seguridad de zona que apuntan a identificar a los autores.<\/p>\n\n\n\n<p><strong>El cartel apareci\u00f3 colgado en una de las rejas que rodea el predio donde funciona el canal televisivo<\/strong>, ubicado en la zona de la costanera sur de Rosario.<\/p>\n","protected":false},"excerpt":{"rendered":"<p>\u00abA todos los medios de Rosario. Dejen ensuciar y condenar a los pibes con la lengua. Con la mafia no se jode\u00bb, advert\u00eda un cartel de tela escrito a mano. El Sindicato de Prensa local calific\u00f3 el hecho como \u00abgrav\u00edsimo\u00bb y pidi\u00f3 que se investigue.<\/p>\n","protected":false},"author":2,"featured_media":45608,"comment_status":"open","ping_status":"open","sticky":false,"template":"","format":"standard","meta":{"om_disable_all_campaigns":false,"_monsterinsights_skip_tracking":false,"_monsterinsights_sitenote_active":false,"_monsterinsights_sitenote_note":"","_monsterinsights_sitenote_category":0,"_uf_show_specific_survey":0,"_uf_disable_surveys":false,"jetpack_post_was_ever_published":false,"_jetpack_newsletter_access":"","_jetpack_dont_email_post_to_subs":false,"_jetpack_newsletter_tier_id":0,"_jetpack_memberships_contains_paywalled_content":false,"_jetpack_memberships_contains_paid_content":false,"footnotes":"","jetpack_publicize_message":"","jetpack_publicize_feature_enabled":true,"jetpack_social_post_already_shared":false,"jetpack_social_options":{"image_generator_settings":{"template":"highway","default_image_id":0,"font":"","enabled":false},"version":2}},"categories":[4,7],"tags":[],"class_list":["post-45607","post","type-post","status-publish","format-standard","has-post-thumbnail","hentry","category-destacadas","category-nacionales"],"aioseo_notices":[],"views":10,"jetpack_publicize_connections":[],"jetpack_featured_media_url":"https:\/\/i0.wp.com\/elterritorialweb.com.ar\/web\/wp-content\/uploads\/2022\/10\/cartel-amenaza-periodistas-rosario.jpg?fit=610%2C398","jetpack_sharing_enabled":true,"_links":{"self":[{"href":"http:\/\/elterritorialweb.com.ar\/web\/wp-json\/wp\/v2\/posts\/45607","targetHints":{"allow":["GET"]}}],"collection":[{"href":"http:\/\/elterritorialweb.com.ar\/web\/wp-json\/wp\/v2\/posts"}],"about":[{"href":"http:\/\/elterritorialweb.com.ar\/web\/wp-json\/wp\/v2\/types\/post"}],"author":[{"embeddable":true,"href":"http:\/\/elterritorialweb.com.ar\/web\/wp-json\/wp\/v2\/users\/2"}],"replies":[{"embeddable":true,"href":"http:\/\/elterritorialweb.com.ar\/web\/wp-json\/wp\/v2\/comments?post=45607"}],"version-history":[{"count":1,"href":"http:\/\/elterritorialweb.com.ar\/web\/wp-json\/wp\/v2\/posts\/45607\/revisions"}],"predecessor-version":[{"id":45609,"href":"http:\/\/elterritorialweb.com.ar\/web\/wp-json\/wp\/v2\/posts\/45607\/revisions\/45609"}],"wp:featuredmedia":[{"embeddable":true,"href":"http:\/\/elterritorialweb.com.ar\/web\/wp-json\/wp\/v2\/media\/45608"}],"wp:attachment":[{"href":"http:\/\/elterritorialweb.com.ar\/web\/wp-json\/wp\/v2\/media?parent=45607"}],"wp:term":[{"taxonomy":"category","embeddable":true,"href":"http:\/\/elterritorialweb.com.ar\/web\/wp-json\/wp\/v2\/categories?post=45607"},{"taxonomy":"post_tag","embeddable":true,"href":"http:\/\/elterritorialweb.com.ar\/web\/wp-json\/wp\/v2\/tags?post=45607"}],"curies":[{"name":"wp","href":"https:\/\/api.w.org\/{rel}","templated":true}]}}