{"id":45610,"date":"2022-10-12T02:07:53","date_gmt":"2022-10-12T02:07:53","guid":{"rendered":"http:\/\/elterritorialweb.com.ar\/web\/?p=45610"},"modified":"2022-10-12T02:22:30","modified_gmt":"2022-10-12T02:22:30","slug":"habra-paro-de-colectivos-y-se-extendera-hasta-el-jueves-13","status":"publish","type":"post","link":"http:\/\/elterritorialweb.com.ar\/web\/habra-paro-de-colectivos-y-se-extendera-hasta-el-jueves-13\/","title":{"rendered":"HABR\u00c1 PARO DE COLECTIVOS Y SE EXTENDER\u00c1 HASTA EL JUEVES 13"},"content":{"rendered":"\n<p>La<strong>&nbsp;Uni\u00f3n Tranviaria Automotor confirm\u00f3 este martes que habr\u00e1 paro de colectivos<\/strong>&nbsp;desde las cero de este mi\u00e9rcoles 12 de octubre y se extender\u00e1 hasta el jueves 13.<\/p>\n\n\n\n<p>La medida se da luego de que fracasaran las negociaciones salariales con el\u00a0<strong>sector empresario del interior del pa\u00eds<\/strong>. A la vez se ver\u00e1 afectado el transporte de pasajeros de corta y media distancia del interior. La UTA Santiago del Estero se adhiere a la medida dispuesta desde Naci\u00f3n.<\/p>\n\n\n\n<p>\u201cAgotamos todas las instancias de negociaci\u00f3n previas a esta medida de fuerza, con el fin de no perjudicar a los 9.000.000 de usuarios diarios de nuestros servicios, pero nos niegan el acuerdo, entonces lucharemos por el aumento para los trabajadores del interior, debiendo tomar las medidas de acci\u00f3n gremial que las actuales circunstancias ameritan\u201d, informaron desde el gremio en un comunicado.<\/p>\n","protected":false},"excerpt":{"rendered":"<p>As\u00ed lo confirmaron desde el gremio tras fallar las negociaciones que llevaban a cabo. Afectar\u00e1 al transporte de corta y media distancia.<\/p>\n","protected":false},"author":2,"featured_media":45613,"comment_status":"open","ping_status":"open","sticky":false,"template":"","format":"standard","meta":{"om_disable_all_campaigns":false,"_monsterinsights_skip_tracking":false,"_monsterinsights_sitenote_active":false,"_monsterinsights_sitenote_note":"","_monsterinsights_sitenote_category":0,"_uf_show_specific_survey":0,"_uf_disable_surveys":false,"jetpack_post_was_ever_published":false,"_jetpack_newsletter_access":"","_jetpack_dont_email_post_to_subs":false,"_jetpack_newsletter_tier_id":0,"_jetpack_memberships_contains_paywalled_content":false,"_jetpack_memberships_contains_paid_content":false,"footnotes":"","jetpack_publicize_message":"","jetpack_publicize_feature_enabled":true,"jetpack_social_post_already_shared":false,"jetpack_social_options":{"image_generator_settings":{"template":"highway","default_image_id":0,"font":"","enabled":false},"version":2}},"categories":[4,21],"tags":[],"class_list":["post-45610","post","type-post","status-publish","format-standard","has-post-thumbnail","hentry","category-destacadas","category-locales"],"aioseo_notices":[],"views":11,"jetpack_publicize_connections":[],"jetpack_featured_media_url":"https:\/\/i0.wp.com\/elterritorialweb.com.ar\/web\/wp-content\/uploads\/2022\/10\/paro-de-colectivos-1.jpg?fit=300%2C168","jetpack_sharing_enabled":true,"_links":{"self":[{"href":"http:\/\/elterritorialweb.com.ar\/web\/wp-json\/wp\/v2\/posts\/45610","targetHints":{"allow":["GET"]}}],"collection":[{"href":"http:\/\/elterritorialweb.com.ar\/web\/wp-json\/wp\/v2\/posts"}],"about":[{"href":"http:\/\/elterritorialweb.com.ar\/web\/wp-json\/wp\/v2\/types\/post"}],"author":[{"embeddable":true,"href":"http:\/\/elterritorialweb.com.ar\/web\/wp-json\/wp\/v2\/users\/2"}],"replies":[{"embeddable":true,"href":"http:\/\/elterritorialweb.com.ar\/web\/wp-json\/wp\/v2\/comments?post=45610"}],"version-history":[{"count":1,"href":"http:\/\/elterritorialweb.com.ar\/web\/wp-json\/wp\/v2\/posts\/45610\/revisions"}],"predecessor-version":[{"id":45612,"href":"http:\/\/elterritorialweb.com.ar\/web\/wp-json\/wp\/v2\/posts\/45610\/revisions\/45612"}],"wp:featuredmedia":[{"embeddable":true,"href":"http:\/\/elterritorialweb.com.ar\/web\/wp-json\/wp\/v2\/media\/45613"}],"wp:attachment":[{"href":"http:\/\/elterritorialweb.com.ar\/web\/wp-json\/wp\/v2\/media?parent=45610"}],"wp:term":[{"taxonomy":"category","embeddable":true,"href":"http:\/\/elterritorialweb.com.ar\/web\/wp-json\/wp\/v2\/categories?post=45610"},{"taxonomy":"post_tag","embeddable":true,"href":"http:\/\/elterritorialweb.com.ar\/web\/wp-json\/wp\/v2\/tags?post=45610"}],"curies":[{"name":"wp","href":"https:\/\/api.w.org\/{rel}","templated":true}]}}