{"id":45614,"date":"2022-10-12T02:32:22","date_gmt":"2022-10-12T02:32:22","guid":{"rendered":"http:\/\/elterritorialweb.com.ar\/web\/?p=45614"},"modified":"2022-10-12T02:41:38","modified_gmt":"2022-10-12T02:41:38","slug":"zamora-entrego-39-viviendas-e-inauguro-una-escuela-para-8-alumnos-y-un-destacamento-policial-en-figueroa","status":"publish","type":"post","link":"http:\/\/elterritorialweb.com.ar\/web\/zamora-entrego-39-viviendas-e-inauguro-una-escuela-para-8-alumnos-y-un-destacamento-policial-en-figueroa\/","title":{"rendered":"ZAMORA ENTREG\u00d3 39 VIVIENDAS E INAUGUR\u00d3 UNA ESCUELA PARA 8 ALUMNOS Y UN DESTACAMENTO POLICIAL EN FIGUEROA"},"content":{"rendered":"\n<p>La comunidad de San Vicente, en el departamento Figueroa, celebr\u00f3 este martes la reapertura de la Escuela N\u00ba 1.080 -para 8 alumnos- con un edificio totalmente renovado y ampliaciones, en el marco de su 101\u00b0 aniversario, oportunidad en la que tambi\u00e9n se impuso oficialmente a la instituci\u00f3n el nombre \u201cOscar Segundo Ledesma\u201d, en reconocimiento a quien fuera director durante m\u00e1s de 20 a\u00f1os.<\/p>\n\n\n\n<p>El acto tuvo un sentido especial, con la presencia de la senadora Claudia de Zamora y miembros de su familia, quienes asistieron al homenaje a don Oscar Segundo Ledesma, abuelo paterno de la presidenta provisional del Senado.<\/p>\n\n\n\n<figure class=\"wp-block-image size-large\"><a href=\"https:\/\/i0.wp.com\/elterritorialweb.com.ar\/web\/wp-content\/uploads\/2022\/10\/figueroa2.jpeg\"><img data-recalc-dims=\"1\" decoding=\"async\" width=\"640\" height=\"427\" data-src=\"https:\/\/i0.wp.com\/elterritorialweb.com.ar\/web\/wp-content\/uploads\/2022\/10\/figueroa2.jpeg?resize=640%2C427\" alt=\"\" class=\"wp-image-45621 lazyload\" data-srcset=\"https:\/\/i0.wp.com\/elterritorialweb.com.ar\/web\/wp-content\/uploads\/2022\/10\/figueroa2.jpeg?resize=1024%2C683 1024w, https:\/\/i0.wp.com\/elterritorialweb.com.ar\/web\/wp-content\/uploads\/2022\/10\/figueroa2.jpeg?resize=300%2C200 300w, https:\/\/i0.wp.com\/elterritorialweb.com.ar\/web\/wp-content\/uploads\/2022\/10\/figueroa2.jpeg?resize=768%2C512 768w, https:\/\/i0.wp.com\/elterritorialweb.com.ar\/web\/wp-content\/uploads\/2022\/10\/figueroa2.jpeg?resize=1536%2C1024 1536w, https:\/\/i0.wp.com\/elterritorialweb.com.ar\/web\/wp-content\/uploads\/2022\/10\/figueroa2.jpeg?w=1599 1599w, https:\/\/i0.wp.com\/elterritorialweb.com.ar\/web\/wp-content\/uploads\/2022\/10\/figueroa2.jpeg?w=1280 1280w\" data-sizes=\"(max-width: 640px) 100vw, 640px\" src=\"data:image\/svg+xml;base64,PHN2ZyB3aWR0aD0iMSIgaGVpZ2h0PSIxIiB4bWxucz0iaHR0cDovL3d3dy53My5vcmcvMjAwMC9zdmciPjwvc3ZnPg==\" style=\"--smush-placeholder-width: 640px; --smush-placeholder-aspect-ratio: 640\/427;\" \/><\/a><\/figure>\n\n\n\n<p>El gobernador Gerardo Zamora encabez\u00f3 la visita oficial, oportunidad en la que tambi\u00e9n entreg\u00f3 viviendas sociales a 39 familias de La Bota, Quimilioj, R\u00edo Muerto, El Negrito, Machajuay Huanchina, Tusca Pozo, San Vicente y Vaca Hua\u00f1una. Adem\u00e1s, habilit\u00f3 la nueva sede del Destacamento Policial N\u00ba 13 de Quimilioj.<\/p>\n\n\n\n<p>El mandatario estuvo acompa\u00f1ado por el vicegobernador Carlos Silva Neder; los ministros de Educaci\u00f3n, Mariela Nassif; de Desarrollo Social, \u00c1ngel Niccolai; de Gobierno, Marcelo Barbur y de Salud, Natividad Nassif, entre otros funcionarios de la provincia, quienes fueron recibidos por la comisionada municipal de Vaca Hua\u00f1una, Noem\u00ed Corval\u00e1n, y la diputada nacional Nilda Moyano.<\/p>\n\n\n\n<figure class=\"wp-block-image size-large\"><a href=\"https:\/\/i0.wp.com\/elterritorialweb.com.ar\/web\/wp-content\/uploads\/2022\/10\/figueroa-3.jpeg\"><img data-recalc-dims=\"1\" decoding=\"async\" width=\"640\" height=\"427\" data-src=\"https:\/\/i0.wp.com\/elterritorialweb.com.ar\/web\/wp-content\/uploads\/2022\/10\/figueroa-3.jpeg?resize=640%2C427\" alt=\"\" class=\"wp-image-45618 lazyload\" data-srcset=\"https:\/\/i0.wp.com\/elterritorialweb.com.ar\/web\/wp-content\/uploads\/2022\/10\/figueroa-3.jpeg?resize=1024%2C683 1024w, https:\/\/i0.wp.com\/elterritorialweb.com.ar\/web\/wp-content\/uploads\/2022\/10\/figueroa-3.jpeg?resize=300%2C200 300w, https:\/\/i0.wp.com\/elterritorialweb.com.ar\/web\/wp-content\/uploads\/2022\/10\/figueroa-3.jpeg?resize=768%2C512 768w, https:\/\/i0.wp.com\/elterritorialweb.com.ar\/web\/wp-content\/uploads\/2022\/10\/figueroa-3.jpeg?resize=1536%2C1024 1536w, https:\/\/i0.wp.com\/elterritorialweb.com.ar\/web\/wp-content\/uploads\/2022\/10\/figueroa-3.jpeg?w=1599 1599w, https:\/\/i0.wp.com\/elterritorialweb.com.ar\/web\/wp-content\/uploads\/2022\/10\/figueroa-3.jpeg?w=1280 1280w\" data-sizes=\"(max-width: 640px) 100vw, 640px\" src=\"data:image\/svg+xml;base64,PHN2ZyB3aWR0aD0iMSIgaGVpZ2h0PSIxIiB4bWxucz0iaHR0cDovL3d3dy53My5vcmcvMjAwMC9zdmciPjwvc3ZnPg==\" style=\"--smush-placeholder-width: 640px; --smush-placeholder-aspect-ratio: 640\/427;\" \/><\/a><\/figure>\n\n\n\n<p>El primer corte de cintas se realiz\u00f3 en el Destacamento Policial N\u00b0 13, junto con el jefe de la Polic\u00eda de la Provincia, Roger Coronel.<\/p>\n\n\n\n<p>Luego se dirigi\u00f3 a la casa de Blanca Rosa P\u00e9rez, en San Vicente, donde se hizo la entrega simb\u00f3lica a la totalidad de beneficiarios del programa de Viviendas Sociales, ejecutadas con aportes del Gobierno por intermedio del Ministerio de Desarrollo Social: 38 a trav\u00e9s de la comuna de Vaca Hua\u00f1una y 1 por la Asociaci\u00f3n Esfuerzo Compartido.<\/p>\n\n\n\n<figure class=\"wp-block-image size-large\"><a href=\"https:\/\/i0.wp.com\/elterritorialweb.com.ar\/web\/wp-content\/uploads\/2022\/10\/figueroa-casa.jpeg\"><img data-recalc-dims=\"1\" decoding=\"async\" width=\"640\" height=\"491\" data-src=\"https:\/\/i0.wp.com\/elterritorialweb.com.ar\/web\/wp-content\/uploads\/2022\/10\/figueroa-casa.jpeg?resize=640%2C491\" alt=\"\" class=\"wp-image-45616 lazyload\" data-srcset=\"https:\/\/i0.wp.com\/elterritorialweb.com.ar\/web\/wp-content\/uploads\/2022\/10\/figueroa-casa.jpeg?resize=1024%2C786 1024w, https:\/\/i0.wp.com\/elterritorialweb.com.ar\/web\/wp-content\/uploads\/2022\/10\/figueroa-casa.jpeg?resize=300%2C230 300w, https:\/\/i0.wp.com\/elterritorialweb.com.ar\/web\/wp-content\/uploads\/2022\/10\/figueroa-casa.jpeg?resize=768%2C589 768w, https:\/\/i0.wp.com\/elterritorialweb.com.ar\/web\/wp-content\/uploads\/2022\/10\/figueroa-casa.jpeg?w=1389 1389w, https:\/\/i0.wp.com\/elterritorialweb.com.ar\/web\/wp-content\/uploads\/2022\/10\/figueroa-casa.jpeg?w=1280 1280w\" data-sizes=\"(max-width: 640px) 100vw, 640px\" src=\"data:image\/svg+xml;base64,PHN2ZyB3aWR0aD0iMSIgaGVpZ2h0PSIxIiB4bWxucz0iaHR0cDovL3d3dy53My5vcmcvMjAwMC9zdmciPjwvc3ZnPg==\" style=\"--smush-placeholder-width: 640px; --smush-placeholder-aspect-ratio: 640\/491;\" \/><\/a><\/figure>\n\n\n\n<p>La comitiva se traslad\u00f3 despu\u00e9s a la Escuela N\u00ba 1.080, donde fue recibido por la directora Isabel Luna y gran cantidad de pobladores de la zona.<\/p>\n\n\n\n<p>All\u00ed se vivieron momentos cargados de emoci\u00f3n, cuando el Dr. Oscar Ledesma Pati\u00f1o record\u00f3 a su padre, cuyo nombre recibe la escuela, quien recibi\u00f3 el merecido homenaje de la comunidad por su labor educativa y social en esta zona del departamento Figueroa.<\/p>\n\n\n\n<p>En este marco tambi\u00e9n se oficializ\u00f3 la apertura de la posta sanitaria de Quimilioj.<\/p>\n\n\n\n<p>En su mensaje, el gobernador expres\u00f3 su agradecimiento a todos los docentes que \u201cayudan a construir la provincia y la patria grande con su vocaci\u00f3n de servicio\u201d y ratific\u00f3 su compromiso con los santiague\u00f1os a trav\u00e9s de la educaci\u00f3n igualitaria al alcance de todos y mediante la ejecuci\u00f3n de obras estrat\u00e9gicas que permitan una mejor calidad de vida, oportunidades de trabajo y el despegue definitivo de la provincia.<\/p>\n\n\n\n<figure class=\"wp-block-image size-large\"><a href=\"https:\/\/i0.wp.com\/elterritorialweb.com.ar\/web\/wp-content\/uploads\/2022\/10\/figueroa.jpeg\"><img data-recalc-dims=\"1\" decoding=\"async\" width=\"640\" height=\"426\" data-src=\"https:\/\/i0.wp.com\/elterritorialweb.com.ar\/web\/wp-content\/uploads\/2022\/10\/figueroa.jpeg?resize=640%2C426\" alt=\"\" class=\"wp-image-45615 lazyload\" data-srcset=\"https:\/\/i0.wp.com\/elterritorialweb.com.ar\/web\/wp-content\/uploads\/2022\/10\/figueroa.jpeg?resize=1024%2C682 1024w, https:\/\/i0.wp.com\/elterritorialweb.com.ar\/web\/wp-content\/uploads\/2022\/10\/figueroa.jpeg?resize=300%2C200 300w, https:\/\/i0.wp.com\/elterritorialweb.com.ar\/web\/wp-content\/uploads\/2022\/10\/figueroa.jpeg?resize=768%2C512 768w, https:\/\/i0.wp.com\/elterritorialweb.com.ar\/web\/wp-content\/uploads\/2022\/10\/figueroa.jpeg?w=1280 1280w\" data-sizes=\"(max-width: 640px) 100vw, 640px\" src=\"data:image\/svg+xml;base64,PHN2ZyB3aWR0aD0iMSIgaGVpZ2h0PSIxIiB4bWxucz0iaHR0cDovL3d3dy53My5vcmcvMjAwMC9zdmciPjwvc3ZnPg==\" style=\"--smush-placeholder-width: 640px; --smush-placeholder-aspect-ratio: 640\/426;\" \/><\/a><\/figure>\n\n\n\n<p>El acto finaliz\u00f3 con una gran torta y todos los presentes cantando el feliz cumplea\u00f1os a la instituci\u00f3n y se plant\u00f3 un \u00e1rbol como parte del programa de forestaci\u00f3n que impulsa la provincia.<\/p>\n\n\n\n<p><strong>IMPORTANTES ANUNCIOS PARA LA ZONA<\/strong><\/p>\n\n\n\n<p>Durante el acto en la escuela de San Vicente el gobernador Gerardo Zamora anunci\u00f3 la pavimentaci\u00f3n de la futura ruta 2, desde la ruta 5 hasta Vaca Hua\u00f1una y posterior mejora hacia San Vicente, obra que beneficiar\u00e1 a cientos de familias de la zona.<\/p>\n\n\n\n<p>Tambi\u00e9n una planta potabilizadora en Machajuay Huanchina y la remodelaci\u00f3n de la planta de tratamiento de Vaca Hua\u00f1una.<\/p>\n\n\n\n<p>En materia de salud, se destac\u00f3 la ejecuci\u00f3n de una plaza saludable en El Cruce y el pronto inicio de la construcci\u00f3n de puestos sanitarios de Card\u00f3n Esquina y Luj\u00e1n.<\/p>\n\n\n\n<p>Tambi\u00e9n fue muy celebrado por los vecinos el anuncio de un nuevo hospital de tr\u00e1nsito para El Cruce y la ampliaci\u00f3n del Hospital Distrital de Bandera Bajada con m\u00e1s servicios.<\/p>\n\n\n\n<p>En proyectos de energ\u00eda, se mencionaron los 10 km de tendido el\u00e9ctrico desde Santa Luc\u00eda a San Jos\u00e9 y otros 5 km de cableado de baja tensi\u00f3n para 41 familias, la Escuela N\u00b0 84 y una capilla en cercan\u00edas de El Cruce camino a Tintina.<\/p>\n\n\n\n<p>Mientras tanto, se encuentran en ejecuci\u00f3n obras de refacci\u00f3n y ampliaciones en la Escuela N\u00b0 927 y el Jard\u00edn de Infantes N\u00b0 528 de Kilometro 0; nuevas instalaciones de la Escuela N\u00b0 1195 y mejoras en el jard\u00edn anexo de La Ca\u00f1ada; en la escuela de Cha\u00f1ar Pozo, El Quebrachal; en la Escuela N\u00b0 265 de Machajuay Huanchina; en el Jard\u00edn N\u00b0 240 de Invernada Norte y en la Escuela N\u00b0 847 de San Jos\u00e9.<\/p>\n\n\n\n<p>Para adjudicar se encuentran las mejoras en las escuelas N\u00b0 714 de Cartavio y N\u00b0 1160 y su jard\u00edn anexo.<\/p>\n\n\n\n<p>Para licitaci\u00f3n, se hizo menci\u00f3n a las mejoras en el Jard\u00edn N\u00b0 466 de Luj\u00e1n; la Escuela N\u00ba 1.080 y Jard\u00edn de San Vicente; en la Escuela N\u00ba 16 de Santa Mar\u00eda; en la Escuela N\u00b0 16 de Santa Mar\u00eda; en la Escuela N\u00b0 227 de Card\u00f3n Esquina; en la Escuela N\u00b0 568 de Totorilla; en la Escuela N\u00b0 965 y en el Jard\u00edn N\u00b0 668 de La Esperanza y en la Escuela N\u00b0 848 de La Candelaria.<\/p>\n\n\n\n<p>Mientras que en proyecto se encuentran las obras de ampliaci\u00f3n del Agrupamiento N\u00b0 86.114\/073 de Luj\u00e1n; la construcci\u00f3n de un play\u00f3n deportivo y refacciones en la Escuela N\u00b0 473 de Invernada Sur y ampliaciones en el Agrupamiento 86110 con sede en la Escuela N\u00b0 256 de Invernada Norte.<\/p>\n\n\n\n<p><\/p>\n\n\n\n<p><\/p>\n\n\n\n<p><strong>\u00a0<\/strong><\/p>\n\n\n\n<p><\/p>\n","protected":false},"excerpt":{"rendered":"<p>El mandatario provincial, tambi\u00e9n anuncio importantes obras para esa comunidad.<\/p>\n","protected":false},"author":2,"featured_media":45617,"comment_status":"open","ping_status":"open","sticky":false,"template":"","format":"standard","meta":{"om_disable_all_campaigns":false,"_monsterinsights_skip_tracking":false,"_monsterinsights_sitenote_active":false,"_monsterinsights_sitenote_note":"","_monsterinsights_sitenote_category":0,"_uf_show_specific_survey":0,"_uf_disable_surveys":false,"jetpack_post_was_ever_published":false,"_jetpack_newsletter_access":"","_jetpack_dont_email_post_to_subs":false,"_jetpack_newsletter_tier_id":0,"_jetpack_memberships_contains_paywalled_content":false,"_jetpack_memberships_contains_paid_content":false,"footnotes":"","jetpack_publicize_message":"","jetpack_publicize_feature_enabled":true,"jetpack_social_post_already_shared":false,"jetpack_social_options":{"image_generator_settings":{"template":"highway","default_image_id":0,"font":"","enabled":false},"version":2}},"categories":[21],"tags":[],"class_list":["post-45614","post","type-post","status-publish","format-standard","has-post-thumbnail","hentry","category-locales"],"aioseo_notices":[],"views":9,"jetpack_publicize_connections":[],"jetpack_featured_media_url":"https:\/\/i0.wp.com\/elterritorialweb.com.ar\/web\/wp-content\/uploads\/2022\/10\/figueroa1.jpeg?fit=1280%2C743","jetpack_sharing_enabled":true,"_links":{"self":[{"href":"http:\/\/elterritorialweb.com.ar\/web\/wp-json\/wp\/v2\/posts\/45614","targetHints":{"allow":["GET"]}}],"collection":[{"href":"http:\/\/elterritorialweb.com.ar\/web\/wp-json\/wp\/v2\/posts"}],"about":[{"href":"http:\/\/elterritorialweb.com.ar\/web\/wp-json\/wp\/v2\/types\/post"}],"author":[{"embeddable":true,"href":"http:\/\/elterritorialweb.com.ar\/web\/wp-json\/wp\/v2\/users\/2"}],"replies":[{"embeddable":true,"href":"http:\/\/elterritorialweb.com.ar\/web\/wp-json\/wp\/v2\/comments?post=45614"}],"version-history":[{"count":2,"href":"http:\/\/elterritorialweb.com.ar\/web\/wp-json\/wp\/v2\/posts\/45614\/revisions"}],"predecessor-version":[{"id":45622,"href":"http:\/\/elterritorialweb.com.ar\/web\/wp-json\/wp\/v2\/posts\/45614\/revisions\/45622"}],"wp:featuredmedia":[{"embeddable":true,"href":"http:\/\/elterritorialweb.com.ar\/web\/wp-json\/wp\/v2\/media\/45617"}],"wp:attachment":[{"href":"http:\/\/elterritorialweb.com.ar\/web\/wp-json\/wp\/v2\/media?parent=45614"}],"wp:term":[{"taxonomy":"category","embeddable":true,"href":"http:\/\/elterritorialweb.com.ar\/web\/wp-json\/wp\/v2\/categories?post=45614"},{"taxonomy":"post_tag","embeddable":true,"href":"http:\/\/elterritorialweb.com.ar\/web\/wp-json\/wp\/v2\/tags?post=45614"}],"curies":[{"name":"wp","href":"https:\/\/api.w.org\/{rel}","templated":true}]}}