{"id":45623,"date":"2022-10-12T02:48:54","date_gmt":"2022-10-12T02:48:54","guid":{"rendered":"http:\/\/elterritorialweb.com.ar\/web\/?p=45623"},"modified":"2022-10-12T02:48:54","modified_gmt":"2022-10-12T02:48:54","slug":"gerardo-zamora-inauguro-importantes-obras-en-silipica","status":"publish","type":"post","link":"http:\/\/elterritorialweb.com.ar\/web\/gerardo-zamora-inauguro-importantes-obras-en-silipica\/","title":{"rendered":"GERARDO ZAMORA INAUGUR\u00d3 IMPORTANTES OBRAS EN SIL\u00cdPICA"},"content":{"rendered":"\n<p>Tambi\u00e9n dej\u00f3 habilitadas en la zona la refacci\u00f3n completa de la posta sanitaria de esa localidad; la iluminaci\u00f3n del Patio Silipique\u00f1o; el techo del patio y refacciones de la Escuela N\u00b0 6 \u00abPadre Paj\u00f3n de la Zarza\u00bb; adem\u00e1s de 1.200 metros de alumbrado p\u00fablico desde Villa Sil\u00edpica hasta la Capilla de Mama Antula.<\/p>\n\n\n\n<p>Junto al mandatario estuvo el vicegobernador Carlos Silva Neder; la presidente provisional del Senado de la Naci\u00f3n, Claudia de Zamora; los ministros de Gobierno, Marcelo Barbur; de Desarrollo Social, \u00c1ngel Niccolai y de Educaci\u00f3n, Mariela Nassif; acompa\u00f1ados por los comisionados de Sumamao, Jorge \u00c1balos, y de Villa Sil\u00edpica, Carlos Concha, adem\u00e1s de la directora de la Escuela N\u00b0 902 y del jard\u00edn de infantes anexo, Viviana Godoy.<\/p>\n\n\n\n<figure class=\"wp-block-image size-large\"><a href=\"https:\/\/i0.wp.com\/elterritorialweb.com.ar\/web\/wp-content\/uploads\/2022\/10\/silipica2.jpeg\"><img data-recalc-dims=\"1\" decoding=\"async\" width=\"640\" height=\"427\" data-src=\"https:\/\/i0.wp.com\/elterritorialweb.com.ar\/web\/wp-content\/uploads\/2022\/10\/silipica2.jpeg?resize=640%2C427\" alt=\"\" class=\"wp-image-45625 lazyload\" data-srcset=\"https:\/\/i0.wp.com\/elterritorialweb.com.ar\/web\/wp-content\/uploads\/2022\/10\/silipica2.jpeg?resize=1024%2C683 1024w, https:\/\/i0.wp.com\/elterritorialweb.com.ar\/web\/wp-content\/uploads\/2022\/10\/silipica2.jpeg?resize=300%2C200 300w, https:\/\/i0.wp.com\/elterritorialweb.com.ar\/web\/wp-content\/uploads\/2022\/10\/silipica2.jpeg?resize=768%2C512 768w, https:\/\/i0.wp.com\/elterritorialweb.com.ar\/web\/wp-content\/uploads\/2022\/10\/silipica2.jpeg?w=1280 1280w\" data-sizes=\"(max-width: 640px) 100vw, 640px\" src=\"data:image\/svg+xml;base64,PHN2ZyB3aWR0aD0iMSIgaGVpZ2h0PSIxIiB4bWxucz0iaHR0cDovL3d3dy53My5vcmcvMjAwMC9zdmciPjwvc3ZnPg==\" style=\"--smush-placeholder-width: 640px; --smush-placeholder-aspect-ratio: 640\/427;\" \/><\/a><\/figure>\n\n\n\n<p>En su primera actividad en el departamento Sil\u00edpica, el gobernador visit\u00f3 la casa de In\u00e9s Orellana, para dejar inauguradas simb\u00f3licamente la totalidad de las viviendas entregadas en esta ocasi\u00f3n.<\/p>\n\n\n\n<p>De 68 casas entregadas, 12 fueron construidas por la Comisi\u00f3n Municipal de Sumamao, beneficiando a familias de esa localidad y de Huachana. Otras 39 fueron ejecutadas a trav\u00e9s de la comuna de Villa Sil\u00edpica, distribuidas en San Andr\u00e9s, San Agust\u00edn, Campo Alegre, Simbol, \u00c1rraga y Cha\u00f1ar Pujio.<\/p>\n\n\n\n<p>Por otro lado, 9 viviendas fueron ejecutadas por la Asociaci\u00f3n Civil B\u00b0 Industrial Sector Oeste; 6 por la Asociaci\u00f3n Civil Alem de Luna y 2 casas fueron construidas por la Asociaci\u00f3n Civil General Jos\u00e9 de San Martin.<\/p>\n\n\n\n<figure class=\"wp-block-image size-large\"><a href=\"https:\/\/i0.wp.com\/elterritorialweb.com.ar\/web\/wp-content\/uploads\/2022\/10\/silipica.jpeg\"><img data-recalc-dims=\"1\" decoding=\"async\" width=\"640\" height=\"427\" data-src=\"https:\/\/i0.wp.com\/elterritorialweb.com.ar\/web\/wp-content\/uploads\/2022\/10\/silipica.jpeg?resize=640%2C427\" alt=\"\" class=\"wp-image-45626 lazyload\" data-srcset=\"https:\/\/i0.wp.com\/elterritorialweb.com.ar\/web\/wp-content\/uploads\/2022\/10\/silipica.jpeg?resize=1024%2C683 1024w, https:\/\/i0.wp.com\/elterritorialweb.com.ar\/web\/wp-content\/uploads\/2022\/10\/silipica.jpeg?resize=300%2C200 300w, https:\/\/i0.wp.com\/elterritorialweb.com.ar\/web\/wp-content\/uploads\/2022\/10\/silipica.jpeg?resize=768%2C512 768w, https:\/\/i0.wp.com\/elterritorialweb.com.ar\/web\/wp-content\/uploads\/2022\/10\/silipica.jpeg?w=1280 1280w\" data-sizes=\"(max-width: 640px) 100vw, 640px\" src=\"data:image\/svg+xml;base64,PHN2ZyB3aWR0aD0iMSIgaGVpZ2h0PSIxIiB4bWxucz0iaHR0cDovL3d3dy53My5vcmcvMjAwMC9zdmciPjwvc3ZnPg==\" style=\"--smush-placeholder-width: 640px; --smush-placeholder-aspect-ratio: 640\/427;\" \/><\/a><\/figure>\n\n\n\n<p>Seguidamente las autoridades habilitaron el edificio del Jard\u00edn de Infantes N\u00b0 801, que cuenta con 7 alumnos en las salas de 3, 4 y 5 a\u00f1os. Esta instituci\u00f3n es anexo de la&nbsp; Escuela N\u00b0 902, a donde concurren 11 alumnos.<\/p>\n\n\n\n<p>En sus palabras de bienvenida, la directora de la escuela agradeci\u00f3 al gobernador por la obra y expres\u00f3: \u201cEsto nos demuestra que no hay metas imposibles ni logros inalcanzables, estamos felices celebrando con j\u00fabilo la inauguraci\u00f3n de este moderno edificio\u201d.<\/p>\n\n\n\n<p>Al tomar la palabra, Zamora resalt\u00f3 el trabajo y el esfuerzo solidario de las organizaciones civiles que colaboraron con la construcci\u00f3n de las viviendas para 68 familias que tienen una mejor calidad de vida con su nuevo hogar.<\/p>\n\n\n\n<p>Con respecto al jard\u00edn de infantes dijo: \u201cEs una alegr\u00eda, pero m\u00e1s que alegr\u00eda es un compromiso que tenemos con la educaci\u00f3n, en este caso para 7 alumnitos, o bien podr\u00edan ser jardines de infantes para 200 o 300 alumnos en la Capital o en alguna ciudad importante, pero que todos tengan las mismas condiciones pedag\u00f3gicas, edilicias y de equipamiento. Esto iguala y la igualdad en t\u00e9rminos educativos es el futuro que necesitamos para nuestra provincia\u201d.<\/p>\n\n\n\n<p><strong>M\u00e1s obras<\/strong><\/p>\n\n\n\n<p>Tambi\u00e9n durante el acto se dio lectura a un extenso listado de obras que se encuentran en ejecuci\u00f3n en el departamento Sil\u00edpica, entre las que sobresalen la refacci\u00f3n y ampliaci\u00f3n del edificio del Agrupamiento N\u00b0 86.126 con sede en la Escuela N\u00b0 1013 de El Simbol.<\/p>\n\n\n\n<p>Tambi\u00e9n mejoras en las escuelas N\u00b0 810 de Manogasta y N\u00b0 977 de Nueva Francia.<\/p>\n\n\n\n<p>Para licitaci\u00f3n se encuentran los trabajos de instalaci\u00f3n el\u00e9ctrica y ampliaciones en la Escuela N\u00b0 120 de Coro Pampa y la construcci\u00f3n de un patio cubierto, cambio de pisos y aljibe en la Escuela N\u00b0 902 de Huachana.<\/p>\n\n\n\n<p>En la etapa de proyectos se encuentran las obras de refacci\u00f3n general de la Escuela N\u00b0 1.096 \u201cArmada Nacional\u201d y el Jard\u00edn de Infantes N\u00b0 143 de la localidad de Puesto del Medio, y la construcci\u00f3n de un sum y sanitarios en el Jard\u00edn de Infantes N\u00b0 725 anexo a Escuela N\u00b0 72 de La Abrita.<\/p>\n","protected":false},"excerpt":{"rendered":"<p>El gobernador Gerardo Zamora entreg\u00f3 esta ma\u00f1ana 68 viviendas sociales y dej\u00f3 formalmente inaugurado el edificio del Jard\u00edn de Infantes N\u00b0 801 de Huachana, departamento Sil\u00edpica.<\/p>\n","protected":false},"author":2,"featured_media":45624,"comment_status":"open","ping_status":"open","sticky":false,"template":"","format":"standard","meta":{"om_disable_all_campaigns":false,"_monsterinsights_skip_tracking":false,"_monsterinsights_sitenote_active":false,"_monsterinsights_sitenote_note":"","_monsterinsights_sitenote_category":0,"_uf_show_specific_survey":0,"_uf_disable_surveys":false,"jetpack_post_was_ever_published":false,"_jetpack_newsletter_access":"","_jetpack_dont_email_post_to_subs":false,"_jetpack_newsletter_tier_id":0,"_jetpack_memberships_contains_paywalled_content":false,"_jetpack_memberships_contains_paid_content":false,"footnotes":"","jetpack_publicize_message":"","jetpack_publicize_feature_enabled":true,"jetpack_social_post_already_shared":false,"jetpack_social_options":{"image_generator_settings":{"template":"highway","default_image_id":0,"font":"","enabled":false},"version":2}},"categories":[21],"tags":[],"class_list":["post-45623","post","type-post","status-publish","format-standard","has-post-thumbnail","hentry","category-locales"],"aioseo_notices":[],"views":7,"jetpack_publicize_connections":[],"jetpack_featured_media_url":"https:\/\/i0.wp.com\/elterritorialweb.com.ar\/web\/wp-content\/uploads\/2022\/10\/silipica1.jpeg?fit=1280%2C854","jetpack_sharing_enabled":true,"_links":{"self":[{"href":"http:\/\/elterritorialweb.com.ar\/web\/wp-json\/wp\/v2\/posts\/45623","targetHints":{"allow":["GET"]}}],"collection":[{"href":"http:\/\/elterritorialweb.com.ar\/web\/wp-json\/wp\/v2\/posts"}],"about":[{"href":"http:\/\/elterritorialweb.com.ar\/web\/wp-json\/wp\/v2\/types\/post"}],"author":[{"embeddable":true,"href":"http:\/\/elterritorialweb.com.ar\/web\/wp-json\/wp\/v2\/users\/2"}],"replies":[{"embeddable":true,"href":"http:\/\/elterritorialweb.com.ar\/web\/wp-json\/wp\/v2\/comments?post=45623"}],"version-history":[{"count":1,"href":"http:\/\/elterritorialweb.com.ar\/web\/wp-json\/wp\/v2\/posts\/45623\/revisions"}],"predecessor-version":[{"id":45627,"href":"http:\/\/elterritorialweb.com.ar\/web\/wp-json\/wp\/v2\/posts\/45623\/revisions\/45627"}],"wp:featuredmedia":[{"embeddable":true,"href":"http:\/\/elterritorialweb.com.ar\/web\/wp-json\/wp\/v2\/media\/45624"}],"wp:attachment":[{"href":"http:\/\/elterritorialweb.com.ar\/web\/wp-json\/wp\/v2\/media?parent=45623"}],"wp:term":[{"taxonomy":"category","embeddable":true,"href":"http:\/\/elterritorialweb.com.ar\/web\/wp-json\/wp\/v2\/categories?post=45623"},{"taxonomy":"post_tag","embeddable":true,"href":"http:\/\/elterritorialweb.com.ar\/web\/wp-json\/wp\/v2\/tags?post=45623"}],"curies":[{"name":"wp","href":"https:\/\/api.w.org\/{rel}","templated":true}]}}