{"id":45802,"date":"2022-10-19T19:15:30","date_gmt":"2022-10-19T19:15:30","guid":{"rendered":"http:\/\/elterritorialweb.com.ar\/web\/?p=45802"},"modified":"2022-10-19T19:15:30","modified_gmt":"2022-10-19T19:15:30","slug":"invitan-a-las-1-jornadas-interprovinciales-de-helitransporte-sanitario","status":"publish","type":"post","link":"http:\/\/elterritorialweb.com.ar\/web\/invitan-a-las-1-jornadas-interprovinciales-de-helitransporte-sanitario\/","title":{"rendered":"INVITAN A LAS 1\u00b0 JORNADAS INTERPROVINCIALES DE HELITRANSPORTE SANITARIO"},"content":{"rendered":"\n<p>Este evento contar\u00e1 con una instancia te\u00f3rica y una parte pr\u00e1ctica con talleres de casos cl\u00ednicos con politraumatismos y exposici\u00f3n est\u00e1tica de la aeronave y equipamiento sanitario. Est\u00e1 destinado a m\u00e9dicos, enfermeros, rescatistas, bomberos, pilotos y t\u00e9cnicos en emergencias m\u00e9dicas.<br>El anuncio fue realizado en el Cepsi de ciudad Capital por la ministra de Salud de la provincia, Natividad Nassif; la directora ejecutiva del centro de salud, Liliana Romero; la directora m\u00e9dica adjunta, Eugenia Gauna; el coordinador de Urgencias, Luis Carrizo, la m\u00e9dica Laura Reynoso y el emergent\u00f3logo a cargo del Sease, Nelson Mir.<br>\u201cEstas jornadas nos permiten compartir experiencias con otras provincias y tambi\u00e9n una instancia de capacitaci\u00f3n de nuestros recursos humanos. Poder hacer este tipo de servicio requiere de determinadas competencias y estas jornadas van a transmitir una formaci\u00f3n en todas aquellas patolog\u00edas que tienen dependencia del tiempo con pacientes de alta complejidad\u201d, explic\u00f3 Nassif.<br>Seguidamente la directora ejecutiva del Cepsi dijo que \u201cla iniciativa surgi\u00f3 desde el Cepsi, el Sease y del Ministerio de Salud que est\u00e1 constantemente apoy\u00e1ndonos y aprovechando la visita de una m\u00e9dica argentina que est\u00e1 radicada en Catalu\u00f1a, Espa\u00f1a, especializada en este tema\u201d.<br>A su turno, el Dr. Carrizo explic\u00f3 la importancia de \u201ceste tipo de servicio sanitario que consiste en el traslado de los pacientes que re\u00fanen criterios por la urgencia de ser transportados por un medio a\u00e9reo\u201d.<br>\u201cEsto es una realidad que ya se viene realizando a cabo en todo el mundo a trav\u00e9s de programas por el crecimiento de nuestra poblaci\u00f3n y por la extensi\u00f3n territorial de nuestra provincia. Hemos acudido al llamado de provincias vecinas de Mendoza, C\u00f3rdoba, Catamarca, Tucum\u00e1n y Salta que ya viene trabajando en este tema. Creemos que la provincia tiene recursos y un personal humano con lo cual podemos concebir una idea de desarrollar un programa\u201d, dijo.<br>Por \u00faltimo, la Dra. Reynoso agradeci\u00f3 el recibimiento y resalt\u00f3: \u201cEs un placer poder ayudarlos desde mi experiencia en helitransporte sanitario EMS en Catalu\u00f1a\u201d.<\/p>\n","protected":false},"excerpt":{"rendered":"<p>Este jueves 20 y viernes 21 de octubre se realizar\u00e1 en el Centro Cultural San Mart\u00edn y en el Aut\u00f3dromo Internacional de Las Termas de R\u00edo Hondo las 1\u00b0 Jornadas Interprovinciales de Helitransporte Sanitario.<\/p>\n","protected":false},"author":2,"featured_media":45803,"comment_status":"open","ping_status":"open","sticky":false,"template":"","format":"standard","meta":{"om_disable_all_campaigns":false,"_monsterinsights_skip_tracking":false,"_monsterinsights_sitenote_active":false,"_monsterinsights_sitenote_note":"","_monsterinsights_sitenote_category":0,"_uf_show_specific_survey":0,"_uf_disable_surveys":false,"jetpack_post_was_ever_published":false,"_jetpack_newsletter_access":"","_jetpack_dont_email_post_to_subs":false,"_jetpack_newsletter_tier_id":0,"_jetpack_memberships_contains_paywalled_content":false,"_jetpack_memberships_contains_paid_content":false,"footnotes":"","jetpack_publicize_message":"","jetpack_publicize_feature_enabled":true,"jetpack_social_post_already_shared":false,"jetpack_social_options":{"image_generator_settings":{"template":"highway","default_image_id":0,"font":"","enabled":false},"version":2}},"categories":[3],"tags":[],"class_list":["post-45802","post","type-post","status-publish","format-standard","has-post-thumbnail","hentry","category-salud"],"aioseo_notices":[],"views":12,"jetpack_publicize_connections":[],"jetpack_featured_media_url":"https:\/\/i0.wp.com\/elterritorialweb.com.ar\/web\/wp-content\/uploads\/2022\/10\/IMG-20221019-WA0033.jpg?fit=1280%2C744","jetpack_sharing_enabled":true,"_links":{"self":[{"href":"http:\/\/elterritorialweb.com.ar\/web\/wp-json\/wp\/v2\/posts\/45802","targetHints":{"allow":["GET"]}}],"collection":[{"href":"http:\/\/elterritorialweb.com.ar\/web\/wp-json\/wp\/v2\/posts"}],"about":[{"href":"http:\/\/elterritorialweb.com.ar\/web\/wp-json\/wp\/v2\/types\/post"}],"author":[{"embeddable":true,"href":"http:\/\/elterritorialweb.com.ar\/web\/wp-json\/wp\/v2\/users\/2"}],"replies":[{"embeddable":true,"href":"http:\/\/elterritorialweb.com.ar\/web\/wp-json\/wp\/v2\/comments?post=45802"}],"version-history":[{"count":1,"href":"http:\/\/elterritorialweb.com.ar\/web\/wp-json\/wp\/v2\/posts\/45802\/revisions"}],"predecessor-version":[{"id":45804,"href":"http:\/\/elterritorialweb.com.ar\/web\/wp-json\/wp\/v2\/posts\/45802\/revisions\/45804"}],"wp:featuredmedia":[{"embeddable":true,"href":"http:\/\/elterritorialweb.com.ar\/web\/wp-json\/wp\/v2\/media\/45803"}],"wp:attachment":[{"href":"http:\/\/elterritorialweb.com.ar\/web\/wp-json\/wp\/v2\/media?parent=45802"}],"wp:term":[{"taxonomy":"category","embeddable":true,"href":"http:\/\/elterritorialweb.com.ar\/web\/wp-json\/wp\/v2\/categories?post=45802"},{"taxonomy":"post_tag","embeddable":true,"href":"http:\/\/elterritorialweb.com.ar\/web\/wp-json\/wp\/v2\/tags?post=45802"}],"curies":[{"name":"wp","href":"https:\/\/api.w.org\/{rel}","templated":true}]}}