{"id":45833,"date":"2022-10-20T02:55:26","date_gmt":"2022-10-20T02:55:26","guid":{"rendered":"http:\/\/elterritorialweb.com.ar\/web\/?p=45833"},"modified":"2022-10-20T02:55:26","modified_gmt":"2022-10-20T02:55:26","slug":"proclamaron-a-las-autoridades-municipales-electas-en-la-ciudad-de-la-banda","status":"publish","type":"post","link":"http:\/\/elterritorialweb.com.ar\/web\/proclamaron-a-las-autoridades-municipales-electas-en-la-ciudad-de-la-banda\/","title":{"rendered":"PROCLAMARON A LAS AUTORIDADES MUNICIPALES ELECTAS EN LA CIUDAD DE LA BANDA"},"content":{"rendered":"\n<p>La entrega de los diplomas con los nombramientos se realiz\u00f3 en las instalaciones del Cine Teatro Renzi donde asistieron diputados provinciales, autoridades municipales, invitados especiales y p\u00fablico en general.<br>El acto comenz\u00f3 con la entonaci\u00f3n de las estrofas del himno nacional y las palabras de la Presidenta del Tribunal Electoral Roxana del Valle Vera que se refiri\u00f3 al acto eleccionario y el intendente Roger Nediani que invit\u00f3 a todos los espacios pol\u00edticos a trabajar con di\u00e1logo y en consenso.<br>El Tribunal Electoral que presidi\u00f3 el encuentro estuvo conformado por la presidenta Roxana del Valle Vera, vocales Dr. Dagoberto Osvaldo D\u00edaz y Dra. Luciana Mar\u00eda Romero Mart\u00ednez, secretaria electoral Dra. Ana Victoria Torres y prosecretaria electoral Dra. Graciela Valle.<br>En la oportunidad, el <strong>intendente Roger Nediani <\/strong>declar\u00f3: <em>\u00abEn principio, es mucha emoci\u00f3n, teniendo en cuenta que se proclama el inicio de un nuevo gobierno y en este caso quiero agradecer al Tribunal Electoral de la Ciudad de La Banda que ha trabajado intensamente, incansablemente durante 6 meses para llevar adelante las elecciones y que se hizo en total normalidad; por ello vaya mi agradecimiento afectuoso a todo el Tribunal, a todos los integrantes y por supuesto a empleadas y empleados del Concejo Deliberante como del municipio que han trabajado y colaborado\u00bb.<\/em><\/p>\n\n\n\n<figure class=\"wp-block-image size-full\"><a href=\"https:\/\/i0.wp.com\/elterritorialweb.com.ar\/web\/wp-content\/uploads\/2022\/10\/WhatsApp-Image-2022-10-19-at-23.32.26.jpeg\"><img data-recalc-dims=\"1\" decoding=\"async\" width=\"640\" height=\"537\" data-src=\"https:\/\/i0.wp.com\/elterritorialweb.com.ar\/web\/wp-content\/uploads\/2022\/10\/WhatsApp-Image-2022-10-19-at-23.32.26.jpeg?resize=640%2C537\" alt=\"\" class=\"wp-image-45835 lazyload\" data-srcset=\"https:\/\/i0.wp.com\/elterritorialweb.com.ar\/web\/wp-content\/uploads\/2022\/10\/WhatsApp-Image-2022-10-19-at-23.32.26.jpeg?w=959 959w, https:\/\/i0.wp.com\/elterritorialweb.com.ar\/web\/wp-content\/uploads\/2022\/10\/WhatsApp-Image-2022-10-19-at-23.32.26.jpeg?resize=300%2C252 300w, https:\/\/i0.wp.com\/elterritorialweb.com.ar\/web\/wp-content\/uploads\/2022\/10\/WhatsApp-Image-2022-10-19-at-23.32.26.jpeg?resize=768%2C644 768w\" data-sizes=\"(max-width: 640px) 100vw, 640px\" src=\"data:image\/svg+xml;base64,PHN2ZyB3aWR0aD0iMSIgaGVpZ2h0PSIxIiB4bWxucz0iaHR0cDovL3d3dy53My5vcmcvMjAwMC9zdmciPjwvc3ZnPg==\" style=\"--smush-placeholder-width: 640px; --smush-placeholder-aspect-ratio: 640\/537;\" \/><\/a><\/figure>\n\n\n\n<p>Por otro lado, hay nuevas autoridades que van a asumir en el Concejo Deliberante, nuevo Viceintendente, nueva Defensora del Pueblo; y en ese sentido he convocado a todos los concejales de los diferentes espacios pol\u00edticos a trabajar, a dialogar, a consensuar\u00a0 porque el beneficiario tiene que ser el pueblo, el beneficio debe ser para la ciudad de La Banda y en ese sentido, estoy convencido de que vamos a trabajar porque lo venimos diciendo permanentemente.<br>Desde mi parte, tener un municipio a puertas abiertas y eso significa trabajar absolutamente con todos los organismos municipales, provinciales y nacionales, siempre buscando los recursos y la mejor forma de llevar beneficios al vecino y la vecina de Ciudad La Banda.<br>No tengo ninguna duda que vamos a encontrar las herramientas para acordar y consensuar y para sacar las mejores leyes en beneficio del vecino\u00bb.<\/p>\n\n\n\n<figure class=\"wp-block-image size-large\"><a href=\"https:\/\/i0.wp.com\/elterritorialweb.com.ar\/web\/wp-content\/uploads\/2022\/10\/WhatsApp-Image-2022-10-19-at-23.32.27-1.jpeg\"><img data-recalc-dims=\"1\" decoding=\"async\" width=\"640\" height=\"563\" data-src=\"https:\/\/i0.wp.com\/elterritorialweb.com.ar\/web\/wp-content\/uploads\/2022\/10\/WhatsApp-Image-2022-10-19-at-23.32.27-1.jpeg?resize=640%2C563\" alt=\"\" class=\"wp-image-45836 lazyload\" data-srcset=\"https:\/\/i0.wp.com\/elterritorialweb.com.ar\/web\/wp-content\/uploads\/2022\/10\/WhatsApp-Image-2022-10-19-at-23.32.27-1.jpeg?resize=1024%2C900 1024w, https:\/\/i0.wp.com\/elterritorialweb.com.ar\/web\/wp-content\/uploads\/2022\/10\/WhatsApp-Image-2022-10-19-at-23.32.27-1.jpeg?resize=300%2C264 300w, https:\/\/i0.wp.com\/elterritorialweb.com.ar\/web\/wp-content\/uploads\/2022\/10\/WhatsApp-Image-2022-10-19-at-23.32.27-1.jpeg?resize=768%2C675 768w, https:\/\/i0.wp.com\/elterritorialweb.com.ar\/web\/wp-content\/uploads\/2022\/10\/WhatsApp-Image-2022-10-19-at-23.32.27-1.jpeg?w=1125 1125w\" data-sizes=\"(max-width: 640px) 100vw, 640px\" src=\"data:image\/svg+xml;base64,PHN2ZyB3aWR0aD0iMSIgaGVpZ2h0PSIxIiB4bWxucz0iaHR0cDovL3d3dy53My5vcmcvMjAwMC9zdmciPjwvc3ZnPg==\" style=\"--smush-placeholder-width: 640px; --smush-placeholder-aspect-ratio: 640\/563;\" \/><\/a><\/figure>\n\n\n\n<p><strong>Entrega de diplomas<\/strong><\/p>\n\n\n\n<p>En primer t\u00e9rmino, recibieron sus diplomas los concejales suplentes electos: Ana Mar\u00eda Corradi, Juan Carlos del Valle Gim\u00e9nez, Liliana del Carmen Lastra, Cristian Enrique Mendoza, Miriam Mabel Mart\u00edn Ramona Beatriz Godoy, Hugo Oscar Segovia, Carlos Jos\u00e9 Adamo, Alicia del Valle Ju\u00e1rez, Ram\u00f3n Alberto Bravo, Luj\u00e1n Mar\u00eda In\u00e9s Ger\u00e9z, Claudia Amalia Achaval,<br>Luego los concejales titulares electos: Iber Edgardo Jes\u00fas Asselborn, Yesica Natalia Gallardo, Carlos Alberto Ru\u00edz, Stella Maris Mirolo, Lesly Ana\u00ed Campos, Rub\u00e9n Dar\u00edo Vizgarra, Alberto Emiliano Blanco Piazza, Bianca Vinocur, Patricio Nicol\u00e1s Augusto, Mar\u00eda Alejandra Monjes Rosales y Miguel \u00c1ngel Montenegro.<br>El Defensor del Pueblo Suplente, Walter Omar Peralta y la Defensora del Pueblo, Claudia Mar\u00eda Eugenia Acu\u00f1a tambi\u00e9n recibieron sus distinciones.<br>Y finalmente, el Viceintendente, Gabriel Santill\u00e1n, y el Intendente, Roger El\u00edas Nediani.<\/p>\n","protected":false},"excerpt":{"rendered":"<p>El Tribunal Electoral Municipal de la ciudad de La Banda realiz\u00f3 la proclamaci\u00f3n oficial de candidatos electos en los comicios municipales celebrados el 7 de agosto de 2022, donde result\u00f3 electo como intendente el ingeniero Roger El\u00edas Nediani.<\/p>\n","protected":false},"author":2,"featured_media":45834,"comment_status":"open","ping_status":"open","sticky":false,"template":"","format":"standard","meta":{"om_disable_all_campaigns":false,"_monsterinsights_skip_tracking":false,"_monsterinsights_sitenote_active":false,"_monsterinsights_sitenote_note":"","_monsterinsights_sitenote_category":0,"_uf_show_specific_survey":0,"_uf_disable_surveys":false,"jetpack_post_was_ever_published":false,"_jetpack_newsletter_access":"","_jetpack_dont_email_post_to_subs":false,"_jetpack_newsletter_tier_id":0,"_jetpack_memberships_contains_paywalled_content":false,"_jetpack_memberships_contains_paid_content":false,"footnotes":"","jetpack_publicize_message":"","jetpack_publicize_feature_enabled":true,"jetpack_social_post_already_shared":false,"jetpack_social_options":{"image_generator_settings":{"template":"highway","default_image_id":0,"font":"","enabled":false},"version":2}},"categories":[21],"tags":[],"class_list":["post-45833","post","type-post","status-publish","format-standard","has-post-thumbnail","hentry","category-locales"],"aioseo_notices":[],"views":7,"jetpack_publicize_connections":[],"jetpack_featured_media_url":"https:\/\/i0.wp.com\/elterritorialweb.com.ar\/web\/wp-content\/uploads\/2022\/10\/WhatsApp-Image-2022-10-19-at-23.32.26-1.jpeg?fit=1280%2C741","jetpack_sharing_enabled":true,"_links":{"self":[{"href":"http:\/\/elterritorialweb.com.ar\/web\/wp-json\/wp\/v2\/posts\/45833","targetHints":{"allow":["GET"]}}],"collection":[{"href":"http:\/\/elterritorialweb.com.ar\/web\/wp-json\/wp\/v2\/posts"}],"about":[{"href":"http:\/\/elterritorialweb.com.ar\/web\/wp-json\/wp\/v2\/types\/post"}],"author":[{"embeddable":true,"href":"http:\/\/elterritorialweb.com.ar\/web\/wp-json\/wp\/v2\/users\/2"}],"replies":[{"embeddable":true,"href":"http:\/\/elterritorialweb.com.ar\/web\/wp-json\/wp\/v2\/comments?post=45833"}],"version-history":[{"count":1,"href":"http:\/\/elterritorialweb.com.ar\/web\/wp-json\/wp\/v2\/posts\/45833\/revisions"}],"predecessor-version":[{"id":45838,"href":"http:\/\/elterritorialweb.com.ar\/web\/wp-json\/wp\/v2\/posts\/45833\/revisions\/45838"}],"wp:featuredmedia":[{"embeddable":true,"href":"http:\/\/elterritorialweb.com.ar\/web\/wp-json\/wp\/v2\/media\/45834"}],"wp:attachment":[{"href":"http:\/\/elterritorialweb.com.ar\/web\/wp-json\/wp\/v2\/media?parent=45833"}],"wp:term":[{"taxonomy":"category","embeddable":true,"href":"http:\/\/elterritorialweb.com.ar\/web\/wp-json\/wp\/v2\/categories?post=45833"},{"taxonomy":"post_tag","embeddable":true,"href":"http:\/\/elterritorialweb.com.ar\/web\/wp-json\/wp\/v2\/tags?post=45833"}],"curies":[{"name":"wp","href":"https:\/\/api.w.org\/{rel}","templated":true}]}}