{"id":45839,"date":"2022-10-20T19:30:59","date_gmt":"2022-10-20T19:30:59","guid":{"rendered":"http:\/\/elterritorialweb.com.ar\/web\/?p=45839"},"modified":"2022-10-20T19:31:00","modified_gmt":"2022-10-20T19:31:00","slug":"comenzaron-las-jornadas-interprovinciales-de-helitransporte-sanitario","status":"publish","type":"post","link":"http:\/\/elterritorialweb.com.ar\/web\/comenzaron-las-jornadas-interprovinciales-de-helitransporte-sanitario\/","title":{"rendered":"COMENZARON LAS JORNADAS INTERPROVINCIALES DE HELITRANSPORTE SANITARIO"},"content":{"rendered":"\n<p>Estuvieron presentes los directores del Sease, Nelson Mir y del Centro Integral de Salud Termas (Cist), Luis Mart\u00ednez; la directora ejecutiva del Cepsi, Liliana Romero; la directora m\u00e9dica adjunta, Eugenia Gauna, y el intendente interino Ra\u00fal Guti\u00e9rrez.<\/p>\n\n\n\n<p>Adem\u00e1s de Luis Carrizo, a cargo de la Coordinaci\u00f3n de Emergencia; la m\u00e9dica emergent\u00f3loga de Catalu\u00f1a, Laura Reynoso, y participantes de Santiago del Estero, Salta, Tucum\u00e1n, Mendoza y C\u00f3rdoba.<\/p>\n\n\n\n<p><strong><a href=\"http:\/\/elterritorialweb.com.ar\/web\/invitan-a-las-1-jornadas-interprovinciales-de-helitransporte-sanitario\/\" data-type=\"URL\" data-id=\"http:\/\/elterritorialweb.com.ar\/web\/invitan-a-las-1-jornadas-interprovinciales-de-helitransporte-sanitario\/\">Las jornadas est\u00e1n organizadas por el Ministerio de Salud de la provincia<\/a>,<\/strong> el Sease y el Cepsi con el objeto de protocolizar los procedimientos de aeroevacuaci\u00f3n sanitaria\u00a0 y\u00a0 garantizando el tiempo dependientes -actuar de manera inmediata- para proveer cuidados m\u00e9dicos y estabilizar al paciente.<\/p>\n\n\n\n<p>Durante esta actividad &#8211; que continuar\u00e1 este viernes con talleres y pr\u00e1cticas en el Aut\u00f3dromo Internacional- se contar\u00e1 con la presencia de especialistas en Hems (HelicopterEmergency&nbsp; Medical Service) de Catalu\u00f1a, Espa\u00f1a, y de profesionales en la tem\u00e1tica.<\/p>\n\n\n\n<p>Tambi\u00e9n se presentaron las ponencias sobre Hems sobre \u201cDe qu\u00e9 trata y c\u00f3mo funciona en los pa\u00edses desarrollados\u201d; \u201cSituaci\u00f3n del helitransporte en Argentina\u201d; \u201cFormas de activaci\u00f3n de un helic\u00f3ptero medicalizado\u201d, entre otras.<\/p>\n\n\n\n<p><\/p>\n","protected":false},"excerpt":{"rendered":"<p>En la ma\u00f1ana de hoy se realiz\u00f3 el acto de apertura de las Primeras Jornadas Interprovinciales de Helitransporte Sanitario en la ciudad de Las Termas de R\u00edo Hondo.<\/p>\n","protected":false},"author":2,"featured_media":45840,"comment_status":"open","ping_status":"open","sticky":false,"template":"","format":"standard","meta":{"om_disable_all_campaigns":false,"_monsterinsights_skip_tracking":false,"_monsterinsights_sitenote_active":false,"_monsterinsights_sitenote_note":"","_monsterinsights_sitenote_category":0,"_uf_show_specific_survey":0,"_uf_disable_surveys":false,"jetpack_post_was_ever_published":false,"_jetpack_newsletter_access":"","_jetpack_dont_email_post_to_subs":false,"_jetpack_newsletter_tier_id":0,"_jetpack_memberships_contains_paywalled_content":false,"_jetpack_memberships_contains_paid_content":false,"footnotes":"","jetpack_publicize_message":"","jetpack_publicize_feature_enabled":true,"jetpack_social_post_already_shared":false,"jetpack_social_options":{"image_generator_settings":{"template":"highway","default_image_id":0,"font":"","enabled":false},"version":2}},"categories":[21],"tags":[],"class_list":["post-45839","post","type-post","status-publish","format-standard","has-post-thumbnail","hentry","category-locales"],"aioseo_notices":[],"views":9,"jetpack_publicize_connections":[],"jetpack_featured_media_url":"https:\/\/i0.wp.com\/elterritorialweb.com.ar\/web\/wp-content\/uploads\/2022\/10\/comenzaron.jpeg?fit=798%2C521","jetpack_sharing_enabled":true,"_links":{"self":[{"href":"http:\/\/elterritorialweb.com.ar\/web\/wp-json\/wp\/v2\/posts\/45839","targetHints":{"allow":["GET"]}}],"collection":[{"href":"http:\/\/elterritorialweb.com.ar\/web\/wp-json\/wp\/v2\/posts"}],"about":[{"href":"http:\/\/elterritorialweb.com.ar\/web\/wp-json\/wp\/v2\/types\/post"}],"author":[{"embeddable":true,"href":"http:\/\/elterritorialweb.com.ar\/web\/wp-json\/wp\/v2\/users\/2"}],"replies":[{"embeddable":true,"href":"http:\/\/elterritorialweb.com.ar\/web\/wp-json\/wp\/v2\/comments?post=45839"}],"version-history":[{"count":1,"href":"http:\/\/elterritorialweb.com.ar\/web\/wp-json\/wp\/v2\/posts\/45839\/revisions"}],"predecessor-version":[{"id":45841,"href":"http:\/\/elterritorialweb.com.ar\/web\/wp-json\/wp\/v2\/posts\/45839\/revisions\/45841"}],"wp:featuredmedia":[{"embeddable":true,"href":"http:\/\/elterritorialweb.com.ar\/web\/wp-json\/wp\/v2\/media\/45840"}],"wp:attachment":[{"href":"http:\/\/elterritorialweb.com.ar\/web\/wp-json\/wp\/v2\/media?parent=45839"}],"wp:term":[{"taxonomy":"category","embeddable":true,"href":"http:\/\/elterritorialweb.com.ar\/web\/wp-json\/wp\/v2\/categories?post=45839"},{"taxonomy":"post_tag","embeddable":true,"href":"http:\/\/elterritorialweb.com.ar\/web\/wp-json\/wp\/v2\/tags?post=45839"}],"curies":[{"name":"wp","href":"https:\/\/api.w.org\/{rel}","templated":true}]}}