{"id":45845,"date":"2022-10-20T20:12:34","date_gmt":"2022-10-20T20:12:34","guid":{"rendered":"http:\/\/elterritorialweb.com.ar\/web\/?p=45845"},"modified":"2022-10-20T20:12:35","modified_gmt":"2022-10-20T20:12:35","slug":"nediani-participo-de-la-asuncion-de-nuevas-autoridades-del-inta","status":"publish","type":"post","link":"http:\/\/elterritorialweb.com.ar\/web\/nediani-participo-de-la-asuncion-de-nuevas-autoridades-del-inta\/","title":{"rendered":"NEDIANI PARTICIPO DE LA ASUNCI\u00d3N DE NUEVAS AUTORIDADES DEL INTA"},"content":{"rendered":"\n<p>En este sentido, el jefe comunal asisti\u00f3 a la asunci\u00f3n de los nuevos directores asignados para Estaciones Experimentales Agropecuarias de Santiago del Estero y Quimil\u00ed, Mario Hugo Mondino y Gustavo Gerlero, con el acto central encabezado por la vicepresidenta del INTA, Nacira Mu\u00f1oz; la intendente de la ciudad de Santiago, Norma Fuentes; el ministro de Producci\u00f3n de la Provincia, Miguel Mandrile; el presidente del Consejo del Centro Regional Tucum\u00e1n-Santiago, Rodolfo Balbi; el director del Centro Regional Tucum\u00e1n-Santiago, Aldo Arroyo; el director del INTA Santiago del Estero y dem\u00e1s autoridades y p\u00fablico presentes.<br>El INTA (Instituto Nacional de Tecnolog\u00eda Agropecuaria Argentina), es una instituci\u00f3n de referencia del desarrollo agroalimentario que est\u00e1 junto al productor y sus necesidades, asistiendo a los sectores sociales que requieren su atenci\u00f3n. <\/p>\n\n\n\n<figure class=\"wp-block-image size-large\"><a href=\"https:\/\/i0.wp.com\/elterritorialweb.com.ar\/web\/wp-content\/uploads\/2022\/10\/WhatsApp-Image-2022-10-20-at-15.43.00.jpeg\"><img data-recalc-dims=\"1\" decoding=\"async\" width=\"640\" height=\"412\" data-src=\"https:\/\/i0.wp.com\/elterritorialweb.com.ar\/web\/wp-content\/uploads\/2022\/10\/WhatsApp-Image-2022-10-20-at-15.43.00.jpeg?resize=640%2C412\" alt=\"\" class=\"wp-image-45847 lazyload\" data-srcset=\"https:\/\/i0.wp.com\/elterritorialweb.com.ar\/web\/wp-content\/uploads\/2022\/10\/WhatsApp-Image-2022-10-20-at-15.43.00.jpeg?resize=1024%2C659 1024w, https:\/\/i0.wp.com\/elterritorialweb.com.ar\/web\/wp-content\/uploads\/2022\/10\/WhatsApp-Image-2022-10-20-at-15.43.00.jpeg?resize=300%2C193 300w, https:\/\/i0.wp.com\/elterritorialweb.com.ar\/web\/wp-content\/uploads\/2022\/10\/WhatsApp-Image-2022-10-20-at-15.43.00.jpeg?resize=768%2C494 768w, https:\/\/i0.wp.com\/elterritorialweb.com.ar\/web\/wp-content\/uploads\/2022\/10\/WhatsApp-Image-2022-10-20-at-15.43.00.jpeg?w=1240 1240w\" data-sizes=\"(max-width: 640px) 100vw, 640px\" src=\"data:image\/svg+xml;base64,PHN2ZyB3aWR0aD0iMSIgaGVpZ2h0PSIxIiB4bWxucz0iaHR0cDovL3d3dy53My5vcmcvMjAwMC9zdmciPjwvc3ZnPg==\" style=\"--smush-placeholder-width: 640px; --smush-placeholder-aspect-ratio: 640\/412;\" \/><\/a><\/figure>\n\n\n\n<p>Su misi\u00f3n, es impulsar la innovaci\u00f3n y contribuir al desarrollo sostenible de un sistema agropecuario, agroindustrial y agroalimentario, competitivo, inclusivo, equitativo y cuidadoso del ambiente, a trav\u00e9s de la investigaci\u00f3n, la extensi\u00f3n, el desarrollo de nuevas tecnolog\u00edas, el aporte a la formulaci\u00f3n de pol\u00edticas p\u00fablicas y la articulaci\u00f3n y cooperaci\u00f3n nacional e internacional.<br><\/p>\n\n\n\n<p>Por su parte, Nediani dijo: \u201cFelicito a las nuevas autoridades de dos estaciones experimentales muy importantes para la provincia, por lo que quiero expresar mi total apoyo desde el municipio bande\u00f1o, e insto a continuar trabajando de forma mancomunada entre ambas instituciones como lo venimos haciendo con los convenios que tenemos desde las \u00e1reas de huertas, Desarrollo Social, Turismo y dem\u00e1s, los cuales vamos a seguir manteniendo y fortaleciendo por el crecimiento de la provincia y sobre todo de La Banda y cada uno de sus habitantes\u201d.<\/p>\n","protected":false},"excerpt":{"rendered":"<p>El intendente de la ciudad de La Banda, Roger Nediani particip\u00f3, en la ma\u00f1ana del jueves, de la asunci\u00f3n de nuevas autoridades de Estaciones Experimentales Agropecuarias del INTA, que se llev\u00f3 a cabo en el Campo Experimental del INTA Santiago.<\/p>\n","protected":false},"author":2,"featured_media":45846,"comment_status":"open","ping_status":"open","sticky":false,"template":"","format":"standard","meta":{"om_disable_all_campaigns":false,"_monsterinsights_skip_tracking":false,"_monsterinsights_sitenote_active":false,"_monsterinsights_sitenote_note":"","_monsterinsights_sitenote_category":0,"_uf_show_specific_survey":0,"_uf_disable_surveys":false,"jetpack_post_was_ever_published":false,"_jetpack_newsletter_access":"","_jetpack_dont_email_post_to_subs":false,"_jetpack_newsletter_tier_id":0,"_jetpack_memberships_contains_paywalled_content":false,"_jetpack_memberships_contains_paid_content":false,"footnotes":"","jetpack_publicize_message":"","jetpack_publicize_feature_enabled":true,"jetpack_social_post_already_shared":false,"jetpack_social_options":{"image_generator_settings":{"template":"highway","default_image_id":0,"font":"","enabled":false},"version":2}},"categories":[21],"tags":[],"class_list":["post-45845","post","type-post","status-publish","format-standard","has-post-thumbnail","hentry","category-locales"],"aioseo_notices":[],"views":10,"jetpack_publicize_connections":[],"jetpack_featured_media_url":"https:\/\/i0.wp.com\/elterritorialweb.com.ar\/web\/wp-content\/uploads\/2022\/10\/WhatsApp-Image-2022-10-20-at-15.43.00-1.jpeg?fit=1280%2C845","jetpack_sharing_enabled":true,"_links":{"self":[{"href":"http:\/\/elterritorialweb.com.ar\/web\/wp-json\/wp\/v2\/posts\/45845","targetHints":{"allow":["GET"]}}],"collection":[{"href":"http:\/\/elterritorialweb.com.ar\/web\/wp-json\/wp\/v2\/posts"}],"about":[{"href":"http:\/\/elterritorialweb.com.ar\/web\/wp-json\/wp\/v2\/types\/post"}],"author":[{"embeddable":true,"href":"http:\/\/elterritorialweb.com.ar\/web\/wp-json\/wp\/v2\/users\/2"}],"replies":[{"embeddable":true,"href":"http:\/\/elterritorialweb.com.ar\/web\/wp-json\/wp\/v2\/comments?post=45845"}],"version-history":[{"count":1,"href":"http:\/\/elterritorialweb.com.ar\/web\/wp-json\/wp\/v2\/posts\/45845\/revisions"}],"predecessor-version":[{"id":45848,"href":"http:\/\/elterritorialweb.com.ar\/web\/wp-json\/wp\/v2\/posts\/45845\/revisions\/45848"}],"wp:featuredmedia":[{"embeddable":true,"href":"http:\/\/elterritorialweb.com.ar\/web\/wp-json\/wp\/v2\/media\/45846"}],"wp:attachment":[{"href":"http:\/\/elterritorialweb.com.ar\/web\/wp-json\/wp\/v2\/media?parent=45845"}],"wp:term":[{"taxonomy":"category","embeddable":true,"href":"http:\/\/elterritorialweb.com.ar\/web\/wp-json\/wp\/v2\/categories?post=45845"},{"taxonomy":"post_tag","embeddable":true,"href":"http:\/\/elterritorialweb.com.ar\/web\/wp-json\/wp\/v2\/tags?post=45845"}],"curies":[{"name":"wp","href":"https:\/\/api.w.org\/{rel}","templated":true}]}}