{"id":45859,"date":"2022-10-22T17:21:22","date_gmt":"2022-10-22T17:21:22","guid":{"rendered":"http:\/\/elterritorialweb.com.ar\/web\/?p=45859"},"modified":"2022-10-22T17:21:23","modified_gmt":"2022-10-22T17:21:23","slug":"raly-barrionuevo-presenta-a-solas-y-sin-libreto","status":"publish","type":"post","link":"http:\/\/elterritorialweb.com.ar\/web\/raly-barrionuevo-presenta-a-solas-y-sin-libreto\/","title":{"rendered":"RALY BARRIONUEVO PRESENTA \u00abA SOLAS Y SIN LIBRETO\u00bb"},"content":{"rendered":"\n<p>Durante el espect\u00e1culo predominar\u00e1n las melod\u00edas de ra\u00edces folcl\u00f3ricas alimentada por m\u00faltiples sonoridades. Como exponente y voz del folclore, el trovador santiague\u00f1o decidi\u00f3 poner un freno a sus agitados a\u00f1os entre festivales, giras y una rutina marcada por los conciertos, para desandar los caminos solo con sus guitarras y sus canciones.<br>M\u00fasico, compositor, cantautor e int\u00e9rprete, Raly Barrionuevo, es un artista excepcional de la escena actual. Su transigencia lo llev\u00f3 a transitar diversos senderos, compartiendo as\u00ed experiencias y la m\u00fasica con artistas de todos los g\u00e9neros y latitudes; asimismo basa su camino en la autogesti\u00f3n, gozando de la independencia art\u00edstica y en la b\u00fasqueda permanente de nuevos rumbos que aumenten su bagaje de donde luego surgen canciones.<\/p>\n\n\n\n<figure class=\"wp-block-image size-large\"><a href=\"https:\/\/i0.wp.com\/elterritorialweb.com.ar\/web\/wp-content\/uploads\/2022\/10\/IMG-20221022-WA0020.jpg\"><img data-recalc-dims=\"1\" decoding=\"async\" width=\"640\" height=\"960\" data-src=\"https:\/\/i0.wp.com\/elterritorialweb.com.ar\/web\/wp-content\/uploads\/2022\/10\/IMG-20221022-WA0020.jpg?resize=640%2C960\" alt=\"\" class=\"wp-image-45861 lazyload\" data-srcset=\"https:\/\/i0.wp.com\/elterritorialweb.com.ar\/web\/wp-content\/uploads\/2022\/10\/IMG-20221022-WA0020.jpg?resize=683%2C1024 683w, https:\/\/i0.wp.com\/elterritorialweb.com.ar\/web\/wp-content\/uploads\/2022\/10\/IMG-20221022-WA0020.jpg?resize=200%2C300 200w, https:\/\/i0.wp.com\/elterritorialweb.com.ar\/web\/wp-content\/uploads\/2022\/10\/IMG-20221022-WA0020.jpg?resize=768%2C1152 768w, https:\/\/i0.wp.com\/elterritorialweb.com.ar\/web\/wp-content\/uploads\/2022\/10\/IMG-20221022-WA0020.jpg?w=1023 1023w\" data-sizes=\"(max-width: 640px) 100vw, 640px\" src=\"data:image\/svg+xml;base64,PHN2ZyB3aWR0aD0iMSIgaGVpZ2h0PSIxIiB4bWxucz0iaHR0cDovL3d3dy53My5vcmcvMjAwMC9zdmciPjwvc3ZnPg==\" style=\"--smush-placeholder-width: 640px; --smush-placeholder-aspect-ratio: 640\/960;\" \/><\/a><\/figure>\n\n\n\n<p>La m\u00fasica que suena en su casa, obras de sus quince discos y aquellas que son parte del cancionero de Raly, ser\u00e1n parte del concierto que dar\u00e1 en clave intimista, despojado de todo libreto, concretando sus anhelos e ilusiones: compartir amorosamente con la gente la m\u00fasica; el pr\u00f3ximo 4 de Noviembre.<br>Las entradas se pueden conseguir en la boleter\u00eda del teatro y Norteticket.com<\/p>\n","protected":false},"excerpt":{"rendered":"<p>El m\u00fasico, compositor, cantautor e int\u00e9rprete estar\u00e1 ofreciendo sus m\u00fasicas en esta ciudad, nuevamente en el Teatro 25 de Mayo. <\/p>\n","protected":false},"author":2,"featured_media":45860,"comment_status":"open","ping_status":"open","sticky":false,"template":"","format":"standard","meta":{"om_disable_all_campaigns":false,"_monsterinsights_skip_tracking":false,"_monsterinsights_sitenote_active":false,"_monsterinsights_sitenote_note":"","_monsterinsights_sitenote_category":0,"_uf_show_specific_survey":0,"_uf_disable_surveys":false,"jetpack_post_was_ever_published":false,"_jetpack_newsletter_access":"","_jetpack_dont_email_post_to_subs":false,"_jetpack_newsletter_tier_id":0,"_jetpack_memberships_contains_paywalled_content":false,"_jetpack_memberships_contains_paid_content":false,"footnotes":"","jetpack_publicize_message":"","jetpack_publicize_feature_enabled":true,"jetpack_social_post_already_shared":false,"jetpack_social_options":{"image_generator_settings":{"template":"highway","default_image_id":0,"font":"","enabled":false},"version":2}},"categories":[20],"tags":[],"class_list":["post-45859","post","type-post","status-publish","format-standard","has-post-thumbnail","hentry","category-especysociales"],"aioseo_notices":[],"views":12,"jetpack_publicize_connections":[],"jetpack_featured_media_url":"https:\/\/i0.wp.com\/elterritorialweb.com.ar\/web\/wp-content\/uploads\/2022\/10\/IMG-20221022-WA0021.jpg?fit=860%2C452","jetpack_sharing_enabled":true,"_links":{"self":[{"href":"http:\/\/elterritorialweb.com.ar\/web\/wp-json\/wp\/v2\/posts\/45859","targetHints":{"allow":["GET"]}}],"collection":[{"href":"http:\/\/elterritorialweb.com.ar\/web\/wp-json\/wp\/v2\/posts"}],"about":[{"href":"http:\/\/elterritorialweb.com.ar\/web\/wp-json\/wp\/v2\/types\/post"}],"author":[{"embeddable":true,"href":"http:\/\/elterritorialweb.com.ar\/web\/wp-json\/wp\/v2\/users\/2"}],"replies":[{"embeddable":true,"href":"http:\/\/elterritorialweb.com.ar\/web\/wp-json\/wp\/v2\/comments?post=45859"}],"version-history":[{"count":1,"href":"http:\/\/elterritorialweb.com.ar\/web\/wp-json\/wp\/v2\/posts\/45859\/revisions"}],"predecessor-version":[{"id":45862,"href":"http:\/\/elterritorialweb.com.ar\/web\/wp-json\/wp\/v2\/posts\/45859\/revisions\/45862"}],"wp:featuredmedia":[{"embeddable":true,"href":"http:\/\/elterritorialweb.com.ar\/web\/wp-json\/wp\/v2\/media\/45860"}],"wp:attachment":[{"href":"http:\/\/elterritorialweb.com.ar\/web\/wp-json\/wp\/v2\/media?parent=45859"}],"wp:term":[{"taxonomy":"category","embeddable":true,"href":"http:\/\/elterritorialweb.com.ar\/web\/wp-json\/wp\/v2\/categories?post=45859"},{"taxonomy":"post_tag","embeddable":true,"href":"http:\/\/elterritorialweb.com.ar\/web\/wp-json\/wp\/v2\/tags?post=45859"}],"curies":[{"name":"wp","href":"https:\/\/api.w.org\/{rel}","templated":true}]}}