{"id":45877,"date":"2022-10-24T03:54:25","date_gmt":"2022-10-24T03:54:25","guid":{"rendered":"http:\/\/elterritorialweb.com.ar\/web\/?p=45877"},"modified":"2022-10-24T03:55:39","modified_gmt":"2022-10-24T03:55:39","slug":"el-municipio-acompanara-la-filmacion-de-la-pelicula-estrella-azul-en-la-banda","status":"publish","type":"post","link":"http:\/\/elterritorialweb.com.ar\/web\/el-municipio-acompanara-la-filmacion-de-la-pelicula-estrella-azul-en-la-banda\/","title":{"rendered":"EL MUNICIPIO ACOMPA\u00d1AR\u00c1 LA FILMACI\u00d3N DE LA PEL\u00cdCULA \u00abESTRELLA AZUL\u00bb EN LA BANDA"},"content":{"rendered":"\n<p>El jefe comunal junto a la directora de Turismo, Graciela Rosales; la coordinadora de Alerta Banda, Carolina Montenegro y la subsecretaria de Comunicaci\u00f3n, Fernanda Raschi, se reunieron con la jefa de producci\u00f3n, Dolores Chaig; la jefa de locaciones, L\u00eda Carrizo y la integrante del equipo de arte, Bel\u00e9n Giaileola.<br>\u201cEstrella Azul\u201d es una pel\u00edcula de ficci\u00f3n ambientada en los a\u00f1os 90, escrita y dirigida por Javier Macipe, cuenta la historia de Mauricio Aznar, un joven roquero nacido en Zaragoza que estuvo viviendo temporariamente en Santiago del Estero para embeberse del folclore, particularmente la m\u00fasica de la familia Carabajal, logrando establecer un v\u00ednculo cercano con Carlos Carabajal quien le trasmite sus conocimientos art\u00edsticos y culturales.<\/p>\n\n\n\n<figure class=\"wp-block-image size-full\"><a href=\"https:\/\/i0.wp.com\/elterritorialweb.com.ar\/web\/wp-content\/uploads\/2022\/10\/WhatsApp-Image-2022-10-23-at-13.14.39.jpeg\"><img data-recalc-dims=\"1\" decoding=\"async\" width=\"640\" height=\"561\" data-src=\"https:\/\/i0.wp.com\/elterritorialweb.com.ar\/web\/wp-content\/uploads\/2022\/10\/WhatsApp-Image-2022-10-23-at-13.14.39.jpeg?resize=640%2C561\" alt=\"\" class=\"wp-image-45879 lazyload\" data-srcset=\"https:\/\/i0.wp.com\/elterritorialweb.com.ar\/web\/wp-content\/uploads\/2022\/10\/WhatsApp-Image-2022-10-23-at-13.14.39.jpeg?w=964 964w, https:\/\/i0.wp.com\/elterritorialweb.com.ar\/web\/wp-content\/uploads\/2022\/10\/WhatsApp-Image-2022-10-23-at-13.14.39.jpeg?resize=300%2C263 300w, https:\/\/i0.wp.com\/elterritorialweb.com.ar\/web\/wp-content\/uploads\/2022\/10\/WhatsApp-Image-2022-10-23-at-13.14.39.jpeg?resize=768%2C673 768w\" data-sizes=\"(max-width: 640px) 100vw, 640px\" src=\"data:image\/svg+xml;base64,PHN2ZyB3aWR0aD0iMSIgaGVpZ2h0PSIxIiB4bWxucz0iaHR0cDovL3d3dy53My5vcmcvMjAwMC9zdmciPjwvc3ZnPg==\" style=\"--smush-placeholder-width: 640px; --smush-placeholder-aspect-ratio: 640\/561;\" \/><\/a><\/figure>\n\n\n\n<p>La misma contar\u00e1 con la participaci\u00f3n de Demi, Roxana y Mariela Carabajal, adem\u00e1s de la participaci\u00f3n de \u201cCuti\u201d quien ser\u00e1 el encargado de encarnar el papel de Carlos.<br>Cabe destacar, que el equipo se encuentra en el proceso de b\u00fasqueda de locaciones para lo que est\u00e1n teniendo el acompa\u00f1amiento del personal de las \u00e1reas de Alerta Banda y Turismo.<\/p>\n","protected":false},"excerpt":{"rendered":"<p>El intendente Roger Nediani se reuni\u00f3 con el equipo de producci\u00f3n de la pel\u00edcula \u201cEstrella Azul\u201d que ser\u00e1 filmada en la ciudades Capital y La Banda con la participaci\u00f3n de actores locales.<\/p>\n","protected":false},"author":2,"featured_media":45878,"comment_status":"open","ping_status":"open","sticky":false,"template":"","format":"standard","meta":{"om_disable_all_campaigns":false,"_monsterinsights_skip_tracking":false,"_monsterinsights_sitenote_active":false,"_monsterinsights_sitenote_note":"","_monsterinsights_sitenote_category":0,"_uf_show_specific_survey":0,"_uf_disable_surveys":false,"jetpack_post_was_ever_published":false,"_jetpack_newsletter_access":"","_jetpack_dont_email_post_to_subs":false,"_jetpack_newsletter_tier_id":0,"_jetpack_memberships_contains_paywalled_content":false,"_jetpack_memberships_contains_paid_content":false,"footnotes":"","jetpack_publicize_message":"","jetpack_publicize_feature_enabled":true,"jetpack_social_post_already_shared":false,"jetpack_social_options":{"image_generator_settings":{"template":"highway","default_image_id":0,"font":"","enabled":false},"version":2}},"categories":[21],"tags":[],"class_list":["post-45877","post","type-post","status-publish","format-standard","has-post-thumbnail","hentry","category-locales"],"aioseo_notices":[],"views":8,"jetpack_publicize_connections":[],"jetpack_featured_media_url":"https:\/\/i0.wp.com\/elterritorialweb.com.ar\/web\/wp-content\/uploads\/2022\/10\/WhatsApp-Image-2022-10-23-at-13.14.39-1.jpeg?fit=1280%2C845","jetpack_sharing_enabled":true,"_links":{"self":[{"href":"http:\/\/elterritorialweb.com.ar\/web\/wp-json\/wp\/v2\/posts\/45877","targetHints":{"allow":["GET"]}}],"collection":[{"href":"http:\/\/elterritorialweb.com.ar\/web\/wp-json\/wp\/v2\/posts"}],"about":[{"href":"http:\/\/elterritorialweb.com.ar\/web\/wp-json\/wp\/v2\/types\/post"}],"author":[{"embeddable":true,"href":"http:\/\/elterritorialweb.com.ar\/web\/wp-json\/wp\/v2\/users\/2"}],"replies":[{"embeddable":true,"href":"http:\/\/elterritorialweb.com.ar\/web\/wp-json\/wp\/v2\/comments?post=45877"}],"version-history":[{"count":2,"href":"http:\/\/elterritorialweb.com.ar\/web\/wp-json\/wp\/v2\/posts\/45877\/revisions"}],"predecessor-version":[{"id":45881,"href":"http:\/\/elterritorialweb.com.ar\/web\/wp-json\/wp\/v2\/posts\/45877\/revisions\/45881"}],"wp:featuredmedia":[{"embeddable":true,"href":"http:\/\/elterritorialweb.com.ar\/web\/wp-json\/wp\/v2\/media\/45878"}],"wp:attachment":[{"href":"http:\/\/elterritorialweb.com.ar\/web\/wp-json\/wp\/v2\/media?parent=45877"}],"wp:term":[{"taxonomy":"category","embeddable":true,"href":"http:\/\/elterritorialweb.com.ar\/web\/wp-json\/wp\/v2\/categories?post=45877"},{"taxonomy":"post_tag","embeddable":true,"href":"http:\/\/elterritorialweb.com.ar\/web\/wp-json\/wp\/v2\/tags?post=45877"}],"curies":[{"name":"wp","href":"https:\/\/api.w.org\/{rel}","templated":true}]}}