{"id":45958,"date":"2022-10-27T02:16:08","date_gmt":"2022-10-27T02:16:08","guid":{"rendered":"http:\/\/elterritorialweb.com.ar\/web\/?p=45958"},"modified":"2022-10-27T02:16:09","modified_gmt":"2022-10-27T02:16:09","slug":"zamora-dejo-inaugurada-una-nueva-edicion-de-la-feria-del-libro","status":"publish","type":"post","link":"http:\/\/elterritorialweb.com.ar\/web\/zamora-dejo-inaugurada-una-nueva-edicion-de-la-feria-del-libro\/","title":{"rendered":"ZAMORA DEJ\u00d3 INAUGURADA UNA NUEVA EDICI\u00d3N DE LA FERIA DEL LIBRO"},"content":{"rendered":"\n<p>Adem\u00e1s fueron parte del acto el vicegobernador Carlos Silva Neder; el jefe de Gabinete, El\u00edas Su\u00e1rez; la ministra de Educaci\u00f3n, Mariela Nassif; el subsecretario de Cultura, Juan Leguizam\u00f3n; el presidente de la Fundaci\u00f3n El Libro, Alejandro Vaccaro; la directora de Promoci\u00f3n Cultural del Ministerio de Cultura de la Naci\u00f3n, Agustina Balducci, y directora de Gesti\u00f3n Cultural de la Biblioteca del Congreso de la Naci\u00f3n, Olga Lavigna, entre otras autoridades y personalidades de la cultura local.<\/p>\n\n\n\n<p>Entre las participaciones m\u00e1s destacadas se encuentran la de Claudia Pi\u00f1eiro, Guillermo Mart\u00ednez, Dar\u00edo Sztajnszrajber\u00a0y\u00a0Soledad Barruti, V\u00edctor Hugo Morales, Osvado Quiroga, entre otros que brindar\u00e1n charlas.<br>En su mensaje Zamora agradeci\u00f3 a todas las instituciones que colaboraron para que se realice la 12\u00b0 Feria del Libro.<\/p>\n\n\n\n<figure class=\"wp-block-image size-large\"><a href=\"https:\/\/i0.wp.com\/elterritorialweb.com.ar\/web\/wp-content\/uploads\/2022\/10\/WhatsApp-Image-2022-10-26-at-22.42.51.jpeg\"><img data-recalc-dims=\"1\" decoding=\"async\" width=\"640\" height=\"427\" data-src=\"https:\/\/i0.wp.com\/elterritorialweb.com.ar\/web\/wp-content\/uploads\/2022\/10\/WhatsApp-Image-2022-10-26-at-22.42.51.jpeg?resize=640%2C427\" alt=\"\" class=\"wp-image-45962 lazyload\" data-srcset=\"https:\/\/i0.wp.com\/elterritorialweb.com.ar\/web\/wp-content\/uploads\/2022\/10\/WhatsApp-Image-2022-10-26-at-22.42.51.jpeg?resize=1024%2C683 1024w, https:\/\/i0.wp.com\/elterritorialweb.com.ar\/web\/wp-content\/uploads\/2022\/10\/WhatsApp-Image-2022-10-26-at-22.42.51.jpeg?resize=300%2C200 300w, https:\/\/i0.wp.com\/elterritorialweb.com.ar\/web\/wp-content\/uploads\/2022\/10\/WhatsApp-Image-2022-10-26-at-22.42.51.jpeg?resize=768%2C512 768w, https:\/\/i0.wp.com\/elterritorialweb.com.ar\/web\/wp-content\/uploads\/2022\/10\/WhatsApp-Image-2022-10-26-at-22.42.51.jpeg?w=1280 1280w\" data-sizes=\"(max-width: 640px) 100vw, 640px\" src=\"data:image\/svg+xml;base64,PHN2ZyB3aWR0aD0iMSIgaGVpZ2h0PSIxIiB4bWxucz0iaHR0cDovL3d3dy53My5vcmcvMjAwMC9zdmciPjwvc3ZnPg==\" style=\"--smush-placeholder-width: 640px; --smush-placeholder-aspect-ratio: 640\/427;\" \/><\/a><\/figure>\n\n\n\n<p>\u00abEn estos espacios vamos a tener la presencia de personalidades importantes pero tambi\u00e9n muchos j\u00f3venes, estudiantes, ciudadanos y p\u00fablico en general que va a tener la oportunidad de conocer e indagar a la cultura y de sorprenderse con ese hermoso don que es la escritura de un libro\u00bb, dijo.<br>Agreg\u00f3: \u00abNuestro slogan es &#8216;Leer nos conecta&#8217; y hoy estamos conectados de muchas maneras novedosas, pero el libro sigue estando y concitando inter\u00e9s, y esperemos que este espacio sea exitoso y all\u00ed habremos cumplido el objetivo\u00bb.<\/p>\n\n\n\n<p>En el final ratific\u00f3 el compromiso del gobierno de seguir acompa\u00f1ando a las iniciativas culturales \u00abpara dejar hacer a los que saben y tienen amor por las cosas; a los que saben y aman con pasi\u00f3n algo que en este caso es la posibilidad de un libro al alcance de todo\u00bb.<\/p>\n\n\n\n<figure class=\"wp-block-image size-large\"><a href=\"https:\/\/i0.wp.com\/elterritorialweb.com.ar\/web\/wp-content\/uploads\/2022\/10\/WhatsApp-Image-2022-10-26-at-22.42.50-1.jpeg\"><img data-recalc-dims=\"1\" decoding=\"async\" width=\"640\" height=\"427\" data-src=\"https:\/\/i0.wp.com\/elterritorialweb.com.ar\/web\/wp-content\/uploads\/2022\/10\/WhatsApp-Image-2022-10-26-at-22.42.50-1.jpeg?resize=640%2C427\" alt=\"\" class=\"wp-image-45959 lazyload\" data-srcset=\"https:\/\/i0.wp.com\/elterritorialweb.com.ar\/web\/wp-content\/uploads\/2022\/10\/WhatsApp-Image-2022-10-26-at-22.42.50-1.jpeg?resize=1024%2C683 1024w, https:\/\/i0.wp.com\/elterritorialweb.com.ar\/web\/wp-content\/uploads\/2022\/10\/WhatsApp-Image-2022-10-26-at-22.42.50-1.jpeg?resize=300%2C200 300w, https:\/\/i0.wp.com\/elterritorialweb.com.ar\/web\/wp-content\/uploads\/2022\/10\/WhatsApp-Image-2022-10-26-at-22.42.50-1.jpeg?resize=768%2C512 768w, https:\/\/i0.wp.com\/elterritorialweb.com.ar\/web\/wp-content\/uploads\/2022\/10\/WhatsApp-Image-2022-10-26-at-22.42.50-1.jpeg?w=1280 1280w\" data-sizes=\"(max-width: 640px) 100vw, 640px\" src=\"data:image\/svg+xml;base64,PHN2ZyB3aWR0aD0iMSIgaGVpZ2h0PSIxIiB4bWxucz0iaHR0cDovL3d3dy53My5vcmcvMjAwMC9zdmciPjwvc3ZnPg==\" style=\"--smush-placeholder-width: 640px; --smush-placeholder-aspect-ratio: 640\/427;\" \/><\/a><\/figure>\n\n\n\n<p>A su turno, el jefe de Gabinete destac\u00f3 que este evento es la expresi\u00f3n de una pol\u00edtica cultural que el gobernador inici\u00f3 desde su primera gesti\u00f3n para promover \u00abla identidad y tradiciones de los santiague\u00f1os y que se pudo acompa\u00f1ar desde el Estado a toda la diversidad cultural de la provincia que es parte de nuestro patrimonio\u00bb.<\/p>\n\n\n\n<p>Por su parte, Vaccaro agradeci\u00f3 a Zamora por la sensibilidad que tiene hacia los temas culturales y \u00abporque esto es una apuesta al futuro\u00bb.<br>Finalemente sostuvo: \u00abEsta feria est\u00e1 llena de importantes escritores de prestigio de nuetro pa\u00eds y nos permite bibliodiversidad, acerca a la gente, a las familias y j\u00f3venes y eso nos alegra mucho, porque el camino de la lectura no tiene contraindicaciones\u00bb.<\/p>\n","protected":false},"excerpt":{"rendered":"<p>El gobernador Gerardo Zamora presidi\u00f3 este mi\u00e9rcoles por la noche la ceremonia de apertura oficial de la 12\u00b0 edici\u00f3n de la Feria del Libro, que se realizar\u00e1 hasta el domingo 30 de octubre en el F\u00f3rum bajo el lema: \u00abLeer te conecta\u00bb y que ofrecer\u00e1 conferencias, mesas de debate, talleres, festivales, espect\u00e1culos, presentaciones de libros y exposiciones.<\/p>\n","protected":false},"author":2,"featured_media":45960,"comment_status":"open","ping_status":"open","sticky":false,"template":"","format":"standard","meta":{"om_disable_all_campaigns":false,"_monsterinsights_skip_tracking":false,"_monsterinsights_sitenote_active":false,"_monsterinsights_sitenote_note":"","_monsterinsights_sitenote_category":0,"_uf_show_specific_survey":0,"_uf_disable_surveys":false,"jetpack_post_was_ever_published":false,"_jetpack_newsletter_access":"","_jetpack_dont_email_post_to_subs":false,"_jetpack_newsletter_tier_id":0,"_jetpack_memberships_contains_paywalled_content":false,"_jetpack_memberships_contains_paid_content":false,"footnotes":"","jetpack_publicize_message":"","jetpack_publicize_feature_enabled":true,"jetpack_social_post_already_shared":false,"jetpack_social_options":{"image_generator_settings":{"template":"highway","default_image_id":0,"font":"","enabled":false},"version":2}},"categories":[21],"tags":[],"class_list":["post-45958","post","type-post","status-publish","format-standard","has-post-thumbnail","hentry","category-locales"],"aioseo_notices":[],"views":8,"jetpack_publicize_connections":[],"jetpack_featured_media_url":"https:\/\/i0.wp.com\/elterritorialweb.com.ar\/web\/wp-content\/uploads\/2022\/10\/WhatsApp-Image-2022-10-26-at-22.42.50.jpeg?fit=1280%2C854","jetpack_sharing_enabled":true,"_links":{"self":[{"href":"http:\/\/elterritorialweb.com.ar\/web\/wp-json\/wp\/v2\/posts\/45958","targetHints":{"allow":["GET"]}}],"collection":[{"href":"http:\/\/elterritorialweb.com.ar\/web\/wp-json\/wp\/v2\/posts"}],"about":[{"href":"http:\/\/elterritorialweb.com.ar\/web\/wp-json\/wp\/v2\/types\/post"}],"author":[{"embeddable":true,"href":"http:\/\/elterritorialweb.com.ar\/web\/wp-json\/wp\/v2\/users\/2"}],"replies":[{"embeddable":true,"href":"http:\/\/elterritorialweb.com.ar\/web\/wp-json\/wp\/v2\/comments?post=45958"}],"version-history":[{"count":1,"href":"http:\/\/elterritorialweb.com.ar\/web\/wp-json\/wp\/v2\/posts\/45958\/revisions"}],"predecessor-version":[{"id":45963,"href":"http:\/\/elterritorialweb.com.ar\/web\/wp-json\/wp\/v2\/posts\/45958\/revisions\/45963"}],"wp:featuredmedia":[{"embeddable":true,"href":"http:\/\/elterritorialweb.com.ar\/web\/wp-json\/wp\/v2\/media\/45960"}],"wp:attachment":[{"href":"http:\/\/elterritorialweb.com.ar\/web\/wp-json\/wp\/v2\/media?parent=45958"}],"wp:term":[{"taxonomy":"category","embeddable":true,"href":"http:\/\/elterritorialweb.com.ar\/web\/wp-json\/wp\/v2\/categories?post=45958"},{"taxonomy":"post_tag","embeddable":true,"href":"http:\/\/elterritorialweb.com.ar\/web\/wp-json\/wp\/v2\/tags?post=45958"}],"curies":[{"name":"wp","href":"https:\/\/api.w.org\/{rel}","templated":true}]}}