{"id":45964,"date":"2022-10-27T03:00:30","date_gmt":"2022-10-27T03:00:30","guid":{"rendered":"http:\/\/elterritorialweb.com.ar\/web\/?p=45964"},"modified":"2022-10-27T03:00:30","modified_gmt":"2022-10-27T03:00:30","slug":"talleres-le-gano-a-banfield-y-es-finalista-de-la-copa-argentina","status":"publish","type":"post","link":"http:\/\/elterritorialweb.com.ar\/web\/talleres-le-gano-a-banfield-y-es-finalista-de-la-copa-argentina\/","title":{"rendered":"TALLERES LE GAN\u00d3 A BANFIELD Y ES FINALISTA DE LA COPA ARGENTINA"},"content":{"rendered":"\n<p>Talleres, de C\u00f3rdoba, que se vio superado por Banfield durante la mayor parte del encuentro, finalmente logr\u00f3 clasificarse a la final de la Copa Argentina al mejorar en el tramo final y con el oportunismo del uruguayo Michael Santos, que gener\u00f3 un error defensivo del rival a los 33 minutos del segundo tiempo, termin\u00f3 imponi\u00e9ndose por 1 a 0.<\/p>\n\n\n\n<p>De este modo,<strong>&nbsp;el conjunto cordob\u00e9s llega por segundo a\u00f1o consecutivo a la final de la Copa Argentina, que ofrece una plaza para la fase de grupos de la Copa Libertadores 2023.<\/strong><\/p>\n\n\n\n<p>En cambio, Banfield que hab\u00eda llegado a las semifinales en su mejor desempe\u00f1o hist\u00f3rico en el certamen bajo la conducci\u00f3n de Claudio Vivas y con el goleador del torneo, Jes\u00fas D\u00e1tolo (4), parad\u00f3jicamente ambos despedidos hace pocas semanas, esboz\u00f3 una vez m\u00e1s su falta de resoluci\u00f3n para convertir lo que genera.,<\/p>\n\n\n\n<figure class=\"wp-block-image size-large\"><a href=\"https:\/\/i0.wp.com\/elterritorialweb.com.ar\/web\/wp-content\/uploads\/2022\/10\/TALLERES-FINALISTA.jpg\"><img data-recalc-dims=\"1\" decoding=\"async\" width=\"640\" height=\"428\" data-src=\"https:\/\/i0.wp.com\/elterritorialweb.com.ar\/web\/wp-content\/uploads\/2022\/10\/TALLERES-FINALISTA.jpg?resize=640%2C428\" alt=\"\" class=\"wp-image-45970 lazyload\" data-srcset=\"https:\/\/i0.wp.com\/elterritorialweb.com.ar\/web\/wp-content\/uploads\/2022\/10\/TALLERES-FINALISTA.jpg?resize=1024%2C684 1024w, https:\/\/i0.wp.com\/elterritorialweb.com.ar\/web\/wp-content\/uploads\/2022\/10\/TALLERES-FINALISTA.jpg?resize=300%2C200 300w, https:\/\/i0.wp.com\/elterritorialweb.com.ar\/web\/wp-content\/uploads\/2022\/10\/TALLERES-FINALISTA.jpg?resize=768%2C513 768w, https:\/\/i0.wp.com\/elterritorialweb.com.ar\/web\/wp-content\/uploads\/2022\/10\/TALLERES-FINALISTA.jpg?resize=1536%2C1025 1536w, https:\/\/i0.wp.com\/elterritorialweb.com.ar\/web\/wp-content\/uploads\/2022\/10\/TALLERES-FINALISTA.jpg?resize=2048%2C1367 2048w, https:\/\/i0.wp.com\/elterritorialweb.com.ar\/web\/wp-content\/uploads\/2022\/10\/TALLERES-FINALISTA.jpg?w=1280 1280w, https:\/\/i0.wp.com\/elterritorialweb.com.ar\/web\/wp-content\/uploads\/2022\/10\/TALLERES-FINALISTA.jpg?w=1920 1920w\" data-sizes=\"(max-width: 640px) 100vw, 640px\" src=\"data:image\/svg+xml;base64,PHN2ZyB3aWR0aD0iMSIgaGVpZ2h0PSIxIiB4bWxucz0iaHR0cDovL3d3dy53My5vcmcvMjAwMC9zdmciPjwvc3ZnPg==\" style=\"--smush-placeholder-width: 640px; --smush-placeholder-aspect-ratio: 640\/428;\" \/><\/a><\/figure>\n\n\n\n<p>En los primeros pasajes del juego fue Banfield el que tom\u00f3 la iniciativa con la mayor posesi\u00f3n de la pelota y la continua rotaci\u00f3n de sus volantes y delanteros, bajo la conducci\u00f3n de Nicol\u00e1s Bertolo.<\/p>\n\n\n\n<p>As\u00ed pudo generar algunas aproximaciones peligrosas hacia la valla adversaria, aunque algunas err\u00f3neas decisiones para definir y la firme defensa cordobesa le impidieron sacar alguna ventaja.<\/p>\n\n\n\n<p>A la vez, Talleres, con el repliegue de su \u00faltima l\u00ednea para contener el embate banfile\u00f1o, se dispuso atento para generar algunas r\u00e1pidas r\u00e9plicas en busca de sacar provecho por alg\u00fan espacio que dejaba el rival en su adelantamiento.<\/p>\n\n\n\n<p>En esas llegadas que generaba el &#8216;Taladro&#8217;, cont\u00f3 con una muy clara por la asistencia de Juan Cruz para la espada de Ramiro Enrique, que al superar a Mat\u00edas Catal\u00e1n remat\u00f3 desde una posici\u00f3n inc\u00f3moda ante la salida de Alan Aguerre, por lo que el tiro se le fue desviado, a los 24 minutos.<\/p>\n\n\n\n<figure class=\"wp-block-image size-full\"><a href=\"https:\/\/i0.wp.com\/elterritorialweb.com.ar\/web\/wp-content\/uploads\/2022\/10\/TALLERES-FINALISTA-3.jpg\"><img data-recalc-dims=\"1\" decoding=\"async\" width=\"640\" height=\"428\" data-src=\"https:\/\/i0.wp.com\/elterritorialweb.com.ar\/web\/wp-content\/uploads\/2022\/10\/TALLERES-FINALISTA-3.jpg?resize=640%2C428\" alt=\"\" class=\"wp-image-45967 lazyload\" data-srcset=\"https:\/\/i0.wp.com\/elterritorialweb.com.ar\/web\/wp-content\/uploads\/2022\/10\/TALLERES-FINALISTA-3.jpg?w=1024 1024w, https:\/\/i0.wp.com\/elterritorialweb.com.ar\/web\/wp-content\/uploads\/2022\/10\/TALLERES-FINALISTA-3.jpg?resize=300%2C200 300w, https:\/\/i0.wp.com\/elterritorialweb.com.ar\/web\/wp-content\/uploads\/2022\/10\/TALLERES-FINALISTA-3.jpg?resize=768%2C513 768w\" data-sizes=\"(max-width: 640px) 100vw, 640px\" src=\"data:image\/svg+xml;base64,PHN2ZyB3aWR0aD0iMSIgaGVpZ2h0PSIxIiB4bWxucz0iaHR0cDovL3d3dy53My5vcmcvMjAwMC9zdmciPjwvc3ZnPg==\" style=\"--smush-placeholder-width: 640px; --smush-placeholder-aspect-ratio: 640\/428;\" \/><\/a><\/figure>\n\n\n\n<p>M\u00e1s tarde, sucedi\u00f3 una curiosa y desgraciada situaci\u00f3n debido a que ante una pelota que sali\u00f3 al lateral, despu\u00e9s que la defensa de Banfield cortara un avance adversario, el extremo derecho de Talleres Diego Valoyes, pate\u00f3 muy fuerte la pelota para descargar su bronca.<\/p>\n\n\n\n<p>Eso deriv\u00f3 a que la misma rebotara en uno de los carteles publicitarios y fuera a golpear en el parietal izquierdo del juez de l\u00ednea n\u00famero 2, Gabriel Chade, que estuvo aturdido por un par de minutos y que por esa acci\u00f3n el \u00e1rbitro Germ\u00e1n Delfino termin\u00f3 por amonestar al colombiano.<\/p>\n\n\n\n<p>Posteriormente,&nbsp;<strong>el t\u00e9cnico todav\u00eda interino de Talleres, Javier Gandolfi, que podr\u00eda ir al cuerpo t\u00e9cnico de Mart\u00edn Demichelis si este asume en River<\/strong>, opt\u00f3 por realizar dos cambios en busca de mejorar el accionar del equipo con los ingresos de Gast\u00f3n Benavidez por Julio Buffarini y Gonzalo \u00c1lvez por Francisco Pizzini, a los 39 minutos del primer tiempo que poco le aportaron.<\/p>\n\n\n\n<figure class=\"wp-block-image size-full is-resized\"><a href=\"https:\/\/i0.wp.com\/elterritorialweb.com.ar\/web\/wp-content\/uploads\/2022\/10\/TALLERES-FINALISTA-2.jpg\"><img data-recalc-dims=\"1\" decoding=\"async\" data-src=\"https:\/\/i0.wp.com\/elterritorialweb.com.ar\/web\/wp-content\/uploads\/2022\/10\/TALLERES-FINALISTA-2.jpg?resize=640%2C427\" alt=\"\" class=\"wp-image-45966 lazyload\" width=\"640\" height=\"427\" data-srcset=\"https:\/\/i0.wp.com\/elterritorialweb.com.ar\/web\/wp-content\/uploads\/2022\/10\/TALLERES-FINALISTA-2.jpg?w=680 680w, https:\/\/i0.wp.com\/elterritorialweb.com.ar\/web\/wp-content\/uploads\/2022\/10\/TALLERES-FINALISTA-2.jpg?resize=300%2C200 300w\" data-sizes=\"(max-width: 640px) 100vw, 640px\" src=\"data:image\/svg+xml;base64,PHN2ZyB3aWR0aD0iMSIgaGVpZ2h0PSIxIiB4bWxucz0iaHR0cDovL3d3dy53My5vcmcvMjAwMC9zdmciPjwvc3ZnPg==\" style=\"--smush-placeholder-width: 640px; --smush-placeholder-aspect-ratio: 640\/427;\" \/><\/a><\/figure>\n\n\n\n<p>Por otro lado, en los instantes finales del primer cap\u00edtulo, Banfield debi\u00f3 sustituir al lateral izquierdo venezolano Luis Mago al recibir en forma accidental un fuerte golpe en parietal derecho, con un peque\u00f1o corte, por un codazo de Diego Valoyes, ingresando \u00c1aron Quir\u00f3s<\/p>\n\n\n\n<p>Otro cambio obligado sufri\u00f3 el equipo bonaerense, a poco de iniciado el segundo tiempo por una fuerte dolencia muscular en la pierna izquierda que acus\u00f3 Bertolo, suplantado por Juli\u00e1n Palacios.<\/p>\n\n\n\n<p>A todo esto, el juego continu\u00f3 con el predominio de los dirigidos por Javier Sanguinetti y al igual que en la primera parte, con llegadas peligrosas pero sin la precisi\u00f3n necesaria para resolverlas.<\/p>\n\n\n\n<figure class=\"wp-block-image size-large\"><a href=\"https:\/\/i0.wp.com\/elterritorialweb.com.ar\/web\/wp-content\/uploads\/2022\/10\/TALLERES-FINALISTA-1-scaled.jpg\"><img data-recalc-dims=\"1\" decoding=\"async\" width=\"640\" height=\"427\" data-src=\"https:\/\/i0.wp.com\/elterritorialweb.com.ar\/web\/wp-content\/uploads\/2022\/10\/TALLERES-FINALISTA-1.jpg?resize=640%2C427\" alt=\"\" class=\"wp-image-45965 lazyload\" data-srcset=\"https:\/\/i0.wp.com\/elterritorialweb.com.ar\/web\/wp-content\/uploads\/2022\/10\/TALLERES-FINALISTA-1-scaled.jpg?resize=1024%2C683 1024w, https:\/\/i0.wp.com\/elterritorialweb.com.ar\/web\/wp-content\/uploads\/2022\/10\/TALLERES-FINALISTA-1-scaled.jpg?resize=300%2C200 300w, https:\/\/i0.wp.com\/elterritorialweb.com.ar\/web\/wp-content\/uploads\/2022\/10\/TALLERES-FINALISTA-1-scaled.jpg?resize=768%2C512 768w, https:\/\/i0.wp.com\/elterritorialweb.com.ar\/web\/wp-content\/uploads\/2022\/10\/TALLERES-FINALISTA-1-scaled.jpg?resize=1536%2C1025 1536w, https:\/\/i0.wp.com\/elterritorialweb.com.ar\/web\/wp-content\/uploads\/2022\/10\/TALLERES-FINALISTA-1-scaled.jpg?resize=2048%2C1366 2048w, https:\/\/i0.wp.com\/elterritorialweb.com.ar\/web\/wp-content\/uploads\/2022\/10\/TALLERES-FINALISTA-1-scaled.jpg?w=1280 1280w, https:\/\/i0.wp.com\/elterritorialweb.com.ar\/web\/wp-content\/uploads\/2022\/10\/TALLERES-FINALISTA-1-scaled.jpg?w=1920 1920w\" data-sizes=\"(max-width: 640px) 100vw, 640px\" src=\"data:image\/svg+xml;base64,PHN2ZyB3aWR0aD0iMSIgaGVpZ2h0PSIxIiB4bWxucz0iaHR0cDovL3d3dy53My5vcmcvMjAwMC9zdmciPjwvc3ZnPg==\" style=\"--smush-placeholder-width: 640px; --smush-placeholder-aspect-ratio: 640\/427;\" \/><\/a><\/figure>\n\n\n\n<p>El opaco trabajo del conjunto cordob\u00e9s reci\u00e9n comenz\u00f3 a iluminarse al promediar el \u00faltimo cap\u00edtulo, as\u00ed fue que Valoyes pudo generar la primera ocasi\u00f3n en el partido de un remate peligroso para el arco de Facundo Cambeses, que lo supo contener, a los 20 minutos.<\/p>\n\n\n\n<p>Los de la &#8216;T&#8217; crecieron en su labor a la medida que su rival acus\u00f3 el cansancio de algunos de sus valores, que le hicieron disminuir su rendimiento.<\/p>\n\n\n\n<p>A eso<strong>&nbsp;Talleres le sum\u00f3 la presi\u00f3n alta para inquietar el fondo &#8216;albiverde&#8217; y de ese modo el uruguayo Santos lo apur\u00f3 a Alejandro Maciel, que pifi\u00f3 la pelota al querer despejar, con lo que facilit\u00f3 la entrada franca del delantero, que venci\u00f3 a Cambeses con un tiro bajo y cruzado, a los 33 minutos.<\/strong><\/p>\n\n\n\n<p>Quien comenz\u00f3 a marcar el rumbo de la victoria &#8216;tallar\u00edn&#8217;, Santos debi\u00f3 dejar el campo por una fatiga muscular en su pierna izquierda, los 40 minutos, como producto de todo el esfuerzo que realiz\u00f3 en el complemento, sustituido por Diego Ortegoza.<\/p>\n\n\n\n<figure class=\"wp-block-image size-full\"><a href=\"https:\/\/i0.wp.com\/elterritorialweb.com.ar\/web\/wp-content\/uploads\/2022\/10\/TALLERES-FINALISTA-4.jpg\"><img data-recalc-dims=\"1\" decoding=\"async\" width=\"640\" height=\"427\" data-src=\"https:\/\/i0.wp.com\/elterritorialweb.com.ar\/web\/wp-content\/uploads\/2022\/10\/TALLERES-FINALISTA-4.jpg?resize=640%2C427\" alt=\"\" class=\"wp-image-45968 lazyload\" data-srcset=\"https:\/\/i0.wp.com\/elterritorialweb.com.ar\/web\/wp-content\/uploads\/2022\/10\/TALLERES-FINALISTA-4.jpg?w=1024 1024w, https:\/\/i0.wp.com\/elterritorialweb.com.ar\/web\/wp-content\/uploads\/2022\/10\/TALLERES-FINALISTA-4.jpg?resize=300%2C200 300w, https:\/\/i0.wp.com\/elterritorialweb.com.ar\/web\/wp-content\/uploads\/2022\/10\/TALLERES-FINALISTA-4.jpg?resize=768%2C512 768w\" data-sizes=\"(max-width: 640px) 100vw, 640px\" src=\"data:image\/svg+xml;base64,PHN2ZyB3aWR0aD0iMSIgaGVpZ2h0PSIxIiB4bWxucz0iaHR0cDovL3d3dy53My5vcmcvMjAwMC9zdmciPjwvc3ZnPg==\" style=\"--smush-placeholder-width: 640px; --smush-placeholder-aspect-ratio: 640\/427;\" \/><\/a><\/figure>\n\n\n\n<p>Con la ventaja alcanzada, el vencedor se mostr\u00f3 mejor como para justificar el \u00e9xito, aunque debi\u00f3 sufrir hasta el final, porque en esos instantes el ingresado Andr\u00e9s Ch\u00e1vez estuvo cerca de igualar al sacar un tiro cruzado, que fue cubierto por Alan Aguerre al desviarlo con su brazo izquierdo.<\/p>\n\n\n\n<p><strong>La locura se desat\u00f3 en los festejos de los m\u00e1s de 16 mil hinchas de Talleres,<\/strong>&nbsp;que alentaron a su equipo en forma permanente y que a\u00fan antes de terminar ya hab\u00edan lanzado algunas bengalas desde las tribunas.<\/p>\n","protected":false},"excerpt":{"rendered":"<p>Con un tanto de Micheal Santos, a 12 minutos del final, la \u00abT\u00bb venci\u00f3 1-0 al \u00abTaladro\u00bb en Rosario y se meti\u00f3 en el partido decisivo, que jugar\u00e1 el domingo ante el ganador de Boca y Patronato y que le puede otorgar un boleto a la Copa Libertadores.<\/p>\n","protected":false},"author":2,"featured_media":45969,"comment_status":"open","ping_status":"open","sticky":false,"template":"","format":"standard","meta":{"om_disable_all_campaigns":false,"_monsterinsights_skip_tracking":false,"_monsterinsights_sitenote_active":false,"_monsterinsights_sitenote_note":"","_monsterinsights_sitenote_category":0,"_uf_show_specific_survey":0,"_uf_disable_surveys":false,"jetpack_post_was_ever_published":false,"_jetpack_newsletter_access":"","_jetpack_dont_email_post_to_subs":false,"_jetpack_newsletter_tier_id":0,"_jetpack_memberships_contains_paywalled_content":false,"_jetpack_memberships_contains_paid_content":false,"footnotes":"","jetpack_publicize_message":"","jetpack_publicize_feature_enabled":true,"jetpack_social_post_already_shared":false,"jetpack_social_options":{"image_generator_settings":{"template":"highway","default_image_id":0,"font":"","enabled":false},"version":2}},"categories":[6],"tags":[],"class_list":["post-45964","post","type-post","status-publish","format-standard","has-post-thumbnail","hentry","category-deportes"],"aioseo_notices":[],"views":7,"jetpack_publicize_connections":[],"jetpack_featured_media_url":"https:\/\/i0.wp.com\/elterritorialweb.com.ar\/web\/wp-content\/uploads\/2022\/10\/TALLERES-FINALISTA-TAPA.jpg?fit=680%2C453","jetpack_sharing_enabled":true,"_links":{"self":[{"href":"http:\/\/elterritorialweb.com.ar\/web\/wp-json\/wp\/v2\/posts\/45964","targetHints":{"allow":["GET"]}}],"collection":[{"href":"http:\/\/elterritorialweb.com.ar\/web\/wp-json\/wp\/v2\/posts"}],"about":[{"href":"http:\/\/elterritorialweb.com.ar\/web\/wp-json\/wp\/v2\/types\/post"}],"author":[{"embeddable":true,"href":"http:\/\/elterritorialweb.com.ar\/web\/wp-json\/wp\/v2\/users\/2"}],"replies":[{"embeddable":true,"href":"http:\/\/elterritorialweb.com.ar\/web\/wp-json\/wp\/v2\/comments?post=45964"}],"version-history":[{"count":1,"href":"http:\/\/elterritorialweb.com.ar\/web\/wp-json\/wp\/v2\/posts\/45964\/revisions"}],"predecessor-version":[{"id":45971,"href":"http:\/\/elterritorialweb.com.ar\/web\/wp-json\/wp\/v2\/posts\/45964\/revisions\/45971"}],"wp:featuredmedia":[{"embeddable":true,"href":"http:\/\/elterritorialweb.com.ar\/web\/wp-json\/wp\/v2\/media\/45969"}],"wp:attachment":[{"href":"http:\/\/elterritorialweb.com.ar\/web\/wp-json\/wp\/v2\/media?parent=45964"}],"wp:term":[{"taxonomy":"category","embeddable":true,"href":"http:\/\/elterritorialweb.com.ar\/web\/wp-json\/wp\/v2\/categories?post=45964"},{"taxonomy":"post_tag","embeddable":true,"href":"http:\/\/elterritorialweb.com.ar\/web\/wp-json\/wp\/v2\/tags?post=45964"}],"curies":[{"name":"wp","href":"https:\/\/api.w.org\/{rel}","templated":true}]}}