{"id":45978,"date":"2022-10-28T01:37:39","date_gmt":"2022-10-28T01:37:39","guid":{"rendered":"http:\/\/elterritorialweb.com.ar\/web\/?p=45978"},"modified":"2022-10-28T01:37:40","modified_gmt":"2022-10-28T01:37:40","slug":"cientos-de-chicos-disfrutan-del-1-espacio-infanto-juvenil-en-el-centro-cultural-del-bicentenario","status":"publish","type":"post","link":"http:\/\/elterritorialweb.com.ar\/web\/cientos-de-chicos-disfrutan-del-1-espacio-infanto-juvenil-en-el-centro-cultural-del-bicentenario\/","title":{"rendered":"CIENTOS DE CHICOS DISFRUTAN DEL 1\u00b0 ESPACIO INFANTO-JUVENIL EN EL CENTRO CULTURAL DEL BICENTENARIO"},"content":{"rendered":"\n<p>Durante la ma\u00f1ana hizo un recorrido por la imponente muestra el vicegobernador Carlos Silva Neder, junto con el jefe de Gabinete, El\u00edas Su\u00e1rez; la ministra de Educaci\u00f3n, Ciencia y Tecnolog\u00eda, Mariela Nassif; la intendente de la Capital, Norma Fuentes, y el subsecretario de Cultura, Juan Anselmo Leguizam\u00f3n.<\/p>\n\n\n\n<p>Los funcionarios pudieron compartir un momento ameno con ni\u00f1os y j\u00f3venes, muchos pertenecientes a instituciones educativas que programaron especialmente esta jornada como parte de su proceso de aprendizaje. Tambi\u00e9n visitaron los stands y dialogaron con cada uno de los expositores.<\/p>\n\n\n\n<p>\u201cCompartir con los ni\u00f1os y verlos disfrutar de las actividades que se est\u00e1n llevando a cabo nos dejan una ense\u00f1anza a todos los grandes, hoy no solamente aprenden los ni\u00f1os\u201d, expres\u00f3 el jefe de Gabinete durante el recorrido.<\/p>\n\n\n\n<p>Seguidamente el vicegobernador resalt\u00f3 el potencial de los santiague\u00f1os que trabajan en el quehacer cultural. \u201cEs admirable la capacidad de nuestros creadores intelectuales con sus obras dirigidas a un p\u00fablico variado en un multiespacio como el F\u00f3rum, el CCB y Teatro 25 de Mayo con una oferta para toda la comunidad santiague\u00f1a\u201d, dijo.<\/p>\n\n\n\n<figure class=\"wp-block-image size-large\"><a href=\"https:\/\/i0.wp.com\/elterritorialweb.com.ar\/web\/wp-content\/uploads\/2022\/10\/ccb1.jpeg\"><img data-recalc-dims=\"1\" decoding=\"async\" width=\"640\" height=\"441\" data-src=\"https:\/\/i0.wp.com\/elterritorialweb.com.ar\/web\/wp-content\/uploads\/2022\/10\/ccb1.jpeg?resize=640%2C441\" alt=\"\" class=\"wp-image-45980 lazyload\" data-srcset=\"https:\/\/i0.wp.com\/elterritorialweb.com.ar\/web\/wp-content\/uploads\/2022\/10\/ccb1.jpeg?resize=1024%2C705 1024w, https:\/\/i0.wp.com\/elterritorialweb.com.ar\/web\/wp-content\/uploads\/2022\/10\/ccb1.jpeg?resize=300%2C206 300w, https:\/\/i0.wp.com\/elterritorialweb.com.ar\/web\/wp-content\/uploads\/2022\/10\/ccb1.jpeg?resize=768%2C529 768w, https:\/\/i0.wp.com\/elterritorialweb.com.ar\/web\/wp-content\/uploads\/2022\/10\/ccb1.jpeg?w=1280 1280w\" data-sizes=\"(max-width: 640px) 100vw, 640px\" src=\"data:image\/svg+xml;base64,PHN2ZyB3aWR0aD0iMSIgaGVpZ2h0PSIxIiB4bWxucz0iaHR0cDovL3d3dy53My5vcmcvMjAwMC9zdmciPjwvc3ZnPg==\" style=\"--smush-placeholder-width: 640px; --smush-placeholder-aspect-ratio: 640\/441;\" \/><\/a><\/figure>\n\n\n\n<p>La ministra de Educaci\u00f3n, Mariela Nassif, por su parte, remarc\u00f3 que \u201ceste a\u00f1o se han superado las expectativas\u201d y expres\u00f3 su \u201cgran satisfacci\u00f3n por este espacio que se ha generado para los ni\u00f1os que les permite tomar contacto con la cultura, los libros, el cuidado del medio ambiente, educaci\u00f3n vial y otros temas de inter\u00e9s\u201d.<\/p>\n\n\n\n<p>A su turno la intendente capitalina manifest\u00f3: \u201cEs una alegr\u00eda para nosotros que en este centro cultural que tiene una infraestructura tan linda, poder ver a ni\u00f1os disfrutando de los juegos e interactuando con todas las propuestas que se han dise\u00f1ado en cada uno de los stand; quiero felicitar a toda la organizaci\u00f3n por haber consolidado una pol\u00edtica de estado como la educaci\u00f3n y la lectura\u201d.<\/p>\n\n\n\n<p><\/p>\n","protected":false},"excerpt":{"rendered":"<p>Con gran cantidad de chicos, adolescentes y j\u00f3venes que llegaron de distintos puntos de la provincia abri\u00f3 sus puertas este jueves el 1\u00b0 Espacio Infantil-Juvenil y C\u00f3mics, que se realiza en el Centro Cultural del Bicentenario de la ciudad Capital como una de las propuestas que se desarrollan en el marco de la 12\u00aa Feria Provincial del Libro de Santiago del Estero.<\/p>\n","protected":false},"author":2,"featured_media":45979,"comment_status":"open","ping_status":"open","sticky":false,"template":"","format":"standard","meta":{"om_disable_all_campaigns":false,"_monsterinsights_skip_tracking":false,"_monsterinsights_sitenote_active":false,"_monsterinsights_sitenote_note":"","_monsterinsights_sitenote_category":0,"_uf_show_specific_survey":0,"_uf_disable_surveys":false,"jetpack_post_was_ever_published":false,"_jetpack_newsletter_access":"","_jetpack_dont_email_post_to_subs":false,"_jetpack_newsletter_tier_id":0,"_jetpack_memberships_contains_paywalled_content":false,"_jetpack_memberships_contains_paid_content":false,"footnotes":"","jetpack_publicize_message":"","jetpack_publicize_feature_enabled":true,"jetpack_social_post_already_shared":false,"jetpack_social_options":{"image_generator_settings":{"template":"highway","default_image_id":0,"font":"","enabled":false},"version":2}},"categories":[21],"tags":[],"class_list":["post-45978","post","type-post","status-publish","format-standard","has-post-thumbnail","hentry","category-locales"],"aioseo_notices":[],"views":9,"jetpack_publicize_connections":[],"jetpack_featured_media_url":"https:\/\/i0.wp.com\/elterritorialweb.com.ar\/web\/wp-content\/uploads\/2022\/10\/ccb.jpeg?fit=1280%2C853","jetpack_sharing_enabled":true,"_links":{"self":[{"href":"http:\/\/elterritorialweb.com.ar\/web\/wp-json\/wp\/v2\/posts\/45978","targetHints":{"allow":["GET"]}}],"collection":[{"href":"http:\/\/elterritorialweb.com.ar\/web\/wp-json\/wp\/v2\/posts"}],"about":[{"href":"http:\/\/elterritorialweb.com.ar\/web\/wp-json\/wp\/v2\/types\/post"}],"author":[{"embeddable":true,"href":"http:\/\/elterritorialweb.com.ar\/web\/wp-json\/wp\/v2\/users\/2"}],"replies":[{"embeddable":true,"href":"http:\/\/elterritorialweb.com.ar\/web\/wp-json\/wp\/v2\/comments?post=45978"}],"version-history":[{"count":1,"href":"http:\/\/elterritorialweb.com.ar\/web\/wp-json\/wp\/v2\/posts\/45978\/revisions"}],"predecessor-version":[{"id":45981,"href":"http:\/\/elterritorialweb.com.ar\/web\/wp-json\/wp\/v2\/posts\/45978\/revisions\/45981"}],"wp:featuredmedia":[{"embeddable":true,"href":"http:\/\/elterritorialweb.com.ar\/web\/wp-json\/wp\/v2\/media\/45979"}],"wp:attachment":[{"href":"http:\/\/elterritorialweb.com.ar\/web\/wp-json\/wp\/v2\/media?parent=45978"}],"wp:term":[{"taxonomy":"category","embeddable":true,"href":"http:\/\/elterritorialweb.com.ar\/web\/wp-json\/wp\/v2\/categories?post=45978"},{"taxonomy":"post_tag","embeddable":true,"href":"http:\/\/elterritorialweb.com.ar\/web\/wp-json\/wp\/v2\/tags?post=45978"}],"curies":[{"name":"wp","href":"https:\/\/api.w.org\/{rel}","templated":true}]}}