{"id":45982,"date":"2022-10-28T02:02:28","date_gmt":"2022-10-28T02:02:28","guid":{"rendered":"http:\/\/elterritorialweb.com.ar\/web\/?p=45982"},"modified":"2022-10-28T02:02:29","modified_gmt":"2022-10-28T02:02:29","slug":"invitan-al-1-congreso-medicinal-y-productivo-de-cannabis-del-norte-grande-en-el-nodo-tecnologico","status":"publish","type":"post","link":"http:\/\/elterritorialweb.com.ar\/web\/invitan-al-1-congreso-medicinal-y-productivo-de-cannabis-del-norte-grande-en-el-nodo-tecnologico\/","title":{"rendered":"INVITAN AL 1\u00b0 CONGRESO MEDICINAL Y PRODUCTIVO DE CANNABIS DEL NORTE GRANDE EN EL NODO TECNOL\u00d3GICO"},"content":{"rendered":"\n<p>El anuncio de esta actividad fue realizado por el secretario de Ciencia y Tecnolog\u00eda de la provincia, Adri\u00e1n Su\u00e1rez, acompa\u00f1ado por el representante de la ONG Vida Mejor, Ernesto Molina, junto a la presidente de la Cooperativa Cannabica Sabores Purpura, Ail\u00edn Yocca; el presidente de la Subcomisi\u00f3n de I+D ONG Acci\u00f3n Solidaria por los Derechos Humanos, Ricardo Torres, y el t\u00e9cnico de Producci\u00f3n Cannawaka, Elio Avenda\u00f1o.<br>Impulsada por la ley 27.350\/27.669 que tuvo lugar este a\u00f1o, la jornada contar\u00e1 con una grilla de actividades que tendr\u00e1 la presencia de distintos expositores profesionales de todo el pa\u00eds y tambi\u00e9n a reconocidas asociaciones; entre ellos el coordinador del Registro del Programa de Cannabis Medicinal (Reprocann \u2013 BS AS.), Dr. Marcelo Morante; el CEO Incativo (Prod. y Exportadora de Cannabis Medicinal \u2013 Argentina\/Uruguay) Francisco Barber Soler; al presidente de Mad Line (L\u00ednea Nacional de Insumos para la Investigaci\u00f3n \u2013 Argentina) Ignacio Goyret, y un panel local conformado por diferentes profesionales y emprendedores del tema.<br>En este contexto, Su\u00e1rez resalt\u00f3 la importancia del congreso, los puntos y tem\u00e1ticas que se van a abordar y destac\u00f3 el acompa\u00f1amiento constante desde la secretar\u00eda por eventos que est\u00e1n ligados a esta tem\u00e1tica.<br>A su vez, Molina hizo referencia a la grilla de actividades y tambi\u00e9n manifest\u00f3 c\u00f3mo ser\u00e1 el lineamiento que se efectuar\u00e1 en la jornada en \u201cmateria de cooperativismo que se ejercen en las pr\u00e1cticas de cultivo, las vinculaciones profesionales que juegan un rol m\u00e1s que importante para todo aquel que quiera incursar acorde a lo dictaminado a las leyes propuestas, abordaje e insumos y los pasos a seguir para el crecimiento de esta tem\u00e1tica que d\u00eda a d\u00eda mejora a pacientes en los que se rige un seguimiento positivo\u201d.<\/p>\n","protected":false},"excerpt":{"rendered":"<p>Este s\u00e1bado 29 de octubre, de 10 a 19, se realizar\u00e1 en el Nodo Tecnol\u00f3gico de Santiago del Estero el 1\u00b0 Congreso Medicinal y Productivo de Cannabis del Norte Grande, como parte de un trabajo de capacitaci\u00f3n y concientizaci\u00f3n sobre la ley en Argentina referida al uso de esta especie para beneficios en la salud, donde se exhibir\u00e1n emp\u00edricamente los avances en pacientes tratados en esta provincia.<\/p>\n","protected":false},"author":2,"featured_media":45983,"comment_status":"open","ping_status":"open","sticky":false,"template":"","format":"standard","meta":{"om_disable_all_campaigns":false,"_monsterinsights_skip_tracking":false,"_monsterinsights_sitenote_active":false,"_monsterinsights_sitenote_note":"","_monsterinsights_sitenote_category":0,"_uf_show_specific_survey":0,"_uf_disable_surveys":false,"jetpack_post_was_ever_published":false,"_jetpack_newsletter_access":"","_jetpack_dont_email_post_to_subs":false,"_jetpack_newsletter_tier_id":0,"_jetpack_memberships_contains_paywalled_content":false,"_jetpack_memberships_contains_paid_content":false,"footnotes":"","jetpack_publicize_message":"","jetpack_publicize_feature_enabled":true,"jetpack_social_post_already_shared":false,"jetpack_social_options":{"image_generator_settings":{"template":"highway","default_image_id":0,"font":"","enabled":false},"version":2}},"categories":[21],"tags":[],"class_list":["post-45982","post","type-post","status-publish","format-standard","has-post-thumbnail","hentry","category-locales"],"aioseo_notices":[],"views":7,"jetpack_publicize_connections":[],"jetpack_featured_media_url":"https:\/\/i0.wp.com\/elterritorialweb.com.ar\/web\/wp-content\/uploads\/2022\/10\/WhatsApp-Image-2022-10-27-at-14.46.46.jpeg?fit=1600%2C900","jetpack_sharing_enabled":true,"_links":{"self":[{"href":"http:\/\/elterritorialweb.com.ar\/web\/wp-json\/wp\/v2\/posts\/45982","targetHints":{"allow":["GET"]}}],"collection":[{"href":"http:\/\/elterritorialweb.com.ar\/web\/wp-json\/wp\/v2\/posts"}],"about":[{"href":"http:\/\/elterritorialweb.com.ar\/web\/wp-json\/wp\/v2\/types\/post"}],"author":[{"embeddable":true,"href":"http:\/\/elterritorialweb.com.ar\/web\/wp-json\/wp\/v2\/users\/2"}],"replies":[{"embeddable":true,"href":"http:\/\/elterritorialweb.com.ar\/web\/wp-json\/wp\/v2\/comments?post=45982"}],"version-history":[{"count":1,"href":"http:\/\/elterritorialweb.com.ar\/web\/wp-json\/wp\/v2\/posts\/45982\/revisions"}],"predecessor-version":[{"id":45984,"href":"http:\/\/elterritorialweb.com.ar\/web\/wp-json\/wp\/v2\/posts\/45982\/revisions\/45984"}],"wp:featuredmedia":[{"embeddable":true,"href":"http:\/\/elterritorialweb.com.ar\/web\/wp-json\/wp\/v2\/media\/45983"}],"wp:attachment":[{"href":"http:\/\/elterritorialweb.com.ar\/web\/wp-json\/wp\/v2\/media?parent=45982"}],"wp:term":[{"taxonomy":"category","embeddable":true,"href":"http:\/\/elterritorialweb.com.ar\/web\/wp-json\/wp\/v2\/categories?post=45982"},{"taxonomy":"post_tag","embeddable":true,"href":"http:\/\/elterritorialweb.com.ar\/web\/wp-json\/wp\/v2\/tags?post=45982"}],"curies":[{"name":"wp","href":"https:\/\/api.w.org\/{rel}","templated":true}]}}