{"id":45985,"date":"2022-10-28T02:36:26","date_gmt":"2022-10-28T02:36:26","guid":{"rendered":"http:\/\/elterritorialweb.com.ar\/web\/?p=45985"},"modified":"2022-10-28T02:36:27","modified_gmt":"2022-10-28T02:36:27","slug":"presentaron-el-libro-monsenor-gerardo-sueldo-en-la-feria-del-libro","status":"publish","type":"post","link":"http:\/\/elterritorialweb.com.ar\/web\/presentaron-el-libro-monsenor-gerardo-sueldo-en-la-feria-del-libro\/","title":{"rendered":"PRESENTARON EL LIBRO \u201cMONSE\u00d1OR GERARDO SUELDO\u201d EN LA FERIA DEL LIBRO"},"content":{"rendered":"\n<p>Las palabras de bienvenida las dio Trejo, quien manifest\u00f3 que esta jornada especial es en conmemoraci\u00f3n a una persona que luch\u00f3 por la dignidad de los santiague\u00f1os y fue qui\u00e9n manten\u00eda una \u201ccercan\u00eda de la gente\u201d; donde tambi\u00e9n agradeci\u00f3 y felicit\u00f3 el acompa\u00f1amiento y la organizaci\u00f3n de la Subsecretar\u00eda de Cultura de la provincia.<\/p>\n\n\n\n<figure class=\"wp-block-image size-large\"><a href=\"https:\/\/i0.wp.com\/elterritorialweb.com.ar\/web\/wp-content\/uploads\/2022\/10\/WhatsApp-Image-2022-10-27-at-15.00.20-1.jpeg\"><img data-recalc-dims=\"1\" decoding=\"async\" width=\"640\" height=\"427\" data-src=\"https:\/\/i0.wp.com\/elterritorialweb.com.ar\/web\/wp-content\/uploads\/2022\/10\/WhatsApp-Image-2022-10-27-at-15.00.20-1.jpeg?resize=640%2C427\" alt=\"\" class=\"wp-image-45986 lazyload\" data-srcset=\"https:\/\/i0.wp.com\/elterritorialweb.com.ar\/web\/wp-content\/uploads\/2022\/10\/WhatsApp-Image-2022-10-27-at-15.00.20-1.jpeg?resize=1024%2C683 1024w, https:\/\/i0.wp.com\/elterritorialweb.com.ar\/web\/wp-content\/uploads\/2022\/10\/WhatsApp-Image-2022-10-27-at-15.00.20-1.jpeg?resize=300%2C200 300w, https:\/\/i0.wp.com\/elterritorialweb.com.ar\/web\/wp-content\/uploads\/2022\/10\/WhatsApp-Image-2022-10-27-at-15.00.20-1.jpeg?resize=768%2C512 768w, https:\/\/i0.wp.com\/elterritorialweb.com.ar\/web\/wp-content\/uploads\/2022\/10\/WhatsApp-Image-2022-10-27-at-15.00.20-1.jpeg?w=1280 1280w\" data-sizes=\"(max-width: 640px) 100vw, 640px\" src=\"data:image\/svg+xml;base64,PHN2ZyB3aWR0aD0iMSIgaGVpZ2h0PSIxIiB4bWxucz0iaHR0cDovL3d3dy53My5vcmcvMjAwMC9zdmciPjwvc3ZnPg==\" style=\"--smush-placeholder-width: 640px; --smush-placeholder-aspect-ratio: 640\/427;\" \/><\/a><\/figure>\n\n\n\n<p>A su turno, Storniolo resalt\u00f3 la larga carrera, trayectoria y relevancia que tuvo monse\u00f1or Sueldo en la provincia, y remarc\u00f3 que el trabajo que realiz\u00f3 con aquellas \u201ciglesias pobres y solidarias al servicios de la gente\u201d, se centraban en la \u201cb\u00fasqueda de nuevos caminos para ayudar al m\u00e1s necesitados\u201d adem\u00e1s, hizo referencia con citas de la amistad que mantuvo con el Papa Francisco, quienes \u201cnacieron el mismo a\u00f1o\u201d y mantuvieron la misma misi\u00f3n de \u201cpaz y perseverancia\u201d.<\/p>\n","protected":false},"excerpt":{"rendered":"<p>En el marco de la 12\u00b0 edici\u00f3n de la Feria del Libro de Santiago del Estero, este mediod\u00eda se realiz\u00f3 la presentaci\u00f3n del libro \u201cMonse\u00f1or Gerardo Sueldo, profeta, m\u00e1rtir, derechos humanos\u201d, del Dr. Juan Carlos Storniolo, que fue presentado por el Pbro. Marcelo Trejo.<\/p>\n","protected":false},"author":2,"featured_media":45987,"comment_status":"open","ping_status":"open","sticky":false,"template":"","format":"standard","meta":{"om_disable_all_campaigns":false,"_monsterinsights_skip_tracking":false,"_monsterinsights_sitenote_active":false,"_monsterinsights_sitenote_note":"","_monsterinsights_sitenote_category":0,"_uf_show_specific_survey":0,"_uf_disable_surveys":false,"jetpack_post_was_ever_published":false,"_jetpack_newsletter_access":"","_jetpack_dont_email_post_to_subs":false,"_jetpack_newsletter_tier_id":0,"_jetpack_memberships_contains_paywalled_content":false,"_jetpack_memberships_contains_paid_content":false,"footnotes":"","jetpack_publicize_message":"","jetpack_publicize_feature_enabled":true,"jetpack_social_post_already_shared":false,"jetpack_social_options":{"image_generator_settings":{"template":"highway","default_image_id":0,"font":"","enabled":false},"version":2}},"categories":[21],"tags":[],"class_list":["post-45985","post","type-post","status-publish","format-standard","has-post-thumbnail","hentry","category-locales"],"aioseo_notices":[],"views":10,"jetpack_publicize_connections":[],"jetpack_featured_media_url":"https:\/\/i0.wp.com\/elterritorialweb.com.ar\/web\/wp-content\/uploads\/2022\/10\/WhatsApp-Image-2022-10-27-at-15.00.20.jpeg?fit=1280%2C854","jetpack_sharing_enabled":true,"_links":{"self":[{"href":"http:\/\/elterritorialweb.com.ar\/web\/wp-json\/wp\/v2\/posts\/45985","targetHints":{"allow":["GET"]}}],"collection":[{"href":"http:\/\/elterritorialweb.com.ar\/web\/wp-json\/wp\/v2\/posts"}],"about":[{"href":"http:\/\/elterritorialweb.com.ar\/web\/wp-json\/wp\/v2\/types\/post"}],"author":[{"embeddable":true,"href":"http:\/\/elterritorialweb.com.ar\/web\/wp-json\/wp\/v2\/users\/2"}],"replies":[{"embeddable":true,"href":"http:\/\/elterritorialweb.com.ar\/web\/wp-json\/wp\/v2\/comments?post=45985"}],"version-history":[{"count":1,"href":"http:\/\/elterritorialweb.com.ar\/web\/wp-json\/wp\/v2\/posts\/45985\/revisions"}],"predecessor-version":[{"id":45988,"href":"http:\/\/elterritorialweb.com.ar\/web\/wp-json\/wp\/v2\/posts\/45985\/revisions\/45988"}],"wp:featuredmedia":[{"embeddable":true,"href":"http:\/\/elterritorialweb.com.ar\/web\/wp-json\/wp\/v2\/media\/45987"}],"wp:attachment":[{"href":"http:\/\/elterritorialweb.com.ar\/web\/wp-json\/wp\/v2\/media?parent=45985"}],"wp:term":[{"taxonomy":"category","embeddable":true,"href":"http:\/\/elterritorialweb.com.ar\/web\/wp-json\/wp\/v2\/categories?post=45985"},{"taxonomy":"post_tag","embeddable":true,"href":"http:\/\/elterritorialweb.com.ar\/web\/wp-json\/wp\/v2\/tags?post=45985"}],"curies":[{"name":"wp","href":"https:\/\/api.w.org\/{rel}","templated":true}]}}