{"id":45989,"date":"2022-10-28T04:16:46","date_gmt":"2022-10-28T04:16:46","guid":{"rendered":"http:\/\/elterritorialweb.com.ar\/web\/?p=45989"},"modified":"2022-10-28T04:16:47","modified_gmt":"2022-10-28T04:16:47","slug":"entregan-viviendas-sociales-e-inauguran-importantes-obras-en-quimili","status":"publish","type":"post","link":"http:\/\/elterritorialweb.com.ar\/web\/entregan-viviendas-sociales-e-inauguran-importantes-obras-en-quimili\/","title":{"rendered":"ENTREGAN VIVIENDAS SOCIALES E INAUGURAN IMPORTANTES OBRAS EN QUIMIL\u00cd"},"content":{"rendered":"\n<p>El ministro de Desarrollo Social, \u00c1ngel Niccolai, en representaci\u00f3n del gobernador Gerardo Zamora, encabez\u00f3 la ceremonia acompa\u00f1ado por el intendente Omar Fantoni. Juntos oficializaron la entrega de las viviendas en el domicilio de Beatriz Beck, en el barrio Calasanz.<br>Luego, en el museo inaugurado que lleva el nombre del primer intendente de la ciudad, se realiz\u00f3 la ceremonia de entrega formal de llaves a las diez familias beneficiadas, residentes en los barrios Alomo, San Mart\u00edn, Belgrano, El Tri\u00e1ngulo, San Francisco, San Antonio y Calasanz. Tambi\u00e9n en esta ocasi\u00f3n se entregaron t\u00edtulos de terrenos.<\/p>\n\n\n\n<figure class=\"wp-block-image size-large\"><a href=\"https:\/\/i0.wp.com\/elterritorialweb.com.ar\/web\/wp-content\/uploads\/2022\/10\/viviendas-sociales.jpg\"><img data-recalc-dims=\"1\" decoding=\"async\" width=\"640\" height=\"424\" data-src=\"https:\/\/i0.wp.com\/elterritorialweb.com.ar\/web\/wp-content\/uploads\/2022\/10\/viviendas-sociales.jpg?resize=640%2C424\" alt=\"\" class=\"wp-image-45993 lazyload\" data-srcset=\"https:\/\/i0.wp.com\/elterritorialweb.com.ar\/web\/wp-content\/uploads\/2022\/10\/viviendas-sociales.jpg?resize=1024%2C678 1024w, https:\/\/i0.wp.com\/elterritorialweb.com.ar\/web\/wp-content\/uploads\/2022\/10\/viviendas-sociales.jpg?resize=300%2C199 300w, https:\/\/i0.wp.com\/elterritorialweb.com.ar\/web\/wp-content\/uploads\/2022\/10\/viviendas-sociales.jpg?resize=768%2C508 768w, https:\/\/i0.wp.com\/elterritorialweb.com.ar\/web\/wp-content\/uploads\/2022\/10\/viviendas-sociales.jpg?w=1280 1280w\" data-sizes=\"(max-width: 640px) 100vw, 640px\" src=\"data:image\/svg+xml;base64,PHN2ZyB3aWR0aD0iMSIgaGVpZ2h0PSIxIiB4bWxucz0iaHR0cDovL3d3dy53My5vcmcvMjAwMC9zdmciPjwvc3ZnPg==\" style=\"--smush-placeholder-width: 640px; --smush-placeholder-aspect-ratio: 640\/424;\" \/><\/a><\/figure>\n\n\n\n<p>En su mensaje, Niccolai expres\u00f3: \u00abEstamos acompa\u00f1ando la alegr\u00eda de las familias que hoy reciben sus casas en el marco de un programa que entrega viviendas dignas y confortables de forma gratuita\u00bb.<br>Destac\u00f3 adem\u00e1s el desarrollo y la pujanza de Quimil\u00ed, \u00abque siempre est\u00e1 en crecimiento porque hay un trabajo articulado entre Naci\u00f3n, provincia y municipio donde se ha invertido en obras fundamentales para la gente\u00bb.<\/p>\n\n\n\n<figure class=\"wp-block-image size-large\"><a href=\"https:\/\/i0.wp.com\/elterritorialweb.com.ar\/web\/wp-content\/uploads\/2022\/10\/WhatsApp-Image-2022-10-27-at-21.31.38-2.jpeg\"><img data-recalc-dims=\"1\" decoding=\"async\" width=\"640\" height=\"426\" data-src=\"https:\/\/i0.wp.com\/elterritorialweb.com.ar\/web\/wp-content\/uploads\/2022\/10\/WhatsApp-Image-2022-10-27-at-21.31.38-2.jpeg?resize=640%2C426\" alt=\"\" class=\"wp-image-45991 lazyload\" data-srcset=\"https:\/\/i0.wp.com\/elterritorialweb.com.ar\/web\/wp-content\/uploads\/2022\/10\/WhatsApp-Image-2022-10-27-at-21.31.38-2.jpeg?resize=1024%2C682 1024w, https:\/\/i0.wp.com\/elterritorialweb.com.ar\/web\/wp-content\/uploads\/2022\/10\/WhatsApp-Image-2022-10-27-at-21.31.38-2.jpeg?resize=300%2C200 300w, https:\/\/i0.wp.com\/elterritorialweb.com.ar\/web\/wp-content\/uploads\/2022\/10\/WhatsApp-Image-2022-10-27-at-21.31.38-2.jpeg?resize=768%2C512 768w, https:\/\/i0.wp.com\/elterritorialweb.com.ar\/web\/wp-content\/uploads\/2022\/10\/WhatsApp-Image-2022-10-27-at-21.31.38-2.jpeg?w=1280 1280w\" data-sizes=\"(max-width: 640px) 100vw, 640px\" src=\"data:image\/svg+xml;base64,PHN2ZyB3aWR0aD0iMSIgaGVpZ2h0PSIxIiB4bWxucz0iaHR0cDovL3d3dy53My5vcmcvMjAwMC9zdmciPjwvc3ZnPg==\" style=\"--smush-placeholder-width: 640px; --smush-placeholder-aspect-ratio: 640\/426;\" \/><\/a><\/figure>\n\n\n\n<p>En el final sostuvo: \u00abTenemos que estar orgullosos de nuestra provincia por los \u00edndices de crecimiento que existen, generando un aporte importante que el pa\u00eds necesita\u00bb, y agreg\u00f3: \u00abVamos a seguir trabajando de forma mancomunada con municipios y comisiones municipales, porque Santiago se construye desde cada rinc\u00f3n del interior\u00bb.<\/p>\n\n\n\n<figure class=\"wp-block-image size-large\"><a href=\"https:\/\/i0.wp.com\/elterritorialweb.com.ar\/web\/wp-content\/uploads\/2022\/10\/WhatsApp-Image-2022-10-27-at-21.31.38-1.jpeg\"><img data-recalc-dims=\"1\" decoding=\"async\" width=\"640\" height=\"426\" data-src=\"https:\/\/i0.wp.com\/elterritorialweb.com.ar\/web\/wp-content\/uploads\/2022\/10\/WhatsApp-Image-2022-10-27-at-21.31.38-1.jpeg?resize=640%2C426\" alt=\"\" class=\"wp-image-45990 lazyload\" data-srcset=\"https:\/\/i0.wp.com\/elterritorialweb.com.ar\/web\/wp-content\/uploads\/2022\/10\/WhatsApp-Image-2022-10-27-at-21.31.38-1.jpeg?resize=1024%2C682 1024w, https:\/\/i0.wp.com\/elterritorialweb.com.ar\/web\/wp-content\/uploads\/2022\/10\/WhatsApp-Image-2022-10-27-at-21.31.38-1.jpeg?resize=300%2C200 300w, https:\/\/i0.wp.com\/elterritorialweb.com.ar\/web\/wp-content\/uploads\/2022\/10\/WhatsApp-Image-2022-10-27-at-21.31.38-1.jpeg?resize=768%2C512 768w, https:\/\/i0.wp.com\/elterritorialweb.com.ar\/web\/wp-content\/uploads\/2022\/10\/WhatsApp-Image-2022-10-27-at-21.31.38-1.jpeg?w=1280 1280w\" data-sizes=\"(max-width: 640px) 100vw, 640px\" src=\"data:image\/svg+xml;base64,PHN2ZyB3aWR0aD0iMSIgaGVpZ2h0PSIxIiB4bWxucz0iaHR0cDovL3d3dy53My5vcmcvMjAwMC9zdmciPjwvc3ZnPg==\" style=\"--smush-placeholder-width: 640px; --smush-placeholder-aspect-ratio: 640\/426;\" \/><\/a><\/figure>\n\n\n\n<p>Por su parte, Fantoni agradeci\u00f3 al Gobierno provincial por los aportes que permitieron mejorar la calidad de vida de sus vecinos y a\u00f1adi\u00f3: \u00abEstoy contento de finalizar mi mandato inaugurando obras y trabajando hasta el \u00faltimo d\u00eda con la seguridad y la confianza de que hemos fijado bases importantes para el desarrollo de nuestra ciudad\u00bb.<\/p>\n","protected":false},"excerpt":{"rendered":"<p>La ciudad de Quimil\u00ed, cabecera del departamento Moreno, vivi\u00f3 este jueves una jornada memorable con la entrega de viviendas sociales construidas por el municipio con fondos de la provincia y la inauguraci\u00f3n del Museo Hist\u00f3rico \u00abJos\u00e9 Sinesio G\u00f3mez\u00bb, el pavimento en los barrios Alomo, Malvinas, Fonavi 3 y El Tri\u00e1ngulo y de las luces led en la avenida Avellaneda.<\/p>\n","protected":false},"author":2,"featured_media":45992,"comment_status":"open","ping_status":"open","sticky":false,"template":"","format":"standard","meta":{"om_disable_all_campaigns":false,"_monsterinsights_skip_tracking":false,"_monsterinsights_sitenote_active":false,"_monsterinsights_sitenote_note":"","_monsterinsights_sitenote_category":0,"_uf_show_specific_survey":0,"_uf_disable_surveys":false,"jetpack_post_was_ever_published":false,"_jetpack_newsletter_access":"","_jetpack_dont_email_post_to_subs":false,"_jetpack_newsletter_tier_id":0,"_jetpack_memberships_contains_paywalled_content":false,"_jetpack_memberships_contains_paid_content":false,"footnotes":"","jetpack_publicize_message":"","jetpack_publicize_feature_enabled":true,"jetpack_social_post_already_shared":false,"jetpack_social_options":{"image_generator_settings":{"template":"highway","default_image_id":0,"font":"","enabled":false},"version":2}},"categories":[21],"tags":[],"class_list":["post-45989","post","type-post","status-publish","format-standard","has-post-thumbnail","hentry","category-locales"],"aioseo_notices":[],"views":15,"jetpack_publicize_connections":[],"jetpack_featured_media_url":"https:\/\/i0.wp.com\/elterritorialweb.com.ar\/web\/wp-content\/uploads\/2022\/10\/WhatsApp-Image-2022-10-27-at-21.31.38.jpeg?fit=1280%2C853","jetpack_sharing_enabled":true,"_links":{"self":[{"href":"http:\/\/elterritorialweb.com.ar\/web\/wp-json\/wp\/v2\/posts\/45989","targetHints":{"allow":["GET"]}}],"collection":[{"href":"http:\/\/elterritorialweb.com.ar\/web\/wp-json\/wp\/v2\/posts"}],"about":[{"href":"http:\/\/elterritorialweb.com.ar\/web\/wp-json\/wp\/v2\/types\/post"}],"author":[{"embeddable":true,"href":"http:\/\/elterritorialweb.com.ar\/web\/wp-json\/wp\/v2\/users\/2"}],"replies":[{"embeddable":true,"href":"http:\/\/elterritorialweb.com.ar\/web\/wp-json\/wp\/v2\/comments?post=45989"}],"version-history":[{"count":1,"href":"http:\/\/elterritorialweb.com.ar\/web\/wp-json\/wp\/v2\/posts\/45989\/revisions"}],"predecessor-version":[{"id":45994,"href":"http:\/\/elterritorialweb.com.ar\/web\/wp-json\/wp\/v2\/posts\/45989\/revisions\/45994"}],"wp:featuredmedia":[{"embeddable":true,"href":"http:\/\/elterritorialweb.com.ar\/web\/wp-json\/wp\/v2\/media\/45992"}],"wp:attachment":[{"href":"http:\/\/elterritorialweb.com.ar\/web\/wp-json\/wp\/v2\/media?parent=45989"}],"wp:term":[{"taxonomy":"category","embeddable":true,"href":"http:\/\/elterritorialweb.com.ar\/web\/wp-json\/wp\/v2\/categories?post=45989"},{"taxonomy":"post_tag","embeddable":true,"href":"http:\/\/elterritorialweb.com.ar\/web\/wp-json\/wp\/v2\/tags?post=45989"}],"curies":[{"name":"wp","href":"https:\/\/api.w.org\/{rel}","templated":true}]}}