{"id":46000,"date":"2022-10-28T05:02:38","date_gmt":"2022-10-28T05:02:38","guid":{"rendered":"http:\/\/elterritorialweb.com.ar\/web\/?p=46000"},"modified":"2022-10-28T05:02:50","modified_gmt":"2022-10-28T05:02:50","slug":"camioneros-acordo-un-aumento-salarial-del-107y-un-bono-de-100-mil-pesos","status":"publish","type":"post","link":"http:\/\/elterritorialweb.com.ar\/web\/camioneros-acordo-un-aumento-salarial-del-107y-un-bono-de-100-mil-pesos\/","title":{"rendered":"CAMIONEROS ACORD\u00d3 UN AUMENTO SALARIAL DEL 107%Y UN BONO DE 100 MIL PESOS"},"content":{"rendered":"\n<p>La Federaci\u00f3n Nacional de Trabajadores y Obreros Camioneros, que lideran Hugo y Pablo Moyano, y las c\u00e1maras empresarias de la actividad convinieron en la cartera laboral bajo la supervisi\u00f3n de la ministra Raquel Olmos&nbsp;<strong>una recomposici\u00f3n salarial en paritarias del 107% y el pago de un bono de fin de a\u00f1o de 100 mil pesos en cuatro tramos<\/strong>.<\/p>\n\n\n\n<p>Fuentes gremiales y oficiales informaron los t\u00e9rminos del acuerdo y&nbsp;<strong>se\u00f1alaron su satisfacci\u00f3n por la superaci\u00f3n de la negociaci\u00f3n paritaria sin tener que recurrir a medidas de fuerza<\/strong>.<\/p>\n\n\n\n<p>Los camioneros finalmente lograron el incremento luego del fracaso de cuatro reuniones paritarias previas, tras la intervenci\u00f3n de Olmos, quien condujo la negociaci\u00f3n con Hugo y Pablo Moyano.<\/p>\n\n\n\n<p>El encuentro se realiz\u00f3 en el piso 18 de la cartera laboral, en la avenida Leandro Alem al 600, y las partes convinieron en el acuerdo la mejora en cuatro tramos: 27% en noviembre, 27% en febrero de 2023, otro 27% en mayo y 26% en agosto del a\u00f1o pr\u00f3ximo, por lo que el gremio levant\u00f3 de forma definitiva la huelga nacional prevista para el lunes entrante.<\/p>\n\n\n\n<p>Adem\u00e1s, sindicalistas y empresarios&nbsp;<strong>convinieron el pago de una asignaci\u00f3n extraordinaria o bono de 100 mil pesos en 4 cuotas para marzo, abril, mayo y junio pr\u00f3ximos<\/strong>.<\/p>\n\n\n\n<p>Los camioneros hab\u00edan anunciado ayer que a partir de la 0 del lunes iniciar\u00edan una huelga nacional en todas las ramas del convenio colectivo de trabajo 40\/89.<\/p>\n\n\n\n<p>Hugo Moyano y su hijo Pablo, adjunto del gremio, explicaron luego del encuentro en Trabajo que adem\u00e1s los empresarios se avinieron a otorgar un adicional del 10% para los choferes que cumplen tareas de larga distancia, quienes hace pocos d\u00edas fueron beneficiados con la exenci\u00f3n del pago de Ganancias sobre los vi\u00e1ticos, lo que fue incluido en un art\u00edculo del presupuesto 2023 que aprob\u00f3 la C\u00e1mara de Diputados.<\/p>\n\n\n\n<p>Tambi\u00e9n<strong>&nbsp;los sindicalistas puntualizaron que el gremio obtuvo beneficios diferenciados para otras ramas de la actividad del sindicato<\/strong>.<\/p>\n\n\n\n<p>La ministra Olmos destac\u00f3 a la prensa que \u00abes un logro que se haya cerrado la paritaria\u00bb camionera y sostuvo que \u00ablos gremios que est\u00e1n en sistema de paritarias lograron un buen nivel de actualizaci\u00f3n\u00bb salarial.<\/p>\n\n\n\n<p>\u00abEl acuerdo super\u00f3 las expectativas, ya que a pesar de que al principio el gremio reclam\u00f3 un 131% de aumento, los empresarios solo ofrec\u00edan el 84% y, hasta la intervenci\u00f3n hoy de la ministra Olmos, las negociaciones estaban trabadas\u00bb, asever\u00f3 por su parte Pablo Moyano.<\/p>\n\n\n\n<p>Adem\u00e1s, el cotitular de la CGT ratific\u00f3 su demanda de pago de un bono salarial de emergencia para la totalidad de los trabajadores, un reclamo que el dirigente formul\u00f3 ante el propio presidente Alberto Fern\u00e1ndez y el ministro de Econom\u00eda, Sergio Massa.<\/p>\n\n\n\n<p>Moyano reivindic\u00f3 la conquista obtenida hoy por el gremio en Trabajo, aunque ratific\u00f3 que \u00abel Gobierno debe tener m\u00e1s fuerza con quienes aumentan los precios a diario\u00bb.<\/p>\n\n\n\n<p>En tanto, Hugo Moyano resalt\u00f3 que Olmos \u00abagradeci\u00f3\u00bb y destac\u00f3 \u00abla responsabilidad que tuvieron sindicalistas y empresarios\u00bb para alcanzar el acuerdo y sostuvo que el instrumento es \u00ablo que realmente merec\u00edan los trabajadores\u00bb.<\/p>\n\n\n\n<p>\u00abSiempre decimos que fueron esenciales durante la grave pandemia y, por lo mismo, deb\u00edan ser reivindicados, porque su esfuerzo permiti\u00f3 que nada le faltase a los argentinos en ese momento. El acuerdo firmado hoy as\u00ed lo confirma\u00bb, dijo el dirigente sindical.<\/p>\n\n\n\n<p>El gremio camionero dud\u00f3 en un principio, luego del nuevo fracaso paritario de ayer, en asistir hoy a Trabajo hasta que se le inform\u00f3 que Olmos encabezar\u00eda el encuentro.<\/p>\n\n\n\n<p>\u00abLo importante del acuerdo es que los trabajadores no perder\u00e1n poder adquisitivo salarial\u00bb, coincidieron ambos dirigentes luego del encuentro en la avenida Alem, y especificaron que el convenio paritario contempla el per\u00edodo noviembre-octubre.<\/p>\n\n\n\n<p>Por su parte, la Federaci\u00f3n Argentina de Entidades de Transporte y Log\u00edstica (Faetyl), sostuvo en un documento que el acuerdo logrado con el gremio ratific\u00f3 \u00abla voluntad del empresariado log\u00edstico de resguardar el poder adquisitivo y contribuir a la paz social, la que es imprescindible para la normal prestaci\u00f3n del servicio\u00bb de sus asociados\u00bb.<\/p>\n","protected":false},"excerpt":{"rendered":"<p>Finalmente el Sindicato y los empresarios lograron alcanzar un acuerdo tras una reuni\u00f3n en la cartera laboral en la que particip\u00f3 la ministra Olmos y el jefe del gremio, Hugo Moyano. Qued\u00f3 levantado el paro nacional de actividades que hab\u00edan anunciado para el pr\u00f3ximo lunes.<\/p>\n","protected":false},"author":2,"featured_media":46001,"comment_status":"open","ping_status":"open","sticky":false,"template":"","format":"standard","meta":{"om_disable_all_campaigns":false,"_monsterinsights_skip_tracking":false,"_monsterinsights_sitenote_active":false,"_monsterinsights_sitenote_note":"","_monsterinsights_sitenote_category":0,"_uf_show_specific_survey":0,"_uf_disable_surveys":false,"jetpack_post_was_ever_published":false,"_jetpack_newsletter_access":"","_jetpack_dont_email_post_to_subs":false,"_jetpack_newsletter_tier_id":0,"_jetpack_memberships_contains_paywalled_content":false,"_jetpack_memberships_contains_paid_content":false,"footnotes":"","jetpack_publicize_message":"","jetpack_publicize_feature_enabled":true,"jetpack_social_post_already_shared":false,"jetpack_social_options":{"image_generator_settings":{"template":"highway","default_image_id":0,"font":"","enabled":false},"version":2}},"categories":[4,18],"tags":[],"class_list":["post-46000","post","type-post","status-publish","format-standard","has-post-thumbnail","hentry","category-destacadas","category-politica"],"aioseo_notices":[],"views":7,"jetpack_publicize_connections":[],"jetpack_featured_media_url":"https:\/\/i0.wp.com\/elterritorialweb.com.ar\/web\/wp-content\/uploads\/2022\/10\/image-9.png?fit=693%2C460","jetpack_sharing_enabled":true,"_links":{"self":[{"href":"http:\/\/elterritorialweb.com.ar\/web\/wp-json\/wp\/v2\/posts\/46000","targetHints":{"allow":["GET"]}}],"collection":[{"href":"http:\/\/elterritorialweb.com.ar\/web\/wp-json\/wp\/v2\/posts"}],"about":[{"href":"http:\/\/elterritorialweb.com.ar\/web\/wp-json\/wp\/v2\/types\/post"}],"author":[{"embeddable":true,"href":"http:\/\/elterritorialweb.com.ar\/web\/wp-json\/wp\/v2\/users\/2"}],"replies":[{"embeddable":true,"href":"http:\/\/elterritorialweb.com.ar\/web\/wp-json\/wp\/v2\/comments?post=46000"}],"version-history":[{"count":1,"href":"http:\/\/elterritorialweb.com.ar\/web\/wp-json\/wp\/v2\/posts\/46000\/revisions"}],"predecessor-version":[{"id":46002,"href":"http:\/\/elterritorialweb.com.ar\/web\/wp-json\/wp\/v2\/posts\/46000\/revisions\/46002"}],"wp:featuredmedia":[{"embeddable":true,"href":"http:\/\/elterritorialweb.com.ar\/web\/wp-json\/wp\/v2\/media\/46001"}],"wp:attachment":[{"href":"http:\/\/elterritorialweb.com.ar\/web\/wp-json\/wp\/v2\/media?parent=46000"}],"wp:term":[{"taxonomy":"category","embeddable":true,"href":"http:\/\/elterritorialweb.com.ar\/web\/wp-json\/wp\/v2\/categories?post=46000"},{"taxonomy":"post_tag","embeddable":true,"href":"http:\/\/elterritorialweb.com.ar\/web\/wp-json\/wp\/v2\/tags?post=46000"}],"curies":[{"name":"wp","href":"https:\/\/api.w.org\/{rel}","templated":true}]}}