{"id":46003,"date":"2022-10-30T22:08:20","date_gmt":"2022-10-30T22:08:20","guid":{"rendered":"http:\/\/elterritorialweb.com.ar\/web\/?p=46003"},"modified":"2022-10-30T22:27:03","modified_gmt":"2022-10-30T22:27:03","slug":"zamora-inauguro-importantes-obras-en-colonia-dora-y-una-escuela-en-el-paraje-campo-lujan","status":"publish","type":"post","link":"http:\/\/elterritorialweb.com.ar\/web\/zamora-inauguro-importantes-obras-en-colonia-dora-y-una-escuela-en-el-paraje-campo-lujan\/","title":{"rendered":"ZAMORA INAUGUR\u00d3 IMPORTANTES OBRAS EN COLONIA DORA Y UNA ESCUELA EN EL PARAJE CAMPO LUJ\u00c1N"},"content":{"rendered":"\n<p>En Colonia Dora, el mandatario entreg\u00f3 10 viviendas sociales, inaugur\u00f3 un barrio del Ipvu con 24 casas, 5 plazas, 15 cuadras de pavimento y el Polideportivo \u201cGabriel Deck\u201d. Desde all\u00ed habilit\u00f3, adem\u00e1s, 15 kil\u00f3metros de enripiado del camino que une la ruta 92 con el paraje El 20.<\/p>\n\n\n\n<p>El recorrido comenz\u00f3 por Colonia Dora, junto con el vicegobernador Carlos Silva Neder y los ministros de Desarrollo Social, \u00c1ngel Niccolai, y de Educaci\u00f3n, Mariela Nassif. Fueron recibidos por la intendente Marcela Mansilla, el diputado provincial Juan Sequeira y gran cantidad de vecinos.<\/p>\n\n\n\n<figure class=\"wp-block-image size-large\"><a href=\"https:\/\/i0.wp.com\/elterritorialweb.com.ar\/web\/wp-content\/uploads\/2022\/10\/c.-dora-1.jpeg\"><img data-recalc-dims=\"1\" decoding=\"async\" width=\"640\" height=\"426\" data-src=\"https:\/\/i0.wp.com\/elterritorialweb.com.ar\/web\/wp-content\/uploads\/2022\/10\/c.-dora-1.jpeg?resize=640%2C426\" alt=\"\" class=\"wp-image-46004 lazyload\" data-srcset=\"https:\/\/i0.wp.com\/elterritorialweb.com.ar\/web\/wp-content\/uploads\/2022\/10\/c.-dora-1.jpeg?resize=1024%2C682 1024w, https:\/\/i0.wp.com\/elterritorialweb.com.ar\/web\/wp-content\/uploads\/2022\/10\/c.-dora-1.jpeg?resize=300%2C200 300w, https:\/\/i0.wp.com\/elterritorialweb.com.ar\/web\/wp-content\/uploads\/2022\/10\/c.-dora-1.jpeg?resize=768%2C512 768w, https:\/\/i0.wp.com\/elterritorialweb.com.ar\/web\/wp-content\/uploads\/2022\/10\/c.-dora-1.jpeg?w=1280 1280w\" data-sizes=\"(max-width: 640px) 100vw, 640px\" src=\"data:image\/svg+xml;base64,PHN2ZyB3aWR0aD0iMSIgaGVpZ2h0PSIxIiB4bWxucz0iaHR0cDovL3d3dy53My5vcmcvMjAwMC9zdmciPjwvc3ZnPg==\" style=\"--smush-placeholder-width: 640px; --smush-placeholder-aspect-ratio: 640\/426;\" \/><\/a><\/figure>\n\n\n\n<p>El primer corte de cintas se hizo en el Polideportivo \u201cGabriel Deck\u201d, nombre impuesto en homenaje a una de las figuras del b\u00e1squet argentino que triunfa actualmente en Europa. En este lugar Zamora estuvo acompa\u00f1ado adem\u00e1s por la directora general de la ONG Haciendo Caminos, Catalina Hornos; el secretario de Deportes, Carlos Dapello, y Nora Luna, mam\u00e1 de Gabriel, entre otros.<\/p>\n\n\n\n<p>Durante el recorrido por el nuevo polideportivo, felicit\u00f3 a la patinadora local Lola D\u2019Paul, quien representar\u00e1 a la Argentina en el Mundial de Pat\u00edn Art\u00edstico, a desarrollarse en Buenos Aires desde el 30 de octubre hasta el 4 de noviembre.<\/p>\n\n\n\n<figure class=\"wp-block-image size-large\"><a href=\"https:\/\/i0.wp.com\/elterritorialweb.com.ar\/web\/wp-content\/uploads\/2022\/10\/c.-dora-escuela1.jpeg\"><img data-recalc-dims=\"1\" decoding=\"async\" width=\"640\" height=\"427\" data-src=\"https:\/\/i0.wp.com\/elterritorialweb.com.ar\/web\/wp-content\/uploads\/2022\/10\/c.-dora-escuela1-1024x683.jpeg?resize=640%2C427\" alt=\"\" class=\"wp-image-46008 lazyload\" data-srcset=\"https:\/\/i0.wp.com\/elterritorialweb.com.ar\/web\/wp-content\/uploads\/2022\/10\/c.-dora-escuela1.jpeg?resize=1024%2C683 1024w, https:\/\/i0.wp.com\/elterritorialweb.com.ar\/web\/wp-content\/uploads\/2022\/10\/c.-dora-escuela1.jpeg?resize=300%2C200 300w, https:\/\/i0.wp.com\/elterritorialweb.com.ar\/web\/wp-content\/uploads\/2022\/10\/c.-dora-escuela1.jpeg?resize=768%2C512 768w, https:\/\/i0.wp.com\/elterritorialweb.com.ar\/web\/wp-content\/uploads\/2022\/10\/c.-dora-escuela1.jpeg?resize=1536%2C1024 1536w, https:\/\/i0.wp.com\/elterritorialweb.com.ar\/web\/wp-content\/uploads\/2022\/10\/c.-dora-escuela1.jpeg?w=1599 1599w, https:\/\/i0.wp.com\/elterritorialweb.com.ar\/web\/wp-content\/uploads\/2022\/10\/c.-dora-escuela1.jpeg?w=1280 1280w\" data-sizes=\"(max-width: 640px) 100vw, 640px\" src=\"data:image\/svg+xml;base64,PHN2ZyB3aWR0aD0iMSIgaGVpZ2h0PSIxIiB4bWxucz0iaHR0cDovL3d3dy53My5vcmcvMjAwMC9zdmciPjwvc3ZnPg==\" style=\"--smush-placeholder-width: 640px; --smush-placeholder-aspect-ratio: 640\/427;\" \/><\/a><\/figure>\n\n\n\n<p>Seguidamente, hizo lo propio en el barrio de 24 viviendas, ejecutado a trav\u00e9s del programa nacional \u201cReconstruir\u201d, en articulaci\u00f3n con el Instituto Provincial de Vivienda y Urbanismo.<\/p>\n\n\n\n<p>El corte de cintas se hizo en la casa de Mariana Largo, donde el gobernador junto al presidente del IPVU, Augusto Dubois, entreg\u00f3 las llaves de las viviendas a los respectivos beneficiarios. Tambi\u00e9n plant\u00f3 un \u00e1rbol como parte de la campa\u00f1a de forestaci\u00f3n que impulsa en toda la provincia.<\/p>\n\n\n\n<figure class=\"wp-block-image size-large\"><a href=\"https:\/\/i0.wp.com\/elterritorialweb.com.ar\/web\/wp-content\/uploads\/2022\/10\/c.-dora-entrega-viviendas-ipvu.jpeg\"><img data-recalc-dims=\"1\" decoding=\"async\" width=\"640\" height=\"426\" data-src=\"https:\/\/i0.wp.com\/elterritorialweb.com.ar\/web\/wp-content\/uploads\/2022\/10\/c.-dora-entrega-viviendas-ipvu.jpeg?resize=640%2C426\" alt=\"\" class=\"wp-image-46007 lazyload\" data-srcset=\"https:\/\/i0.wp.com\/elterritorialweb.com.ar\/web\/wp-content\/uploads\/2022\/10\/c.-dora-entrega-viviendas-ipvu.jpeg?resize=1024%2C682 1024w, https:\/\/i0.wp.com\/elterritorialweb.com.ar\/web\/wp-content\/uploads\/2022\/10\/c.-dora-entrega-viviendas-ipvu.jpeg?resize=300%2C200 300w, https:\/\/i0.wp.com\/elterritorialweb.com.ar\/web\/wp-content\/uploads\/2022\/10\/c.-dora-entrega-viviendas-ipvu.jpeg?resize=768%2C512 768w, https:\/\/i0.wp.com\/elterritorialweb.com.ar\/web\/wp-content\/uploads\/2022\/10\/c.-dora-entrega-viviendas-ipvu.jpeg?w=1280 1280w\" data-sizes=\"(max-width: 640px) 100vw, 640px\" src=\"data:image\/svg+xml;base64,PHN2ZyB3aWR0aD0iMSIgaGVpZ2h0PSIxIiB4bWxucz0iaHR0cDovL3d3dy53My5vcmcvMjAwMC9zdmciPjwvc3ZnPg==\" style=\"--smush-placeholder-width: 640px; --smush-placeholder-aspect-ratio: 640\/426;\" \/><\/a><\/figure>\n\n\n\n<p>La visita a Colonia Dora concluy\u00f3 en la casa de Marcelina Estefan\u00eda Galeano, donde se entregaron simb\u00f3licamente las llaves a las 10 familias beneficiadas en esta oportunidad por el programa de Viviendas Sociales.<\/p>\n\n\n\n<p>En este paquete de obras inauguradas est\u00e1n incluidas las plazas Islas Malvinas, Eva Per\u00f3n, Belgrano y San Mart\u00edn. Tambi\u00e9n las 15 cuadras de pavimento.<\/p>\n\n\n\n<figure class=\"wp-block-image size-large\"><a href=\"https:\/\/i0.wp.com\/elterritorialweb.com.ar\/web\/wp-content\/uploads\/2022\/10\/c.-dora-con-catalina-hornos.jpeg\"><img data-recalc-dims=\"1\" decoding=\"async\" width=\"640\" height=\"389\" data-src=\"https:\/\/i0.wp.com\/elterritorialweb.com.ar\/web\/wp-content\/uploads\/2022\/10\/c.-dora-con-catalina-hornos.jpeg?resize=640%2C389\" alt=\"\" class=\"wp-image-46006 lazyload\" data-srcset=\"https:\/\/i0.wp.com\/elterritorialweb.com.ar\/web\/wp-content\/uploads\/2022\/10\/c.-dora-con-catalina-hornos.jpeg?resize=1024%2C622 1024w, https:\/\/i0.wp.com\/elterritorialweb.com.ar\/web\/wp-content\/uploads\/2022\/10\/c.-dora-con-catalina-hornos.jpeg?resize=300%2C182 300w, https:\/\/i0.wp.com\/elterritorialweb.com.ar\/web\/wp-content\/uploads\/2022\/10\/c.-dora-con-catalina-hornos.jpeg?resize=768%2C467 768w, https:\/\/i0.wp.com\/elterritorialweb.com.ar\/web\/wp-content\/uploads\/2022\/10\/c.-dora-con-catalina-hornos.jpeg?w=1280 1280w\" data-sizes=\"(max-width: 640px) 100vw, 640px\" src=\"data:image\/svg+xml;base64,PHN2ZyB3aWR0aD0iMSIgaGVpZ2h0PSIxIiB4bWxucz0iaHR0cDovL3d3dy53My5vcmcvMjAwMC9zdmciPjwvc3ZnPg==\" style=\"--smush-placeholder-width: 640px; --smush-placeholder-aspect-ratio: 640\/389;\" \/><\/a><\/figure>\n\n\n\n<p>Luego, la comitiva provincial se traslad\u00f3 a Campo Luj\u00e1n, ubicado a unos 8 kil\u00f3metros, donde fue inaugurado el nuevo edificio de la Escuela N\u00b0 1.070 \u201cSalvador Ciappino\u201d, que cuenta con 17 alumnos, a cargo del director, Dante Nelson Cresp\u00edn.<\/p>\n\n\n\n<p>En este mismo lugar funciona el Agrupamiento Educativo de Nivel Medio N\u00b0 81.160, con 3 alumnos, que tiene como sede central del Secundario \u201cJos\u00e9 de San Mart\u00edn\u201d de Colonia Dora.<\/p>\n\n\n\n<p>Las palabras de bienvenida estuvieron a cargo del director de la escuela, quien agradeci\u00f3 al gobernador por tan importante obra. \u201cEsta inauguraci\u00f3n va a marcar un antes y un despu\u00e9s para todos nosotros\u201d, dijo.<\/p>\n\n\n\n<figure class=\"wp-block-image size-large\"><a href=\"https:\/\/i0.wp.com\/elterritorialweb.com.ar\/web\/wp-content\/uploads\/2022\/10\/c.-dora-2.jpeg\"><img data-recalc-dims=\"1\" decoding=\"async\" width=\"640\" height=\"368\" data-src=\"https:\/\/i0.wp.com\/elterritorialweb.com.ar\/web\/wp-content\/uploads\/2022\/10\/c.-dora-2.jpeg?resize=640%2C368\" alt=\"\" class=\"wp-image-46005 lazyload\" data-srcset=\"https:\/\/i0.wp.com\/elterritorialweb.com.ar\/web\/wp-content\/uploads\/2022\/10\/c.-dora-2.jpeg?resize=1024%2C588 1024w, https:\/\/i0.wp.com\/elterritorialweb.com.ar\/web\/wp-content\/uploads\/2022\/10\/c.-dora-2.jpeg?resize=300%2C172 300w, https:\/\/i0.wp.com\/elterritorialweb.com.ar\/web\/wp-content\/uploads\/2022\/10\/c.-dora-2.jpeg?resize=768%2C441 768w, https:\/\/i0.wp.com\/elterritorialweb.com.ar\/web\/wp-content\/uploads\/2022\/10\/c.-dora-2.jpeg?w=1280 1280w\" data-sizes=\"(max-width: 640px) 100vw, 640px\" src=\"data:image\/svg+xml;base64,PHN2ZyB3aWR0aD0iMSIgaGVpZ2h0PSIxIiB4bWxucz0iaHR0cDovL3d3dy53My5vcmcvMjAwMC9zdmciPjwvc3ZnPg==\" style=\"--smush-placeholder-width: 640px; --smush-placeholder-aspect-ratio: 640\/368;\" \/><\/a><\/figure>\n\n\n\n<p>A su turno, Zamora resalt\u00f3 la importancia de seguir invirtiendo en educaci\u00f3n, conectividad, energ\u00eda y dem\u00e1s obras en toda la provincia para seguir mejorando la calidad de vida de los santiague\u00f1os.<\/p>\n\n\n\n<p>\u201cCuando uno mira para atr\u00e1s y por m\u00e1s que diga todo lo que ha hecho, lo importante es lo que tenemos que mirar para adelante y sabemos que falta much\u00edsimo por hacer\u201d subray\u00f3.<\/p>\n\n\n\n<p>Con respecto al nuevo edificio construido en Campo Luj\u00e1n, dijo: \u201cTratamos que todas las escuelas inauguradas tengan el mismo equipamiento, porque lo importante es que la educaci\u00f3n llegue a todos y llegue con igualdad, junto a la vocaci\u00f3n de nuestros docentes\u201d.<\/p>\n\n\n\n<figure class=\"wp-block-image size-large\"><a href=\"https:\/\/i0.wp.com\/elterritorialweb.com.ar\/web\/wp-content\/uploads\/2022\/10\/c.-dora-vivienda-social.jpeg\"><img data-recalc-dims=\"1\" decoding=\"async\" width=\"640\" height=\"457\" data-src=\"https:\/\/i0.wp.com\/elterritorialweb.com.ar\/web\/wp-content\/uploads\/2022\/10\/c.-dora-vivienda-social.jpeg?resize=640%2C457\" alt=\"\" class=\"wp-image-46010 lazyload\" data-srcset=\"https:\/\/i0.wp.com\/elterritorialweb.com.ar\/web\/wp-content\/uploads\/2022\/10\/c.-dora-vivienda-social.jpeg?resize=1024%2C731 1024w, https:\/\/i0.wp.com\/elterritorialweb.com.ar\/web\/wp-content\/uploads\/2022\/10\/c.-dora-vivienda-social.jpeg?resize=300%2C214 300w, https:\/\/i0.wp.com\/elterritorialweb.com.ar\/web\/wp-content\/uploads\/2022\/10\/c.-dora-vivienda-social.jpeg?resize=768%2C548 768w, https:\/\/i0.wp.com\/elterritorialweb.com.ar\/web\/wp-content\/uploads\/2022\/10\/c.-dora-vivienda-social.jpeg?w=1280 1280w\" data-sizes=\"(max-width: 640px) 100vw, 640px\" src=\"data:image\/svg+xml;base64,PHN2ZyB3aWR0aD0iMSIgaGVpZ2h0PSIxIiB4bWxucz0iaHR0cDovL3d3dy53My5vcmcvMjAwMC9zdmciPjwvc3ZnPg==\" style=\"--smush-placeholder-width: 640px; --smush-placeholder-aspect-ratio: 640\/457;\" \/><\/a><\/figure>\n\n\n\n<p>En otro orden, Zamora hizo menci\u00f3n a las l\u00edneas de alta tensi\u00f3n que est\u00e1n uniendo a la provincia. Dijo: \u201cYa se licit\u00f3 la obra que va desde A\u00f1atuya a Los Telares y de Los Telares a Sumampa, y luego eso enlaza hacia Sol de Julio y el l\u00edmite con C\u00f3rdoba, y pr\u00e1cticamente estamos cerrando todos los anillos de alta tensi\u00f3n. Hemos eliminado todas las centrales aisladas de energ\u00eda\u201d.<\/p>\n\n\n\n<p>\u201cAdem\u00e1s -sigui\u00f3-&nbsp; hemos hecho muchos caminos, rutas, la infraestructura creci\u00f3 y obras h\u00eddricas. L\u00f3gicamente que falta mucho pero defendiendo nuestro federalismo, no endeud\u00e1ndonos y cuidando nuestros recursos nos ha permitido que hoy, de las diez provincias del norte, nosotros seamos las que m\u00e1s exporta\u201d.<\/p>\n\n\n\n<p>Al finalizar su mensaje el gobernador resalt\u00f3: \u201cTenemos que seguir trabajando para construir una provincia donde cada uno, en el lugar de sus afectos pueda desarrollar su actividad personal y pensar que,a lo mejor lo que hemos hecho hasta el presente no alcanza, pero nuestras generaciones que nos est\u00e1n continuando tienen la posibilidad, si le damos las herramientas necesarios, de poder vivir un buen presente y un buen futuro\u201d.<\/p>\n\n\n\n<p><strong>\u00a0<\/strong><\/p>\n\n\n\n<p><strong>\u00a0<\/strong><\/p>\n","protected":false},"excerpt":{"rendered":"<p>El gobernador Gerardo Zamora particip\u00f3 este viernes de los actos centrales por el 122\u00b0 aniversario de Colonia Dora, donde entreg\u00f3 viviendas y dej\u00f3 inauguradas importantes obras, adem\u00e1s del edificio totalmente nuevo de la Escuela N\u00b0 1.070 \u201cSalvador Ciappino\u201d, ubicada en el paraje Campo Luj\u00e1n, departamento Avellaneda.<\/p>\n","protected":false},"author":2,"featured_media":46011,"comment_status":"open","ping_status":"open","sticky":false,"template":"","format":"standard","meta":{"om_disable_all_campaigns":false,"_monsterinsights_skip_tracking":false,"_monsterinsights_sitenote_active":false,"_monsterinsights_sitenote_note":"","_monsterinsights_sitenote_category":0,"_uf_show_specific_survey":0,"_uf_disable_surveys":false,"jetpack_post_was_ever_published":false,"_jetpack_newsletter_access":"","_jetpack_dont_email_post_to_subs":false,"_jetpack_newsletter_tier_id":0,"_jetpack_memberships_contains_paywalled_content":false,"_jetpack_memberships_contains_paid_content":false,"footnotes":"","jetpack_publicize_message":"","jetpack_publicize_feature_enabled":true,"jetpack_social_post_already_shared":false,"jetpack_social_options":{"image_generator_settings":{"template":"highway","default_image_id":0,"font":"","enabled":false},"version":2}},"categories":[21],"tags":[],"class_list":["post-46003","post","type-post","status-publish","format-standard","has-post-thumbnail","hentry","category-locales"],"aioseo_notices":[],"views":6,"jetpack_publicize_connections":[],"jetpack_featured_media_url":"https:\/\/i0.wp.com\/elterritorialweb.com.ar\/web\/wp-content\/uploads\/2022\/10\/c.-dora.jpeg?fit=1225%2C853","jetpack_sharing_enabled":true,"_links":{"self":[{"href":"http:\/\/elterritorialweb.com.ar\/web\/wp-json\/wp\/v2\/posts\/46003","targetHints":{"allow":["GET"]}}],"collection":[{"href":"http:\/\/elterritorialweb.com.ar\/web\/wp-json\/wp\/v2\/posts"}],"about":[{"href":"http:\/\/elterritorialweb.com.ar\/web\/wp-json\/wp\/v2\/types\/post"}],"author":[{"embeddable":true,"href":"http:\/\/elterritorialweb.com.ar\/web\/wp-json\/wp\/v2\/users\/2"}],"replies":[{"embeddable":true,"href":"http:\/\/elterritorialweb.com.ar\/web\/wp-json\/wp\/v2\/comments?post=46003"}],"version-history":[{"count":1,"href":"http:\/\/elterritorialweb.com.ar\/web\/wp-json\/wp\/v2\/posts\/46003\/revisions"}],"predecessor-version":[{"id":46012,"href":"http:\/\/elterritorialweb.com.ar\/web\/wp-json\/wp\/v2\/posts\/46003\/revisions\/46012"}],"wp:featuredmedia":[{"embeddable":true,"href":"http:\/\/elterritorialweb.com.ar\/web\/wp-json\/wp\/v2\/media\/46011"}],"wp:attachment":[{"href":"http:\/\/elterritorialweb.com.ar\/web\/wp-json\/wp\/v2\/media?parent=46003"}],"wp:term":[{"taxonomy":"category","embeddable":true,"href":"http:\/\/elterritorialweb.com.ar\/web\/wp-json\/wp\/v2\/categories?post=46003"},{"taxonomy":"post_tag","embeddable":true,"href":"http:\/\/elterritorialweb.com.ar\/web\/wp-json\/wp\/v2\/tags?post=46003"}],"curies":[{"name":"wp","href":"https:\/\/api.w.org\/{rel}","templated":true}]}}