{"id":46013,"date":"2022-10-30T22:13:31","date_gmt":"2022-10-30T22:13:31","guid":{"rendered":"http:\/\/elterritorialweb.com.ar\/web\/?p=46013"},"modified":"2022-10-30T22:13:32","modified_gmt":"2022-10-30T22:13:32","slug":"zamora-participo-de-la-inauguracion-de-obras-de-revalorizacion-de-la-sede-del-distrito-16-de-vialidad-nacional","status":"publish","type":"post","link":"http:\/\/elterritorialweb.com.ar\/web\/zamora-participo-de-la-inauguracion-de-obras-de-revalorizacion-de-la-sede-del-distrito-16-de-vialidad-nacional\/","title":{"rendered":"ZAMORA PARTICIP\u00d3 DE LA INAUGURACI\u00d3N DE OBRAS DE REVALORIZACI\u00d3N DE LA SEDE \u00a0DEL DISTRITO 16\u00b0 DE\u00a0 VIALIDAD NACIONAL"},"content":{"rendered":"\n<p>Participaron del acto protocolar el administrador general de Vialidad Nacional, Gustavo Arrieta; el gerente ejecutivo del organismo, Patricio Garc\u00eda; el jefe del Distrito Santiago del Estero, Carlos Ferreiro, y la intendente de la Ciudad de Ca\u00f1uelas, Marizza Viviana Fassi.<\/p>\n\n\n\n<p>Zamora estuvo acompa\u00f1ado por el vicegobernador&nbsp; Carlos Silva Neder y la intendente de ciudad Capital, Norma Fuentes. Tambi\u00e9n asistieron los jefes de los distritos viales de Bah\u00eda Blanca, Catamarca, Chaco, C\u00f3rdoba, Formosa, La Pampa, La Rioja, Misiones, Santa Fe y Tucum\u00e1n.<\/p>\n\n\n\n<p>Tras el corte de cintas, el descubrimiento de la placa conmemorativa y la bendici\u00f3n por parte del padre Alejandro Gordillo, el mandatario provincial recorri\u00f3 las instalaciones y salud\u00f3 a todo el personal.<\/p>\n\n\n\n<p>Durante el acto, Ferreiro destac\u00f3 la puesta en valor del edificio en estos 70 a\u00f1os de ejercicio de este distrito en la ciudad Capital, y la muestra del federalismo por el \u201ctrabajo en conjunto que se viene llevando a cabo en la regi\u00f3n con las entidades nacionales\u201d<\/p>\n\n\n\n<figure class=\"wp-block-image size-large\"><a href=\"https:\/\/i0.wp.com\/elterritorialweb.com.ar\/web\/wp-content\/uploads\/2022\/10\/VIALIDAD-NAC.jpeg\"><img data-recalc-dims=\"1\" decoding=\"async\" width=\"640\" height=\"427\" data-src=\"https:\/\/i0.wp.com\/elterritorialweb.com.ar\/web\/wp-content\/uploads\/2022\/10\/VIALIDAD-NAC.jpeg?resize=640%2C427\" alt=\"\" class=\"wp-image-46015 lazyload\" data-srcset=\"https:\/\/i0.wp.com\/elterritorialweb.com.ar\/web\/wp-content\/uploads\/2022\/10\/VIALIDAD-NAC.jpeg?resize=1024%2C683 1024w, https:\/\/i0.wp.com\/elterritorialweb.com.ar\/web\/wp-content\/uploads\/2022\/10\/VIALIDAD-NAC.jpeg?resize=300%2C200 300w, https:\/\/i0.wp.com\/elterritorialweb.com.ar\/web\/wp-content\/uploads\/2022\/10\/VIALIDAD-NAC.jpeg?resize=768%2C512 768w, https:\/\/i0.wp.com\/elterritorialweb.com.ar\/web\/wp-content\/uploads\/2022\/10\/VIALIDAD-NAC.jpeg?w=1280 1280w\" data-sizes=\"(max-width: 640px) 100vw, 640px\" src=\"data:image\/svg+xml;base64,PHN2ZyB3aWR0aD0iMSIgaGVpZ2h0PSIxIiB4bWxucz0iaHR0cDovL3d3dy53My5vcmcvMjAwMC9zdmciPjwvc3ZnPg==\" style=\"--smush-placeholder-width: 640px; --smush-placeholder-aspect-ratio: 640\/427;\" \/><\/a><\/figure>\n\n\n\n<p>A su turno, Arrieta hizo referencia a la historia del pa\u00eds en la situaci\u00f3n de Vialidad en el marco de sus 90 a\u00f1os, tambi\u00e9n hizo un balance del movimiento de las obras y la reactivaci\u00f3n que se vienen llevando a cabo en los \u00faltimos a\u00f1os.<\/p>\n\n\n\n<p>Zamora cerr\u00f3 el acto con su mensaje, en el que felicit\u00f3 a los trabajadores viales por el esfuerzo y sacrificio que vienen haciendo, y dijo que en esta sede totalmente renovada \u201ces un gran desaf\u00edo\u201d.<\/p>\n\n\n\n<p>Agreg\u00f3: \u201cNosotros estamos decididos a enfrentarlo para buscar ese federalismo que tan importante fue en la conformaci\u00f3n del pa\u00eds, y eso se ve reflejado en los valores que la provincia tiene hoy, siendo de las provincias con mejor balance comercial positiva y encabezando lista en las diferentes \u00e1reas de producci\u00f3n\u201d.<\/p>\n","protected":false},"excerpt":{"rendered":"<p>En el marco de los 90 a\u00f1os de Vialidad Nacional, el gobernador Gerardo Zamora particip\u00f3 este viernes del acto de inauguraci\u00f3n y puesta en revalorizaci\u00f3n del Distrito 16\u00b0 de Vialidad Nacional ubicado en Roca y 9 de Julio.<\/p>\n","protected":false},"author":2,"featured_media":46014,"comment_status":"open","ping_status":"open","sticky":false,"template":"","format":"standard","meta":{"om_disable_all_campaigns":false,"_monsterinsights_skip_tracking":false,"_monsterinsights_sitenote_active":false,"_monsterinsights_sitenote_note":"","_monsterinsights_sitenote_category":0,"_uf_show_specific_survey":0,"_uf_disable_surveys":false,"jetpack_post_was_ever_published":false,"_jetpack_newsletter_access":"","_jetpack_dont_email_post_to_subs":false,"_jetpack_newsletter_tier_id":0,"_jetpack_memberships_contains_paywalled_content":false,"_jetpack_memberships_contains_paid_content":false,"footnotes":"","jetpack_publicize_message":"","jetpack_publicize_feature_enabled":true,"jetpack_social_post_already_shared":false,"jetpack_social_options":{"image_generator_settings":{"template":"highway","default_image_id":0,"font":"","enabled":false},"version":2}},"categories":[21],"tags":[],"class_list":["post-46013","post","type-post","status-publish","format-standard","has-post-thumbnail","hentry","category-locales"],"aioseo_notices":[],"views":11,"jetpack_publicize_connections":[],"jetpack_featured_media_url":"https:\/\/i0.wp.com\/elterritorialweb.com.ar\/web\/wp-content\/uploads\/2022\/10\/VIALIDAD-.jpeg?fit=1280%2C854","jetpack_sharing_enabled":true,"_links":{"self":[{"href":"http:\/\/elterritorialweb.com.ar\/web\/wp-json\/wp\/v2\/posts\/46013","targetHints":{"allow":["GET"]}}],"collection":[{"href":"http:\/\/elterritorialweb.com.ar\/web\/wp-json\/wp\/v2\/posts"}],"about":[{"href":"http:\/\/elterritorialweb.com.ar\/web\/wp-json\/wp\/v2\/types\/post"}],"author":[{"embeddable":true,"href":"http:\/\/elterritorialweb.com.ar\/web\/wp-json\/wp\/v2\/users\/2"}],"replies":[{"embeddable":true,"href":"http:\/\/elterritorialweb.com.ar\/web\/wp-json\/wp\/v2\/comments?post=46013"}],"version-history":[{"count":1,"href":"http:\/\/elterritorialweb.com.ar\/web\/wp-json\/wp\/v2\/posts\/46013\/revisions"}],"predecessor-version":[{"id":46016,"href":"http:\/\/elterritorialweb.com.ar\/web\/wp-json\/wp\/v2\/posts\/46013\/revisions\/46016"}],"wp:featuredmedia":[{"embeddable":true,"href":"http:\/\/elterritorialweb.com.ar\/web\/wp-json\/wp\/v2\/media\/46014"}],"wp:attachment":[{"href":"http:\/\/elterritorialweb.com.ar\/web\/wp-json\/wp\/v2\/media?parent=46013"}],"wp:term":[{"taxonomy":"category","embeddable":true,"href":"http:\/\/elterritorialweb.com.ar\/web\/wp-json\/wp\/v2\/categories?post=46013"},{"taxonomy":"post_tag","embeddable":true,"href":"http:\/\/elterritorialweb.com.ar\/web\/wp-json\/wp\/v2\/tags?post=46013"}],"curies":[{"name":"wp","href":"https:\/\/api.w.org\/{rel}","templated":true}]}}