{"id":46017,"date":"2022-10-30T22:26:41","date_gmt":"2022-10-30T22:26:41","guid":{"rendered":"http:\/\/elterritorialweb.com.ar\/web\/?p=46017"},"modified":"2022-10-30T22:26:41","modified_gmt":"2022-10-30T22:26:41","slug":"la-comuna-bandena-refuerza-la-limpieza-de-desagues-pluviales-en-diferentes-puntos-de-la-ciudad","status":"publish","type":"post","link":"http:\/\/elterritorialweb.com.ar\/web\/la-comuna-bandena-refuerza-la-limpieza-de-desagues-pluviales-en-diferentes-puntos-de-la-ciudad\/","title":{"rendered":"LA COMUNA BANDE\u00d1A REFUERZA LA LIMPIEZA DE DESAG\u00dcES PLUVIALES EN DIFERENTES PUNTOS DE LA CIUDAD"},"content":{"rendered":"\n<p>Con este fin, se ha desplegado un trabajo con obreros y maquinarias para retirar los restos de malezas y tambi\u00e9n residuos que hab\u00edan sido arrojados en los alrededores del desag\u00fce pluvial.<br>El despliegue de las cuadrillas ha concretado la limpieza de c\u00e1maras, desag\u00fces y bombas de desagote en diferentes sectores de la ciudad para eliminar los focos infecciosos y evitar la propagaci\u00f3n de mosquitos.<br>Durante la semana se trabaj\u00f3 en Julio Argentino Jerez y Salta y en las cuatro bocas de tormentas situadas en la intersecci\u00f3n de Marmol e Irigoyen.<br>El titular del \u00e1rea, Cristian Alzamora, reitera el pedido a los vecinos de mantener limpios los desag\u00fces como as\u00ed tambi\u00e9n los cordones cunetas ya que estas tareas facilitan el escurrimiento del agua.<br>Asimismo, se solicita a la comunidad no arrojar restos de poda en la v\u00eda p\u00fablica, ya que dichas acciones deben ser notificadas antes de ser realizadas en el Obrador San Carlos sito en calle San Carlos entre Uriarte y Coronel Borges de lunes a viernes de 8 a 12.<\/p>\n","protected":false},"excerpt":{"rendered":"<p>Personal de la Secretar\u00eda de Obras P\u00fablicas, Planificaci\u00f3n y Desarrollo Urbano de la Municipalidad de La Banda realiza limpieza de desag\u00fces pluviales para evitar el anegamiento de calles y as\u00ed complementar el intensivo trabajo realizado para mantener la limpieza y la higiene en toda la ciudad.<\/p>\n","protected":false},"author":2,"featured_media":46018,"comment_status":"open","ping_status":"open","sticky":false,"template":"","format":"standard","meta":{"om_disable_all_campaigns":false,"_monsterinsights_skip_tracking":false,"_monsterinsights_sitenote_active":false,"_monsterinsights_sitenote_note":"","_monsterinsights_sitenote_category":0,"_uf_show_specific_survey":0,"_uf_disable_surveys":false,"jetpack_post_was_ever_published":false,"_jetpack_newsletter_access":"","_jetpack_dont_email_post_to_subs":false,"_jetpack_newsletter_tier_id":0,"_jetpack_memberships_contains_paywalled_content":false,"_jetpack_memberships_contains_paid_content":false,"footnotes":"","jetpack_publicize_message":"","jetpack_publicize_feature_enabled":true,"jetpack_social_post_already_shared":false,"jetpack_social_options":{"image_generator_settings":{"template":"highway","default_image_id":0,"font":"","enabled":false},"version":2}},"categories":[21],"tags":[],"class_list":["post-46017","post","type-post","status-publish","format-standard","has-post-thumbnail","hentry","category-locales"],"aioseo_notices":[],"views":11,"jetpack_publicize_connections":[],"jetpack_featured_media_url":"https:\/\/i0.wp.com\/elterritorialweb.com.ar\/web\/wp-content\/uploads\/2022\/10\/WhatsApp-Image-2022-10-30-at-13.26.19.jpeg?fit=1075%2C809","jetpack_sharing_enabled":true,"_links":{"self":[{"href":"http:\/\/elterritorialweb.com.ar\/web\/wp-json\/wp\/v2\/posts\/46017","targetHints":{"allow":["GET"]}}],"collection":[{"href":"http:\/\/elterritorialweb.com.ar\/web\/wp-json\/wp\/v2\/posts"}],"about":[{"href":"http:\/\/elterritorialweb.com.ar\/web\/wp-json\/wp\/v2\/types\/post"}],"author":[{"embeddable":true,"href":"http:\/\/elterritorialweb.com.ar\/web\/wp-json\/wp\/v2\/users\/2"}],"replies":[{"embeddable":true,"href":"http:\/\/elterritorialweb.com.ar\/web\/wp-json\/wp\/v2\/comments?post=46017"}],"version-history":[{"count":1,"href":"http:\/\/elterritorialweb.com.ar\/web\/wp-json\/wp\/v2\/posts\/46017\/revisions"}],"predecessor-version":[{"id":46019,"href":"http:\/\/elterritorialweb.com.ar\/web\/wp-json\/wp\/v2\/posts\/46017\/revisions\/46019"}],"wp:featuredmedia":[{"embeddable":true,"href":"http:\/\/elterritorialweb.com.ar\/web\/wp-json\/wp\/v2\/media\/46018"}],"wp:attachment":[{"href":"http:\/\/elterritorialweb.com.ar\/web\/wp-json\/wp\/v2\/media?parent=46017"}],"wp:term":[{"taxonomy":"category","embeddable":true,"href":"http:\/\/elterritorialweb.com.ar\/web\/wp-json\/wp\/v2\/categories?post=46017"},{"taxonomy":"post_tag","embeddable":true,"href":"http:\/\/elterritorialweb.com.ar\/web\/wp-json\/wp\/v2\/tags?post=46017"}],"curies":[{"name":"wp","href":"https:\/\/api.w.org\/{rel}","templated":true}]}}