{"id":46020,"date":"2022-10-30T22:31:00","date_gmt":"2022-10-30T22:31:00","guid":{"rendered":"http:\/\/elterritorialweb.com.ar\/web\/?p=46020"},"modified":"2022-10-30T22:31:01","modified_gmt":"2022-10-30T22:31:01","slug":"lito-garay-presento-una-muestra-despues-de-25-anos","status":"publish","type":"post","link":"http:\/\/elterritorialweb.com.ar\/web\/lito-garay-presento-una-muestra-despues-de-25-anos\/","title":{"rendered":"\u00abLITO\u00bb GARAY PRESENT\u00d3 UNA MUESTRA DESPU\u00c9S DE 25 A\u00d1OS"},"content":{"rendered":"\n<p>En la oportunidad, Garay retom\u00f3 luego de muchos a\u00f1os las series \u201cBestiario de la modernidad l\u00edquida\u201d, \u201cTodos los p\u00e1jaros son de los ni\u00f1os\u201d, \u201cTrat\u00e1ndonos de encontrar entre la confusi\u00f3n\u201d y una peque\u00f1a retrospectiva de obras de diferentes etapas.<br>\u00abLito\u00bb Garay es Licenciado en Artes, egresado de la Facultad de Artes de la Universidad Nacional de Tucum\u00e1n y fundador del Atelier Cultural, hist\u00f3rico espacio cultural bande\u00f1o con 43 a\u00f1os de vida institucional.<\/p>\n\n\n\n<figure class=\"wp-block-image size-large\"><a href=\"https:\/\/i0.wp.com\/elterritorialweb.com.ar\/web\/wp-content\/uploads\/2022\/10\/WhatsApp-Image-2022-10-30-at-13.26.20-1.jpeg\"><img data-recalc-dims=\"1\" decoding=\"async\" width=\"640\" height=\"241\" data-src=\"https:\/\/i0.wp.com\/elterritorialweb.com.ar\/web\/wp-content\/uploads\/2022\/10\/WhatsApp-Image-2022-10-30-at-13.26.20-1.jpeg?resize=640%2C241\" alt=\"\" class=\"wp-image-46021 lazyload\" data-srcset=\"https:\/\/i0.wp.com\/elterritorialweb.com.ar\/web\/wp-content\/uploads\/2022\/10\/WhatsApp-Image-2022-10-30-at-13.26.20-1.jpeg?resize=1024%2C386 1024w, https:\/\/i0.wp.com\/elterritorialweb.com.ar\/web\/wp-content\/uploads\/2022\/10\/WhatsApp-Image-2022-10-30-at-13.26.20-1.jpeg?resize=300%2C113 300w, https:\/\/i0.wp.com\/elterritorialweb.com.ar\/web\/wp-content\/uploads\/2022\/10\/WhatsApp-Image-2022-10-30-at-13.26.20-1.jpeg?resize=768%2C289 768w, https:\/\/i0.wp.com\/elterritorialweb.com.ar\/web\/wp-content\/uploads\/2022\/10\/WhatsApp-Image-2022-10-30-at-13.26.20-1.jpeg?w=1280 1280w\" data-sizes=\"(max-width: 640px) 100vw, 640px\" src=\"data:image\/svg+xml;base64,PHN2ZyB3aWR0aD0iMSIgaGVpZ2h0PSIxIiB4bWxucz0iaHR0cDovL3d3dy53My5vcmcvMjAwMC9zdmciPjwvc3ZnPg==\" style=\"--smush-placeholder-width: 640px; --smush-placeholder-aspect-ratio: 640\/241;\" \/><\/a><\/figure>\n\n\n\n<p>El responsable de la muestra explic\u00f3 lo siguiente: \u00abLuego de aproximadamente 25 a\u00f1os retorn\u00f3 a las artes pl\u00e1sticas, hace mucho tiempo que la hab\u00eda dejado olvidada por dedicarme m\u00e1s bien al teatro y a la gesti\u00f3n cultural a trav\u00e9s del Atelier Cultural.<br>Hoy retornamos con una muestra donde van haber cerca de 30 obras, muchas de ellas pintadas durante la pandemia, son dibujos, pinturas, t\u00e9cnicas mixtas y poemas visuales, y vamos a adornar esta muestra tambi\u00e9n con danza contempor\u00e1nea a cargo del grupo de danzas \u00abTrigue\u00f1as\u00bb, y el final ser\u00e1 con la actuaci\u00f3n especial del conjunto folcl\u00f3rico \u00abProyecci\u00f3n Huauque\u00bb.<\/p>\n","protected":false},"excerpt":{"rendered":"<p>Con el acompa\u00f1amiento del municipio local el artista pl\u00e1stico \u00c1ngel Emilio \u201cLito\u201d Garay realiz\u00f3 una muestra pl\u00e1stica &#8211; visual en el Atelier Cultural de la Ciudad de La Banda.<\/p>\n","protected":false},"author":2,"featured_media":46022,"comment_status":"open","ping_status":"open","sticky":false,"template":"","format":"standard","meta":{"om_disable_all_campaigns":false,"_monsterinsights_skip_tracking":false,"_monsterinsights_sitenote_active":false,"_monsterinsights_sitenote_note":"","_monsterinsights_sitenote_category":0,"_uf_show_specific_survey":0,"_uf_disable_surveys":false,"jetpack_post_was_ever_published":false,"_jetpack_newsletter_access":"","_jetpack_dont_email_post_to_subs":false,"_jetpack_newsletter_tier_id":0,"_jetpack_memberships_contains_paywalled_content":false,"_jetpack_memberships_contains_paid_content":false,"footnotes":"","jetpack_publicize_message":"","jetpack_publicize_feature_enabled":true,"jetpack_social_post_already_shared":false,"jetpack_social_options":{"image_generator_settings":{"template":"highway","default_image_id":0,"font":"","enabled":false},"version":2}},"categories":[21],"tags":[],"class_list":["post-46020","post","type-post","status-publish","format-standard","has-post-thumbnail","hentry","category-locales"],"aioseo_notices":[],"views":9,"jetpack_publicize_connections":[],"jetpack_featured_media_url":"https:\/\/i0.wp.com\/elterritorialweb.com.ar\/web\/wp-content\/uploads\/2022\/10\/WhatsApp-Image-2022-10-30-at-13.26.20.jpeg?fit=1238%2C900","jetpack_sharing_enabled":true,"_links":{"self":[{"href":"http:\/\/elterritorialweb.com.ar\/web\/wp-json\/wp\/v2\/posts\/46020","targetHints":{"allow":["GET"]}}],"collection":[{"href":"http:\/\/elterritorialweb.com.ar\/web\/wp-json\/wp\/v2\/posts"}],"about":[{"href":"http:\/\/elterritorialweb.com.ar\/web\/wp-json\/wp\/v2\/types\/post"}],"author":[{"embeddable":true,"href":"http:\/\/elterritorialweb.com.ar\/web\/wp-json\/wp\/v2\/users\/2"}],"replies":[{"embeddable":true,"href":"http:\/\/elterritorialweb.com.ar\/web\/wp-json\/wp\/v2\/comments?post=46020"}],"version-history":[{"count":1,"href":"http:\/\/elterritorialweb.com.ar\/web\/wp-json\/wp\/v2\/posts\/46020\/revisions"}],"predecessor-version":[{"id":46023,"href":"http:\/\/elterritorialweb.com.ar\/web\/wp-json\/wp\/v2\/posts\/46020\/revisions\/46023"}],"wp:featuredmedia":[{"embeddable":true,"href":"http:\/\/elterritorialweb.com.ar\/web\/wp-json\/wp\/v2\/media\/46022"}],"wp:attachment":[{"href":"http:\/\/elterritorialweb.com.ar\/web\/wp-json\/wp\/v2\/media?parent=46020"}],"wp:term":[{"taxonomy":"category","embeddable":true,"href":"http:\/\/elterritorialweb.com.ar\/web\/wp-json\/wp\/v2\/categories?post=46020"},{"taxonomy":"post_tag","embeddable":true,"href":"http:\/\/elterritorialweb.com.ar\/web\/wp-json\/wp\/v2\/tags?post=46020"}],"curies":[{"name":"wp","href":"https:\/\/api.w.org\/{rel}","templated":true}]}}