{"id":46405,"date":"2022-11-18T21:13:35","date_gmt":"2022-11-18T21:13:35","guid":{"rendered":"http:\/\/elterritorialweb.com.ar\/web\/?p=46405"},"modified":"2022-11-18T21:13:36","modified_gmt":"2022-11-18T21:13:36","slug":"presentaron-el-programa-mis-primeros-1-700-dias-en-rodeo-y-se-anuncio-la-segunda-etapa","status":"publish","type":"post","link":"http:\/\/elterritorialweb.com.ar\/web\/presentaron-el-programa-mis-primeros-1-700-dias-en-rodeo-y-se-anuncio-la-segunda-etapa\/","title":{"rendered":"PRESENTARON EL PROGRAMA \u201cMIS PRIMEROS 1.700 D\u00cdAS\u201d EN RODEO Y SE ANUNCI\u00d3 LA SEGUNDA ETAPA"},"content":{"rendered":"\n<p>El acto de presentaci\u00f3n se desarroll\u00f3 en la Escuela N\u00b0 450 \u201cEstrella del Bicentenario\u201d, encabezado por el titular del programa, Benjam\u00edn Coria, quien fue recibido por la directora de la instituci\u00f3n, Mar\u00eda Rosa Vera.<br>Tambi\u00e9n estuvieron el ex intendente de Fr\u00edas, An\u00edbal Padula; los presidentes de las asociaciones de fomento comunal Uni\u00f3n y Progreso de Villa la Punta, Eduardo G\u00f3mez, y de Rodeo, Alfonso Carrizo. Adem\u00e1s de la agente sanitaria local, Sonia Vitalevi y la rectora de Escuela Carmen Catren de Fr\u00edas, Mariela Herrera.<br>Las familias beneficiarias son residentes de Rodeo, Sol de Mayo, Villa la Punta, Maquijata, San Justo, La Represa, Ancaj\u00e1n, Sinchi Ca\u00f1a, Alto Bello y Las Pe\u00f1as.<br>Cabe destacar que en la segunda etapa del programa \u201cMis Primeros 1.700 d\u00edas\u201d se ampliar\u00e1n los beneficios para el grupo familiar con seis paquetes al mes de alimentos fortificados con micronutrientes para preparar en almuerzo o cena elaborados sobre la base de cereales, pastas, carnes y hortalizas que posibilitan una gran diversidad de platos con una m\u00ednima infraestructura y gasto en combustible ya que s\u00f3lo requieren agua y una olla.<\/p>\n\n\n\n<figure class=\"wp-block-image size-large\"><a href=\"https:\/\/i0.wp.com\/elterritorialweb.com.ar\/web\/wp-content\/uploads\/2022\/11\/WhatsApp-Image-2022-11-18-at-15.24.14.jpeg\"><img data-recalc-dims=\"1\" decoding=\"async\" width=\"640\" height=\"426\" data-src=\"https:\/\/i0.wp.com\/elterritorialweb.com.ar\/web\/wp-content\/uploads\/2022\/11\/WhatsApp-Image-2022-11-18-at-15.24.14.jpeg?resize=640%2C426\" alt=\"\" class=\"wp-image-46407 lazyload\" data-srcset=\"https:\/\/i0.wp.com\/elterritorialweb.com.ar\/web\/wp-content\/uploads\/2022\/11\/WhatsApp-Image-2022-11-18-at-15.24.14.jpeg?resize=1024%2C682 1024w, https:\/\/i0.wp.com\/elterritorialweb.com.ar\/web\/wp-content\/uploads\/2022\/11\/WhatsApp-Image-2022-11-18-at-15.24.14.jpeg?resize=300%2C200 300w, https:\/\/i0.wp.com\/elterritorialweb.com.ar\/web\/wp-content\/uploads\/2022\/11\/WhatsApp-Image-2022-11-18-at-15.24.14.jpeg?resize=768%2C512 768w, https:\/\/i0.wp.com\/elterritorialweb.com.ar\/web\/wp-content\/uploads\/2022\/11\/WhatsApp-Image-2022-11-18-at-15.24.14.jpeg?w=1280 1280w\" data-sizes=\"(max-width: 640px) 100vw, 640px\" src=\"data:image\/svg+xml;base64,PHN2ZyB3aWR0aD0iMSIgaGVpZ2h0PSIxIiB4bWxucz0iaHR0cDovL3d3dy53My5vcmcvMjAwMC9zdmciPjwvc3ZnPg==\" style=\"--smush-placeholder-width: 640px; --smush-placeholder-aspect-ratio: 640\/426;\" \/><\/a><\/figure>\n\n\n\n<p>Durante la capacitaci\u00f3n del programa por parte del equipo de nutricionistas y trabajadoras sociales ense\u00f1aron a las familias a preparar correctamente los alimentos as\u00ed como tambi\u00e9n resaltaron la importancia del consumo de los mismos por los beneficios que aportan durante el desarrollo infantil.<br>Al tomar la palabra, el Dr. Benjam\u00edn Coria trasmiti\u00f3 el saludo del gobernador Gerardo Zamora y explic\u00f3: \u201cEl programa va a seguir creciendo, incorporando familias porque se va a ampliar a todos los integrantes. Hoy se agrega un nuevo plan de nutrici\u00f3n con todas los minerales, prote\u00ednas, nutrientes, amino\u00e1cidos y hierro que todos necesitamos abarcando siete tipos de comidas durante la semana\u201d.<\/p>\n","protected":false},"excerpt":{"rendered":"<p>En la localidad del Rodeo, departamento Choya, se realiz\u00f3 este viernes el lanzamiento del programa provincial \u201cMis Primeros 1700 D\u00edas\u201d, donde tambi\u00e9n se anunci\u00f3 la puesta en marcha de la segunda etapa de este plan que lleva importantes beneficios nutricionales a ni\u00f1os a partir de los 4 a\u00f1os, padres y abuelos.<\/p>\n","protected":false},"author":2,"featured_media":46406,"comment_status":"open","ping_status":"open","sticky":false,"template":"","format":"standard","meta":{"om_disable_all_campaigns":false,"_monsterinsights_skip_tracking":false,"_monsterinsights_sitenote_active":false,"_monsterinsights_sitenote_note":"","_monsterinsights_sitenote_category":0,"_uf_show_specific_survey":0,"_uf_disable_surveys":false,"jetpack_post_was_ever_published":false,"_jetpack_newsletter_access":"","_jetpack_dont_email_post_to_subs":false,"_jetpack_newsletter_tier_id":0,"_jetpack_memberships_contains_paywalled_content":false,"_jetpack_memberships_contains_paid_content":false,"footnotes":"","jetpack_publicize_message":"","jetpack_publicize_feature_enabled":true,"jetpack_social_post_already_shared":false,"jetpack_social_options":{"image_generator_settings":{"template":"highway","default_image_id":0,"font":"","enabled":false},"version":2}},"categories":[3],"tags":[],"class_list":["post-46405","post","type-post","status-publish","format-standard","has-post-thumbnail","hentry","category-salud"],"aioseo_notices":[],"views":10,"jetpack_publicize_connections":[],"jetpack_featured_media_url":"https:\/\/i0.wp.com\/elterritorialweb.com.ar\/web\/wp-content\/uploads\/2022\/11\/WhatsApp-Image-2022-11-18-at-15.24.13.jpeg?fit=1280%2C853","jetpack_sharing_enabled":true,"_links":{"self":[{"href":"http:\/\/elterritorialweb.com.ar\/web\/wp-json\/wp\/v2\/posts\/46405","targetHints":{"allow":["GET"]}}],"collection":[{"href":"http:\/\/elterritorialweb.com.ar\/web\/wp-json\/wp\/v2\/posts"}],"about":[{"href":"http:\/\/elterritorialweb.com.ar\/web\/wp-json\/wp\/v2\/types\/post"}],"author":[{"embeddable":true,"href":"http:\/\/elterritorialweb.com.ar\/web\/wp-json\/wp\/v2\/users\/2"}],"replies":[{"embeddable":true,"href":"http:\/\/elterritorialweb.com.ar\/web\/wp-json\/wp\/v2\/comments?post=46405"}],"version-history":[{"count":1,"href":"http:\/\/elterritorialweb.com.ar\/web\/wp-json\/wp\/v2\/posts\/46405\/revisions"}],"predecessor-version":[{"id":46408,"href":"http:\/\/elterritorialweb.com.ar\/web\/wp-json\/wp\/v2\/posts\/46405\/revisions\/46408"}],"wp:featuredmedia":[{"embeddable":true,"href":"http:\/\/elterritorialweb.com.ar\/web\/wp-json\/wp\/v2\/media\/46406"}],"wp:attachment":[{"href":"http:\/\/elterritorialweb.com.ar\/web\/wp-json\/wp\/v2\/media?parent=46405"}],"wp:term":[{"taxonomy":"category","embeddable":true,"href":"http:\/\/elterritorialweb.com.ar\/web\/wp-json\/wp\/v2\/categories?post=46405"},{"taxonomy":"post_tag","embeddable":true,"href":"http:\/\/elterritorialweb.com.ar\/web\/wp-json\/wp\/v2\/tags?post=46405"}],"curies":[{"name":"wp","href":"https:\/\/api.w.org\/{rel}","templated":true}]}}